{"id":8265,"date":"2015-01-14T20:17:14","date_gmt":"2015-01-14T23:17:14","guid":{"rendered":"http:\/\/obispadodezaratecampana.org\/?p=8265"},"modified":"2015-01-14T20:54:00","modified_gmt":"2015-01-14T23:54:00","slug":"francisco-canoniza-al-apostol-de-sri-lanka","status":"publish","type":"post","link":"https:\/\/obispadodezaratecampana.org\/?p=8265","title":{"rendered":"Francisco canoniza al &#8220;ap\u00f3stol&#8221; de Sri Lanka"},"content":{"rendered":"<p>La Iglesia en Sri Lanka \u00absirve con agrado y generosidad a todos los miembros de la sociedad\u00bb, sin hacer diferencias en cuanto a \u00abraza, credo, tribu, condici\u00f3n social o religi\u00f3n, en el servicio que ofrece a trav\u00e9s de sus escuelas, hospitales, cl\u00ednicas, y muchas otras obras de caridad\u00bb. No pretende nada m\u00e1s que \u00ablibertad para llevar a cabo su misi\u00f3n\u00bb, para contribuir \u00abcada vez m\u00e1s a la paz, la justicia y la reconciliaci\u00f3n en la sociedad de Sri Lanka\u00bb.<\/p>\n<p>Durante el segundo d\u00eda de su viaje a Sri Lanka &#8211; 13\/1\/15-, Papa Francisco subray\u00f3 que el aporte para la reconciliaci\u00f3n y la cura de las heridas de la sociedad representan para los cat\u00f3licos cingaleses \u00ablo que el Se\u00f1or quiere de ustedes\u00bb en el presente. Lo dio celebrando la liturgia de la canonizaci\u00f3n de San Jos\u00e9 Vaz, el sacerdote del Oratorio conocido como el \u00abAp\u00f3stol de Sri Lanka\u00bb, frente a una multitud de fieles (medio mill\u00f3n de personas, seg\u00fan la polic\u00eda local) reunida en el enorme espacio al aire libre del Galle Face Green, en parque urbano de la ciudad de Colombo que se encuentra al lado del Oc\u00e9ano \u00cdndico.<\/p>\n<p>En la homil\u00eda, el obispo de Roma record\u00f3 la figura del nuevo santo y la exalt\u00f3 como modelo de una misionariedad no agresiva, capaz de custodiar y de hacer florecer incluso en circunstancias hostiles la fe. En la segunda mitad del siglo XVII, el sacerdote oriundo de Goa, entr\u00f3 vestido de siervo a Ceil\u00e1n para llevar consuelo a la comunidad cat\u00f3lica que se hab\u00eda desperdigado tras la persecuci\u00f3n de los calvinistas holandeses. Aquel ap\u00f3stol discreto, paciente en el sufrimiento y apoyado \u00fanicamente en la fuerza del Evangelio (que tradujo tanto al tamil como al cingal\u00e9s), favoreci\u00f3 el florecimiento de la Iglesis y se gan\u00f3 la simpat\u00eda del rey budista de Kandy por su servicio a los enfermos durante una epidemia de viruela. San Jos\u00e9 Vaz, dijo el Papa, fue \u00abun sacerdote ejemplar, un ejemplo de sufrimiento paciente a causa del Evangelio, de obediencia a los superiores, de solicitud amorosa para la Iglesia de Dios (cf. Hch 20,28). Como nosotros, vivi\u00f3 en un per\u00edodo de transformaci\u00f3n r\u00e1pida y profunda; los cat\u00f3licos eran una minor\u00eda, y a menudo divididos entre s\u00ed; externamente sufr\u00edan hostilidad ocasional, incluso persecuci\u00f3n\u00bb.<\/p>\n<p>Su historia, a\u00f1adi\u00f3 el Sucesor de Pedro con claras alusiones al presente, \u00abnos muestra la importancia de ir m\u00e1s all\u00e1 de las divisiones religiosas en el servicio de la paz. Su amor indiviso a Dios lo abri\u00f3 al amor del pr\u00f3jimo; sirvi\u00f3 a los necesitados, quienquiera que fueran y dondequiera que estuvieran. Su ejemplo sigue siendo hoy una fuente de inspiraci\u00f3n para la Iglesia en Sri Lanka, que sirve con agrado y generosidad a todos los miembros de la sociedad\u00bb. En el contexto multireligioso que caracteriza a la sociedad de Sri Lanka, el Papa repiti\u00f3 que \u00abLa libertad religiosa es un derecho humano fundamental\u00bb y que \u00abtoda persona debe ser libre, individualmente o en uni\u00f3n con otros, para buscar la verdad, y para expresar abiertamente sus convicciones religiosas, libre de intimidaciones y coacciones externas. Como la vida de san Jos\u00e9 Vaz nos ense\u00f1a -insisti\u00f3 Francisco-, el verdadero culto a Dios no lleva a la discriminaci\u00f3n, al odio y la violencia, sino al respeto de la sacralidad de la vida, al respeto de la dignidad y la libertad de los dem\u00e1s, y al compromiso amoroso por todos\u00bb.<\/p>\n<p>Al final de la misa, el cardenal Malcom Ranijth don\u00f3 al Papa (para su caridad) 70 mil d\u00f3lares reunidos por los fieles.<\/p>\n<p>Fuente: Vatican Insider<\/p>\n<!-- AddThis Advanced Settings generic via filter on the_content --><!-- AddThis Share Buttons generic via filter on the_content -->","protected":false},"excerpt":{"rendered":"<p>La Iglesia en Sri Lanka \u00absirve con agrado y generosidad a todos los miembros de la sociedad\u00bb, sin hacer diferencias en cuanto a \u00abraza, credo, [&hellip;]<!-- AddThis Advanced Settings generic via filter on get_the_excerpt --><!-- AddThis Share Buttons generic via filter on get_the_excerpt --><\/p>\n","protected":false},"author":2,"featured_media":8266,"comment_status":"open","ping_status":"open","sticky":false,"template":"","format":"standard","meta":{"footnotes":""},"categories":[161],"tags":[],"class_list":["post-8265","post","type-post","status-publish","format-standard","has-post-thumbnail","hentry","category-el-papa-leonxiv"],"_links":{"self":[{"href":"https:\/\/obispadodezaratecampana.org\/index.php?rest_route=\/wp\/v2\/posts\/8265","targetHints":{"allow":["GET"]}}],"collection":[{"href":"https:\/\/obispadodezaratecampana.org\/index.php?rest_route=\/wp\/v2\/posts"}],"about":[{"href":"https:\/\/obispadodezaratecampana.org\/index.php?rest_route=\/wp\/v2\/types\/post"}],"author":[{"embeddable":true,"href":"https:\/\/obispadodezaratecampana.org\/index.php?rest_route=\/wp\/v2\/users\/2"}],"replies":[{"embeddable":true,"href":"https:\/\/obispadodezaratecampana.org\/index.php?rest_route=%2Fwp%2Fv2%2Fcomments&post=8265"}],"version-history":[{"count":4,"href":"https:\/\/obispadodezaratecampana.org\/index.php?rest_route=\/wp\/v2\/posts\/8265\/revisions"}],"predecessor-version":[{"id":8274,"href":"https:\/\/obispadodezaratecampana.org\/index.php?rest_route=\/wp\/v2\/posts\/8265\/revisions\/8274"}],"wp:featuredmedia":[{"embeddable":true,"href":"https:\/\/obispadodezaratecampana.org\/index.php?rest_route=\/wp\/v2\/media\/8266"}],"wp:attachment":[{"href":"https:\/\/obispadodezaratecampana.org\/index.php?rest_route=%2Fwp%2Fv2%2Fmedia&parent=8265"}],"wp:term":[{"taxonomy":"category","embeddable":true,"href":"https:\/\/obispadodezaratecampana.org\/index.php?rest_route=%2Fwp%2Fv2%2Fcategories&post=8265"},{"taxonomy":"post_tag","embeddable":true,"href":"https:\/\/obispadodezaratecampana.org\/index.php?rest_route=%2Fwp%2Fv2%2Ftags&post=8265"}],"curies":[{"name":"wp","href":"https:\/\/api.w.org\/{rel}","templated":true}]}}