{"id":8261,"date":"2015-01-09T16:28:23","date_gmt":"2015-01-09T19:28:23","guid":{"rendered":"http:\/\/obispadodezaratecampana.org\/?p=8261"},"modified":"2015-01-09T16:28:23","modified_gmt":"2015-01-09T19:28:23","slug":"francisco-como-se-endurece-un-corazon","status":"publish","type":"post","link":"https:\/\/obispadodezaratecampana.org\/?p=8261","title":{"rendered":"Francisco: \u00bfComo se endurece un coraz\u00f3n?"},"content":{"rendered":"<p>Un coraz\u00f3n endurecido no logra comprender ni siquiera los m\u00e1s grandes milagros. Pero, \u00ab\u00bfc\u00f3mo se endurece un coraz\u00f3n?\u00bb. Se lo pregunt\u00f3 el Papa Francisco durante la mesa celebrada el viernes 9 de enero en Santa Marta.<\/p>\n<p>Los disc\u00edpulos, se lee en el pasaje lit\u00fargico del Evangelio de san Marcos (6, 45-52), \u00abno hab\u00edan comprendido lo de los panes, porque ten\u00edan su coraz\u00f3n endurecido\u00bb. Eso que, explic\u00f3 el Papa Francisco, \u00aberan los ap\u00f3stoles, los m\u00e1s \u00edntimos de Jes\u00fas. Pero no entend\u00edan\u00bb. E incluso habiendo asistido al milagro, incluso habiendo \u00abvisto que esa gente \u2014m\u00e1s de cinco mil\u2014 hab\u00eda comido con cinco panes\u00bb no comprendieron. \u00ab\u00bfPor qu\u00e9? Porque su coraz\u00f3n estaba endurecido\u00bb.<\/p>\n<p>Muchas veces Jes\u00fas \u00abhabla en el Evangelio de la dureza del coraz\u00f3n\u00bb, reprende al \u00abpueblo de dura cerviz\u00bb, llora sobre Jerusal\u00e9n \u00abque no comprendi\u00f3 qui\u00e9n era \u00c9l\u00bb. El Se\u00f1or se confronta con esta dureza: \u00abtiene un gran trabajo Jes\u00fas \u2014destac\u00f3 el Papa\u2014 para hacer m\u00e1s d\u00f3cil este coraz\u00f3n, para formarlo sin durezas, para hacerlo afable\u00bb. Un \u00abtrabajo\u00bb que contin\u00faa despu\u00e9s de la resurrecci\u00f3n con los disc\u00edpulos de Ema\u00fas y muchos otros.<\/p>\n<p>\u00abPero \u2014se pregunt\u00f3 el Pont\u00edfice\u2014, \u00bfc\u00f3mo se endurece un coraz\u00f3n? \u00bfC\u00f3mo es posible que esta gente, que estaba siempre con Jes\u00fas, todos los d\u00edas, que lo escuchaba, lo ve\u00eda&#8230; ten\u00eda un coraz\u00f3n endurecido. \u00bfC\u00f3mo puede un coraz\u00f3n llegar a ser as\u00ed?\u00bb. Y relat\u00f3: \u00abAyer le pregunt\u00e9 a mi secretario: Dime, \u00bfc\u00f3mo se endurece un coraz\u00f3n? \u00c9l me ayud\u00f3 a pensar un poco en esto\u00bb. De aqu\u00ed la indicaci\u00f3n de una serie de circunstancias con las que cada uno puede confrontar la propia experiencia personal.<\/p>\n<p>Ante todo, dijo el Papa Francisco, el coraz\u00f3n \u00abse endurece por experiencias dolorosas, por experiencias duras\u00bb. Es la situaci\u00f3n de quienes \u00abvivieron una experiencia muy dolorosa y no quieren entrar en otra aventura\u00bb. Es precisamente lo que sucedi\u00f3 a los disc\u00edpulos de Ema\u00fas tras la resurrecci\u00f3n, de quienes el Pont\u00edfice imagin\u00f3 las consideraciones: \u00ab\u201cHay demasiado, demasiado ruido, pero march\u00e9monos un poco lejos, porque&#8230;\u201d \u2014Porque, \u00bfqu\u00e9? \u2014\u201cEh, nosotros esper\u00e1bamos que este fuese el Mes\u00edas, pero no lo era, yo no quiero ilusionarme otra vez, no quiero hacerme ilusiones\u201d\u00bb.<\/p>\n<p>He aqu\u00ed el coraz\u00f3n endurecido por una \u00abexperiencia de dolor\u00bb. Lo mismo sucede a Tom\u00e1s: \u00abNo, no, yo no creo. Si no pongo el dedo all\u00ed, no creo\u00bb. El coraz\u00f3n de los disc\u00edpulos era duro \u00abporque hab\u00edan sufrido\u00bb. Y al respecto el Papa Francisco record\u00f3 un dicho popular argentino: \u00abEl que se quema con leche, ve la vaca y llora\u00bb. O sea, explic\u00f3, \u00abes la experiencia dolorosa que nos reprime abrir el coraz\u00f3n\u00bb.<\/p>\n<p>Otro motivo que endurece el coraz\u00f3n es tambi\u00e9n \u00abla cerraz\u00f3n en s\u00ed mismo: construir un mundo en s\u00ed mismo\u00bb. Sucede cuando el hombre est\u00e1 \u00abcerrado en s\u00ed mismo, en su comunidad o en su parroquia\u00bb. Se trata de una cerraz\u00f3n que \u00abpuede dar vueltas alrededor de muchas cosas\u00bb: del \u00aborgullo, la suficiencia, de pensar que yo soy mejor que los dem\u00e1s\u00bb o tambi\u00e9n \u00abde la vanidad\u00bb. Precis\u00f3 el Papa: \u00abExisten el hombre y la mujer \u201cespejo\u201d, que est\u00e1n cerrados en s\u00ed mismos por mirarse a s\u00ed mismos, continuamente\u00bb: se podr\u00edan definir \u00abnarcisistas religiosos\u00bb. Estos \u00abtienen el coraz\u00f3n duro, porque son cerrados, no son abiertos. Y buscan defenderse con estos muros que construyen a su alrededor\u00bb.<\/p>\n<p>Existe adem\u00e1s un ulterior motivo que endurece el coraz\u00f3n: la inseguridad. Es lo que experimenta quien piensa: \u00abYo no me siento seguro y busco d\u00f3nde aferrarme para estar seguro\u00bb. Esta actitud es t\u00edpica de la gente \u00abque est\u00e1 muy apegada a la letra de la ley\u00bb. Suced\u00eda, explic\u00f3 el Pont\u00edfice, \u00abcon los fariseos, los saduceos y los doctores de la ley de la \u00e9poca de Jes\u00fas\u00bb. Quienes objetaban: \u00abPero la ley dice esto, dice esto hasta aqu\u00ed&#8230;\u00bb, y as\u00ed \u00abhac\u00edan otro mandamiento\u00bb; al final, \u00abpobrecillos, se cargaban 300-400 mandamientos y se sent\u00edan seguros\u00bb.<\/p>\n<p>En realidad, hizo notar el Papa Francisco, todas estas \u00abson personas seguras, pero como est\u00e1 seguro un hombre o una mujer en la celda de una c\u00e1rcel detr\u00e1s de las rejas: es una seguridad sin libertad\u00bb. Mientras que es precisamente la libertad lo que \u00abvino a traernos Jes\u00fas\u00bb. San Pablo, por ejemplo, ri\u00f1e a Santiago y tambi\u00e9n a Pedro \u00abporque no aceptan la libertad que nos trajo Jes\u00fas\u00bb.<\/p>\n<p>He aqu\u00ed, entonces, la respuesta a la pregunta inicial: \u00ab\u00bfC\u00f3mo se endurece un coraz\u00f3n?\u00bb. El coraz\u00f3n, en efecto, \u00abcuando se endurece, no es libre y si no es libre es porque no ama\u00bb. Un concepto expresado en la primera lectura de la liturgia del d\u00eda (1 Juan 4, 11-18), donde el ap\u00f3stol habla del \u00abamor perfecto\u00bb que \u00abaleja el temor\u00bb. En efecto, \u00aben el amor no hay temor, porque el temor supone un castigo y quien teme no es perfecto en el amor. No es libre. Siempre tiene el temor que suceda algo doloroso, triste\u00bb, que nos haga \u00abir mal por la vida o arriesgar la salvaci\u00f3n eterna\u00bb. En realidad, son s\u00f3lo \u00abimaginaciones\u00bb, porque ese coraz\u00f3n sencillamente \u00abno ama\u00bb. El coraz\u00f3n de los disc\u00edpulos, explic\u00f3 el Papa, \u00abestaba endurecido porque todav\u00eda no hab\u00edan aprendido a amar\u00bb.<\/p>\n<p>Entonces nos podemos preguntar: \u00ab\u00bfQui\u00e9n nos ense\u00f1a a amar? \u00bfQui\u00e9n nos libera de esta dureza?\u00bb Puede hacerlo \u00absolamente el Esp\u00edritu Santo\u00bb, aclar\u00f3 el Papa Francisco precisando: \u00abT\u00fa puedes hacer mil cursos de catequesis, mil cursos de espiritualidad, mil cursos de yoga, zen y todas estas cosas. Pero todo esto nunca podr\u00e1 darte la libertad de hijo\u00bb. S\u00f3lo el Esp\u00edritu Santo \u00abmueve tu coraz\u00f3n para decir \u201cpadre\u201d\u00bb; s\u00f3lo \u00c9l \u00abes capaz de aplastar, de romper esta dureza del coraz\u00f3n\u00bb y hacerlo \u00abd\u00f3cil al Se\u00f1or. D\u00f3cil a la libertad del amor\u00bb. No por casualidad el coraz\u00f3n de los disc\u00edpulos permaneci\u00f3 \u00abendurecido hasta el d\u00eda de la Ascensi\u00f3n\u00bb, cuando dijeron al Se\u00f1or: \u00abAhora tendr\u00e1 lugar la revoluci\u00f3n y llega el reino\u00bb. En realidad \u00abno entend\u00edan nada\u00bb. Y \u00abs\u00f3lo cuando vino el Esp\u00edritu Santo, las cosas cambiaron\u00bb.<\/p>\n<p>Por ello, concluy\u00f3 el Pont\u00edfice, \u00abpidamos al Se\u00f1or la gracia de tener un coraz\u00f3n d\u00f3cil: que \u00c9l nos salve de la esclavitud del coraz\u00f3n endurecido\u00bb y \u00abnos lleve hacia adelante en esa hermosa libertad del amor perfecto, la libertad de los hijos de Dios, la que s\u00f3lo puede dar el Esp\u00edritu Santo\u00bb.<\/p>\n<p>Fuente: www.news.va<\/p>\n<!-- AddThis Advanced Settings generic via filter on the_content --><!-- AddThis Share Buttons generic via filter on the_content -->","protected":false},"excerpt":{"rendered":"<p>Un coraz\u00f3n endurecido no logra comprender ni siquiera los m\u00e1s grandes milagros. Pero, \u00ab\u00bfc\u00f3mo se endurece un coraz\u00f3n?\u00bb. Se lo pregunt\u00f3 el Papa Francisco durante [&hellip;]<!-- AddThis Advanced Settings generic via filter on get_the_excerpt --><!-- AddThis Share Buttons generic via filter on get_the_excerpt --><\/p>\n","protected":false},"author":2,"featured_media":8263,"comment_status":"open","ping_status":"open","sticky":false,"template":"","format":"standard","meta":{"footnotes":""},"categories":[161],"tags":[],"class_list":["post-8261","post","type-post","status-publish","format-standard","has-post-thumbnail","hentry","category-el-papa-leonxiv"],"_links":{"self":[{"href":"https:\/\/obispadodezaratecampana.org\/index.php?rest_route=\/wp\/v2\/posts\/8261","targetHints":{"allow":["GET"]}}],"collection":[{"href":"https:\/\/obispadodezaratecampana.org\/index.php?rest_route=\/wp\/v2\/posts"}],"about":[{"href":"https:\/\/obispadodezaratecampana.org\/index.php?rest_route=\/wp\/v2\/types\/post"}],"author":[{"embeddable":true,"href":"https:\/\/obispadodezaratecampana.org\/index.php?rest_route=\/wp\/v2\/users\/2"}],"replies":[{"embeddable":true,"href":"https:\/\/obispadodezaratecampana.org\/index.php?rest_route=%2Fwp%2Fv2%2Fcomments&post=8261"}],"version-history":[{"count":1,"href":"https:\/\/obispadodezaratecampana.org\/index.php?rest_route=\/wp\/v2\/posts\/8261\/revisions"}],"predecessor-version":[{"id":8264,"href":"https:\/\/obispadodezaratecampana.org\/index.php?rest_route=\/wp\/v2\/posts\/8261\/revisions\/8264"}],"wp:featuredmedia":[{"embeddable":true,"href":"https:\/\/obispadodezaratecampana.org\/index.php?rest_route=\/wp\/v2\/media\/8263"}],"wp:attachment":[{"href":"https:\/\/obispadodezaratecampana.org\/index.php?rest_route=%2Fwp%2Fv2%2Fmedia&parent=8261"}],"wp:term":[{"taxonomy":"category","embeddable":true,"href":"https:\/\/obispadodezaratecampana.org\/index.php?rest_route=%2Fwp%2Fv2%2Fcategories&post=8261"},{"taxonomy":"post_tag","embeddable":true,"href":"https:\/\/obispadodezaratecampana.org\/index.php?rest_route=%2Fwp%2Fv2%2Ftags&post=8261"}],"curies":[{"name":"wp","href":"https:\/\/api.w.org\/{rel}","templated":true}]}}