{"id":8258,"date":"2015-01-09T16:13:19","date_gmt":"2015-01-09T19:13:19","guid":{"rendered":"http:\/\/obispadodezaratecampana.org\/?p=8258"},"modified":"2015-01-09T16:13:19","modified_gmt":"2015-01-09T19:13:19","slug":"pesebre-viviente-con-cabezudos-en-zarate","status":"publish","type":"post","link":"https:\/\/obispadodezaratecampana.org\/?p=8258","title":{"rendered":"Pesebre viviente con Cabezudos en Z\u00e1rate"},"content":{"rendered":"<p>Queridos amigos, les compartimos esta invitaci\u00f3n que nos lleg\u00f3 desde Z\u00e1rate para el pr\u00f3ximo domingo 11 de enero:<\/p>\n<p>::: PESEBRE VIVIENTE CON CABEZUDOS :::<\/p>\n<p>Te invitamos a participar de este evento el d\u00eda domingo 11 de Enero a las 19 hs en la Parroquia San Jose Obrero -calle Ituzaing\u00f3 2400- , plaza San Jacinto de Z\u00e1rate.<br \/>\nAdem\u00e1s del pesebre viviente habr\u00e1: Baile folcl\u00f3rico &#8211; Baile de danzas \u00e1rabes- Batucada- J\u00f3venes de la Comunidad del Cen\u00e1culo- Buffet- Tortiferia.<\/p>\n<p>Los esperamos a todos para que nos acompa\u00f1en y pasemos una tarde alegre, divertida y en familia. \u00a1No te lo podes perder!<\/p>\n<p>En caso de lluvia se realizar\u00e1 dentro del templo de la pquia. San Jos\u00e9 Obrero.<\/p>\n<!-- AddThis Advanced Settings generic via filter on the_content --><!-- AddThis Share Buttons generic via filter on the_content -->","protected":false},"excerpt":{"rendered":"<p>Queridos amigos, les compartimos esta invitaci\u00f3n que nos lleg\u00f3 desde Z\u00e1rate para el pr\u00f3ximo domingo 11 de enero: ::: PESEBRE VIVIENTE CON CABEZUDOS ::: Te [&hellip;]<!-- AddThis Advanced Settings generic via filter on get_the_excerpt --><!-- AddThis Share Buttons generic via filter on get_the_excerpt --><\/p>\n","protected":false},"author":2,"featured_media":8259,"comment_status":"open","ping_status":"open","sticky":false,"template":"","format":"standard","meta":{"footnotes":""},"categories":[3],"tags":[],"class_list":["post-8258","post","type-post","status-publish","format-standard","has-post-thumbnail","hentry","category-noticiasparroquiales"],"_links":{"self":[{"href":"https:\/\/obispadodezaratecampana.org\/index.php?rest_route=\/wp\/v2\/posts\/8258","targetHints":{"allow":["GET"]}}],"collection":[{"href":"https:\/\/obispadodezaratecampana.org\/index.php?rest_route=\/wp\/v2\/posts"}],"about":[{"href":"https:\/\/obispadodezaratecampana.org\/index.php?rest_route=\/wp\/v2\/types\/post"}],"author":[{"embeddable":true,"href":"https:\/\/obispadodezaratecampana.org\/index.php?rest_route=\/wp\/v2\/users\/2"}],"replies":[{"embeddable":true,"href":"https:\/\/obispadodezaratecampana.org\/index.php?rest_route=%2Fwp%2Fv2%2Fcomments&post=8258"}],"version-history":[{"count":1,"href":"https:\/\/obispadodezaratecampana.org\/index.php?rest_route=\/wp\/v2\/posts\/8258\/revisions"}],"predecessor-version":[{"id":8260,"href":"https:\/\/obispadodezaratecampana.org\/index.php?rest_route=\/wp\/v2\/posts\/8258\/revisions\/8260"}],"wp:featuredmedia":[{"embeddable":true,"href":"https:\/\/obispadodezaratecampana.org\/index.php?rest_route=\/wp\/v2\/media\/8259"}],"wp:attachment":[{"href":"https:\/\/obispadodezaratecampana.org\/index.php?rest_route=%2Fwp%2Fv2%2Fmedia&parent=8258"}],"wp:term":[{"taxonomy":"category","embeddable":true,"href":"https:\/\/obispadodezaratecampana.org\/index.php?rest_route=%2Fwp%2Fv2%2Fcategories&post=8258"},{"taxonomy":"post_tag","embeddable":true,"href":"https:\/\/obispadodezaratecampana.org\/index.php?rest_route=%2Fwp%2Fv2%2Ftags&post=8258"}],"curies":[{"name":"wp","href":"https:\/\/api.w.org\/{rel}","templated":true}]}}