{"id":8249,"date":"2015-01-07T13:07:04","date_gmt":"2015-01-07T16:07:04","guid":{"rendered":"http:\/\/obispadodezaratecampana.org\/?p=8249"},"modified":"2015-01-07T13:07:04","modified_gmt":"2015-01-07T16:07:04","slug":"francisco-en-el-dia-de-la-epifania-del-senor","status":"publish","type":"post","link":"https:\/\/obispadodezaratecampana.org\/?p=8249","title":{"rendered":"Francisco en el d\u00eda de la Epifan\u00eda del Se\u00f1or"},"content":{"rendered":"<header style=\"color: #343434;\">\n<div class=\"share-box\" style=\"font-weight: inherit; font-style: inherit;\">\n<div style=\"font-weight: inherit; font-style: inherit;\">\n<div class=\"stBubble\" style=\"font-weight: inherit; font-style: inherit; color: #4d4d4d;\">\n<div class=\"stBubble_count\" style=\"font-weight: inherit; font-style: inherit; color: black;\">Con esta idea nos recuerda que nosotros, como los Reyes Magos, tambi\u00e9n debemos buscar a Dios distinguiendo la estrella. \u201cLa estrella que es capaz de guiar a todo hombre a Jes\u00fas es la Palabra de Dios: ella es la luz que orienta nuestro camino, nutre nuestra fe y la regenera\u201d. As\u00ed nos invita a leer y meditarla cada d\u00eda, para que sea como una llama, y nos ayude a aclarar nuestros pasos\u201d.<\/div>\n<div class=\"stBubble_count\" style=\"font-weight: inherit; font-style: inherit; color: black;\"><\/div>\n<div class=\"stBubble_count\" style=\"font-weight: inherit; font-style: inherit; color: black;\">(RV).En un clima de alegr\u00eda y felicidad, el Santo Padre rez\u00f3 la oraci\u00f3n del \u00c1ngelus este martes en el que celebramos la Epifan\u00eda del Se\u00f1or. Antes de la oraci\u00f3n mariana record\u00f3 a los presentes la figura de los Magos de Oriente y lo que representan en la historia de la Iglesia, ya que ellos vinieron desde muy lejos \u201cpara adorar al reci\u00e9n nacido Rey de los Jud\u00edos y Salvador, y para ofrecerle dones simb\u00f3licos\u201d, y esto representa la universalidad de la Iglesia, \u201c\u00c9l no reserva su amor a algunos privilegiados, sino que lo ofrece a todos\u201d, explic\u00f3 Francisco.<\/div>\n<\/div>\n<\/div>\n<\/div>\n<\/header>\n<div class=\"txt\" style=\"color: #343434;\">\n<p style=\"font-weight: inherit; font-style: inherit;\">Francisco dedic\u00f3 un saludo especial a los hermanos y a las hermanas del Oriente cristiano, cat\u00f3licos y ortodoxos, muchos de los cuales celebran este mi\u00e9rcoles la Navidad del Se\u00f1or. Adem\u00e1s quiso subrayar tambi\u00e9n que este 6 de enero se celebra la Jornada Mundial de la Infancia Misionera. \u201cEs la fiesta de los ni\u00f1os que viven con alegr\u00eda el don de la fe y rezan para que la luz de Jes\u00fas llegue a todos los ni\u00f1os del mundo\u201d. As\u00ed alent\u00f3 a los educadores a cultivar en ellos \u201cel esp\u00edritu misionero\u201d para que sean anunciadores del amor de Dios.<\/p>\n<p style=\"font-weight: inherit; font-style: inherit;\">El Santo Padre invit\u00f3 a los presentes a repetir varias veces que la vida es &#8220;caminar atentos, incansables y valerosos&#8221;. Salud\u00f3 detenidamente a los peregrinos llegados a la Plaza de San Pedro desde diferentes partes del mundo, un total aproximadamente de 50.000 personas.<\/p>\n<p style=\"font-weight: inherit; font-style: inherit;\"><strong>Texto completo de la alocuci\u00f3n del Papa antes de rezar el \u00c1ngelus<\/strong><\/p>\n<p style=\"font-weight: inherit; font-style: inherit;\">Queridos hermanos y hermanas, \u00a1buenos d\u00edas! \u00a1Buena Fiesta!<\/p>\n<p style=\"font-weight: inherit; font-style: inherit;\">En la noche de Navidad hemos meditado sobre la visita a la gruta de\u00a0<strong style=\"font-weight: inherit; font-style: inherit;\">Bel\u00e9n<\/strong>\u00a0de algunos pastores pertenecientes al pueblo de Israel; hoy en la solemnidad de la\u00a0<strong style=\"font-weight: inherit; font-style: inherit;\">Epifan\u00eda<\/strong>, hagamos memoria de la llegada de los<strong style=\"font-weight: inherit; font-style: inherit;\">\u00a0Reyes Magos<\/strong>, que vinieron de Oriente para adorar al reci\u00e9n nacido Rey de los Jud\u00edos y Salvador universal, y para ofrecerle dones simb\u00f3licos. Con su gesto de adoraci\u00f3n, los Reyes Magos dan testimonio que Jes\u00fas ha venido a la tierra para salvar no a un solo pueblo, sino a todas las personas. Por lo tanto, en la fiesta de hoy nuestra mirada se ampl\u00eda al horizonte del mundo entero para celebrar la \u201cmanifestaci\u00f3n\u201d del Se\u00f1or a todos los pueblos, es decir, la manifestaci\u00f3n del amor y de la salvaci\u00f3n universal de Dios. \u00c9l no reserva su amor a algunos privilegiados, sino que lo ofrece a\u00a0<strong style=\"font-weight: inherit; font-style: inherit;\">todos<\/strong>. As\u00ed como es Creador y Padre de todos, del mismo modo quiere ser el Salvador de todos. Por esto, estamos llamados a nutrir siempre gran confianza y esperanza por toda persona y por su salvaci\u00f3n: tambi\u00e9n ellos, que nos parecen alejados del Se\u00f1or son seguidos \u2013 o mejor \u201c<strong style=\"font-weight: inherit; font-style: inherit;\">perseguidos<\/strong>\u201d \u2013 por su<strong style=\"font-weight: inherit; font-style: inherit;\">amor\u00a0<\/strong>apasionado, su amor fiel y tambi\u00e9n humilde. \u00a1Porque el amor de<strong style=\"font-weight: inherit; font-style: inherit;\">\u00a0Dios<\/strong>\u00a0es\u00a0<strong style=\"font-weight: inherit; font-style: inherit;\">humilde<\/strong>, tan humilde!<\/p>\n<p style=\"font-weight: inherit; font-style: inherit;\">El relato evang\u00e9lico de los Reyes Magos, describe su viaje desde Oriente como un viaje del alma, como un camino hacia el encuentro con Cristo. Ellos est\u00e1n atentos a los signos que indican la presencia; son incansables en el enfrentar las dificultades de la b\u00fasqueda; son valientes en el deducir las consecuencias de vida que derivan del encuentro con el Se\u00f1or. Es decir, la vida es esto: la vida cristiana es\u00a0<strong style=\"font-weight: inherit; font-style: inherit;\">caminar<\/strong>\u00a0siendo\u00a0<strong style=\"font-weight: inherit; font-style: inherit;\">atentos<\/strong>,<strong style=\"font-weight: inherit; font-style: inherit;\">\u00a0incansables<\/strong>\u00a0y\u00a0<strong style=\"font-weight: inherit; font-style: inherit;\">valerosos<\/strong>. \u00a1As\u00ed camina un cristiano! Caminar atento, incansable y valeroso. La experiencia de los Reyes Magos evoca el camino de todo hombre hacia Cristo. Como los Reyes Magos, tambi\u00e9n para nosotros buscar a Dios quiere decir caminar \u2013 y como dec\u00eda: atento, incansable y valeroso &#8211; fijando el cielo y distinguiendo en el signo visible de la estrella, el Dios invisible que habla a nuestro coraz\u00f3n. La estrella que es capaz de guiar todo hombre\u00a0 a Jes\u00fas es la Palabra de Dios. Est\u00e1 en la Biblia, en los Evangelios. La\u00a0<strong style=\"font-weight: inherit; font-style: inherit;\">Palabra de Dios<\/strong>\u00a0es la\u00a0<strong style=\"font-weight: inherit; font-style: inherit;\">luz<\/strong>\u00a0que orienta nuestro camino, nutre nuestra fe y la regenera. Es la Palabra de Dios que renueva continuamente nuestros corazones, nuestras comunidades. Por lo tanto, no olvidemos leerla y meditarla cada d\u00eda, para que se transforme \u00a0para cada uno en una<strong style=\"font-weight: inherit; font-style: inherit;\">\u00a0llama<\/strong>\u00a0que llevamos dentro de nosotros para iluminar nuestros pasos, y tambi\u00e9n aquellos de qui\u00e9n camina junto a nosotros, que quiz\u00e1s le cuesta encontrar el camino hacia Cristo. Siempre con la Palabra de Dios. La Palabra de Dios a mano: un peque\u00f1o\u00a0<strong style=\"font-weight: inherit; font-style: inherit;\">Evangelio<\/strong>\u00a0en el\u00a0<strong style=\"font-weight: inherit; font-style: inherit;\">bolsillo<\/strong>, en la\u00a0<strong style=\"font-weight: inherit; font-style: inherit;\">cartera,<\/strong>\u00a0siempre, para leerlo. No se olviden de esto: \u00a1siempre conmigo la Palabra de Dios!<\/p>\n<p style=\"font-weight: inherit; font-style: inherit;\">En este d\u00eda de la Epifan\u00eda, nuestro pensamiento se dirige tambi\u00e9n a los hermanos y a las hermanas del Oriente cristiano, cat\u00f3licos y ortodoxos, muchos de los cuales celebran ma\u00f1ana la Navidad del Se\u00f1or. A ellos les llegue nuestra afectuosa felicitaci\u00f3n.<\/p>\n<p style=\"font-weight: inherit; font-style: inherit;\">Me gusta luego recordar que hoy se celebra la<strong style=\"font-weight: inherit; font-style: inherit;\">\u00a0Jornada\u00a0<\/strong>Mundial de la<strong style=\"font-weight: inherit; font-style: inherit;\">\u00a0Infancia Misionera<\/strong>. Es la fiesta de los ni\u00f1os que viven con alegr\u00eda el don de la fe y rezan para que la luz de\u00a0<strong style=\"font-weight: inherit; font-style: inherit;\">Jes\u00fas<\/strong>\u00a0llegue a todos los\u00a0<strong style=\"font-weight: inherit; font-style: inherit;\">ni\u00f1os<\/strong>\u00a0del\u00a0<strong style=\"font-weight: inherit; font-style: inherit;\">mundo<\/strong>. \u00a0Aliento a los educadores a cultivar en los peque\u00f1os el esp\u00edritu misionero. Que no sean ni\u00f1os y j\u00f3venes cerrados, sino abiertos; que vean un gran horizonte, que su coraz\u00f3n siga adelante, hacia el horizonte, para que nazcan entre ellos testigos de la ternura de Dios y anunciadores del Evangelio.<\/p>\n<p style=\"font-weight: inherit; font-style: inherit;\">Nos dirijamos ahora a la Virgen Mar\u00eda e invoquemos su protecci\u00f3n sobre la Iglesia Universal, para que difunda en el mundo entero el Evangelio de Cristo, Lumen gentium, luz de todos los pueblos. Y que Ella nos haga estar siempre m\u00e1s en camino, nos haga caminar y en el camino, ser atentos, incansables y valerosos.<\/p>\n<p style=\"font-weight: inherit; font-style: inherit;\"><strong style=\"font-weight: inherit; font-style: inherit;\">Saludos del Papa al finalizar la oraci\u00f3n mariana<\/strong><\/p>\n<p style=\"font-weight: inherit; font-style: inherit;\"><span style=\"font-weight: inherit; font-style: inherit;\">Queridos hermanos y hermanas,<\/span><\/p>\n<p style=\"font-weight: inherit; font-style: inherit;\">Los saludo a todos ustedes, romanos y peregrinos, renovando el deseo de paz y de todo bien en el Se\u00f1or.<\/p>\n<p style=\"font-weight: inherit; font-style: inherit;\">Saludo a los fieles venidos de Aachen (Alemania), de Kilbeggan (Irlanda), y a los estudiantes de Northfield &#8211; Minnesota (Estados Unidos); los confirmandos de Romano de Lombard\u00eda y sus padres; los fieles de Biassono, Verona, Arzignano, Acerra y de algunas Di\u00f3cesis de Puglia; y los j\u00f3venes de la Obra de Don Orione.<\/p>\n<p style=\"font-weight: inherit; font-style: inherit;\">Un saludo especial a cuantos dan vida al desfile hist\u00f3rico-folclor\u00edstico que este a\u00f1o est\u00e1 dedicado al territorio de los Municipios de Segni, Artena, Carpineto Romano, Gorga y Montelanico.<\/p>\n<p style=\"font-weight: inherit; font-style: inherit;\"><span style=\"font-weight: inherit; font-style: inherit;\">Y acu\u00e9rdense bien: la vida es un caminar, caminar siempre, buscando a Dios. Caminar atentos, incansables y valerosos. Y falta una cosa, falta una cosa: atentos, incansables y valerosos y&#8230; \u00bfqu\u00e9 falta? \u00a1Caminar con la luz! \u00bf Y qui\u00e9n es la luz? El Evangelio, la Palabra de Dios. Siempre con el Evangelio en el bolsillo, en la cartera, para leerlo, siempre con nosotros. Caminar atentos, incansables, valerosos y con la luz de la Palabra de Dios.<\/span><\/p>\n<p style=\"font-weight: inherit; font-style: inherit;\">A todos les deseo una buena Fiesta. No se olviden de rezar por m\u00ed. \u00a1Buen almuerzo! \u00a1Hasta pronto!<\/p>\n<p style=\"font-weight: inherit; font-style: inherit;\">Fuente: \u00a0www.news.va<\/p>\n<p style=\"font-weight: inherit; font-style: inherit;\">\n<\/div>\n<!-- AddThis Advanced Settings generic via filter on the_content --><!-- AddThis Share Buttons generic via filter on the_content -->","protected":false},"excerpt":{"rendered":"<p>Con esta idea nos recuerda que nosotros, como los Reyes Magos, tambi\u00e9n debemos buscar a Dios distinguiendo la estrella. \u201cLa estrella que es capaz de [&hellip;]<!-- AddThis Advanced Settings generic via filter on get_the_excerpt --><!-- AddThis Share Buttons generic via filter on get_the_excerpt --><\/p>\n","protected":false},"author":2,"featured_media":8250,"comment_status":"open","ping_status":"open","sticky":false,"template":"","format":"standard","meta":{"footnotes":""},"categories":[161],"tags":[],"class_list":["post-8249","post","type-post","status-publish","format-standard","has-post-thumbnail","hentry","category-el-papa-leonxiv"],"_links":{"self":[{"href":"https:\/\/obispadodezaratecampana.org\/index.php?rest_route=\/wp\/v2\/posts\/8249","targetHints":{"allow":["GET"]}}],"collection":[{"href":"https:\/\/obispadodezaratecampana.org\/index.php?rest_route=\/wp\/v2\/posts"}],"about":[{"href":"https:\/\/obispadodezaratecampana.org\/index.php?rest_route=\/wp\/v2\/types\/post"}],"author":[{"embeddable":true,"href":"https:\/\/obispadodezaratecampana.org\/index.php?rest_route=\/wp\/v2\/users\/2"}],"replies":[{"embeddable":true,"href":"https:\/\/obispadodezaratecampana.org\/index.php?rest_route=%2Fwp%2Fv2%2Fcomments&post=8249"}],"version-history":[{"count":1,"href":"https:\/\/obispadodezaratecampana.org\/index.php?rest_route=\/wp\/v2\/posts\/8249\/revisions"}],"predecessor-version":[{"id":8251,"href":"https:\/\/obispadodezaratecampana.org\/index.php?rest_route=\/wp\/v2\/posts\/8249\/revisions\/8251"}],"wp:featuredmedia":[{"embeddable":true,"href":"https:\/\/obispadodezaratecampana.org\/index.php?rest_route=\/wp\/v2\/media\/8250"}],"wp:attachment":[{"href":"https:\/\/obispadodezaratecampana.org\/index.php?rest_route=%2Fwp%2Fv2%2Fmedia&parent=8249"}],"wp:term":[{"taxonomy":"category","embeddable":true,"href":"https:\/\/obispadodezaratecampana.org\/index.php?rest_route=%2Fwp%2Fv2%2Fcategories&post=8249"},{"taxonomy":"post_tag","embeddable":true,"href":"https:\/\/obispadodezaratecampana.org\/index.php?rest_route=%2Fwp%2Fv2%2Ftags&post=8249"}],"curies":[{"name":"wp","href":"https:\/\/api.w.org\/{rel}","templated":true}]}}