{"id":8245,"date":"2015-01-07T12:36:23","date_gmt":"2015-01-07T15:36:23","guid":{"rendered":"http:\/\/obispadodezaratecampana.org\/?p=8245"},"modified":"2015-01-07T12:36:23","modified_gmt":"2015-01-07T15:36:23","slug":"francisco-las-madres-son-poco-valoradas","status":"publish","type":"post","link":"https:\/\/obispadodezaratecampana.org\/?p=8245","title":{"rendered":"Francisco: Las madres son poco valoradas"},"content":{"rendered":"<p><span style=\"color: #141823;\">EL PAPA FRANCISCO: LAS MADRES SON POCO VALORADAS, POCO ESCUCHADAS, POCO AYUDADAS<\/span><br style=\"color: #141823;\" \/><br style=\"color: #141823;\" \/><span style=\"color: #141823;\">Queridos amigos, les ofrecemos el texto completo de la primera catequesis del Papa en este a\u00f1o nuevo &#8211; mi\u00e9rcoles 7 de enero- , dedicada a las madres:<\/span><br style=\"color: #141823;\" \/><br style=\"color: #141823;\" \/><span style=\"color: #141823;\">&#8220;Queridos hermanos y hermanas, \u00a1buenos d\u00edas!<\/span><span class=\"text_exposed_show\" style=\"color: #141823;\"><\/p>\n<p>Hoy continuamos con la catequesis sobre la Iglesia y haremos una reflexi\u00f3n sobre la Iglesia madre. La Iglesia es madre. Nuestra Santa madre Iglesia.<\/p>\n<p>En estos d\u00edas la liturgia de la Iglesia ha puesto ante nuestros ojos el \u00edcono de la Virgen Mar\u00eda Madre de Dios. El primer d\u00eda del a\u00f1o es la fiesta de la Madre de Dios, al cual sigue la Epifan\u00eda, con el recuerdo de la visita de los Reyes Magos.<\/p>\n<p>El evangelista Mateo escribe lo que hemos escuchado: \u201cAl entrar en la casa, encontraron al ni\u00f1o con Mar\u00eda, su madre, y postr\u00e1ndose, le rindieron homenaje\u201d (Mt 2,11). Es la Madre que luego de haberlo generado, presenta el Hijo al mundo. Ella nos da a Jes\u00fas, Ella nos muestra a Jes\u00fas, Ella nos hace ver a Jes\u00fas.<\/p>\n<p>Continuamos con la catequesis sobre la familia. En la familia est\u00e1 la madre. Toda persona humana debe la vida a una madre y casi siempre debe a ella mucho de la propia existencia sucesiva, de la formaci\u00f3n humana y espiritual.<\/p>\n<p>Pero la madre, a\u00fan siendo muy exaltada desde el punto de vista simb\u00f3lico &#8211; tantas poes\u00edas, tantas cosas bellas que se dicen po\u00e9ticamente de la madre &#8211; es poco escuchada y poco ayudada en la vida cotidiana, poco considerada en su papel central en la sociedad. Es m\u00e1s, a menudo se aprovecha de la disponibilidad de las madres a sacrificarse por los hijos para \u201cahorrar\u201d en los gastos sociales.<\/p>\n<p>Sucede que tambi\u00e9n en la comunidad cristiana la madre no es siempre justamente valorada, es poco escuchada. Sin embargo, al centro de la vida de la Iglesia est\u00e1 la Madre de Jes\u00fas. Quiz\u00e1s las madres, dispuestas a tantos sacrificios por los propios hijos y a menudo tambi\u00e9n por aquellos de los otros, deber\u00edan ser m\u00e1s escuchadas.<\/p>\n<p>Ser\u00eda necesario comprender m\u00e1s su lucha cotidiana para ser eficientes en el trabajo y atentas y afectuosas en familia; ser\u00eda necesario entender mejor a qu\u00e9 aspiran para expresar los frutos mejores y aut\u00e9nticos de su emancipaci\u00f3n. Una madre con los hijos tiene siempre problemas, siempre trabajo. Yo recuerdo en casa, \u00e9ramos cinco y mientras uno hac\u00eda \u201cuna\u201d, el otro pensaba en hacer \u201cotra\u201d y la pobre mam\u00e1 iba de un lado para el otro. Pero era feliz. Nos ha dado tanto.<\/p>\n<p>Las madres son el ant\u00eddoto m\u00e1s fuerte a la difusi\u00f3n del individualismo ego\u00edsta. \u201cIndividuo\u201d quiere decir \u201cque no puede ser dividido\u201d. Las madres, en cambio, se \u201cdividen\u201d, ellas, desde cuando acogen un hijo para darlo al mundo y hacerlo crecer. Son ellas, las madres, quienes odian mayormente la guerra, que mata a sus hijos.<\/p>\n<p>Muchas veces he pensado en aquellas madres cuando han recibido la carta: \u201cLe digo que su hijo ha ca\u00eddo en defensa de la patria\u2026\u201d. \u00a1Pobres mujeres, c\u00f3mo sufre una madre! Son ellas quienes testimonian la belleza de la vida.<\/p>\n<p>El Arzobispo Oscar Arnulfo Romero dec\u00eda que las madres viven un \u201cmartirio materno\u201d &#8211; martirio materno. En su homil\u00eda para el funeral de un sacerdote asesinado por los escuadrones de la muerte, dijo, haci\u00e9ndose eco del Concilio Vaticano II:<\/p>\n<p>\u00abTodos debemos estar dispuestos a morir por nuestra fe, aunque no nos conceda el Se\u00f1or este honor&#8230; Dar la vida no es s\u00f3lo que lo maten a uno; dar la vida, tener esp\u00edritu de martirio, es dar en el deber, en el silencio, en la oraci\u00f3n, en el cumplimiento honesto del deber, en aquel silencio de la vida cotidiana, ir dando la vida, como la da la madre que sin aspavientos, con la sencillez del martirio maternal concibe en su seno a su hijo, da a luz, da de mamar, hace crecer, cuida con cari\u00f1o a su hijo. Es dar la vida \u2013 y \u00e9stas son las madres. Es martirio\u00bb.<\/p>\n<p>Hasta aqu\u00ed la cita. S\u00ed, ser madre no significa s\u00f3lo traer al mundo un hijo, sino es tambi\u00e9n una elecci\u00f3n de vida: \u00bfqu\u00e9 elije una madre? \u00bfCu\u00e1l es la elecci\u00f3n de vida de una madre? La elecci\u00f3n de vida de una madre es la elecci\u00f3n de dar vida. Y esto es grande, esto es bello.<\/p>\n<p>Una sociedad sin madres ser\u00eda una sociedad inhumana, porque las madres siempre saben testimoniar incluso en los peores momentos, la ternura, la dedicaci\u00f3n, la fuerza moral. Las madres a menudo transmiten tambi\u00e9n el sentido m\u00e1s profundo de la pr\u00e1ctica religiosa: en las primeras oraciones, en los primeros gestos de devoci\u00f3n que un ni\u00f1o aprende, se inscribe el valor de la fe en la vida de un ser humano.<\/p>\n<p>Es un mensaje que las madres creyentes saben transmitir sin muchas explicaciones: \u00e9stas vendr\u00e1n despu\u00e9s, pero la semilla de la fe est\u00e1 en esos primeros, precios\u00edsimos momentos. Sin las madres, no s\u00f3lo no habr\u00eda nuevos fieles, sino que la fe perder\u00eda buena parte de su calor sencillo y profundo.<\/p>\n<p>Y la Iglesia es madre, con todo esto. \u00a1Es nuestra madre! Nosotros no somos hu\u00e9rfanos, tenemos una madre. La Virgen y la madre Iglesia y nuestra madre. No somos hu\u00e9rfanos, somos hijos de la Iglesia, somos hijos de la Virgen y somos hijos de nuestras madres.<\/p>\n<p>Queridas madres, gracias, gracias por lo que son en la familia y por aquello que dan a la Iglesia y al mundo. Y a ti amada Iglesia gracias, gracias por ser madre. Y a ti Mar\u00eda, Madre de Dios, gracias por hacernos ver a Jes\u00fas.<\/p>\n<p>Y a todas las mam\u00e1s aqu\u00ed presentes, \u00a1las saludamos con un aplauso!&#8221;.<\/p>\n<p><\/span><\/p>\n<p>Fuente: www.news.va<\/p>\n<!-- AddThis Advanced Settings generic via filter on the_content --><!-- AddThis Share Buttons generic via filter on the_content -->","protected":false},"excerpt":{"rendered":"<p>EL PAPA FRANCISCO: LAS MADRES SON POCO VALORADAS, POCO ESCUCHADAS, POCO AYUDADASQueridos amigos, les ofrecemos el texto completo de la primera catequesis del Papa en [&hellip;]<!-- AddThis Advanced Settings generic via filter on get_the_excerpt --><!-- AddThis Share Buttons generic via filter on get_the_excerpt --><\/p>\n","protected":false},"author":2,"featured_media":8247,"comment_status":"open","ping_status":"open","sticky":false,"template":"","format":"standard","meta":{"footnotes":""},"categories":[161],"tags":[],"class_list":["post-8245","post","type-post","status-publish","format-standard","has-post-thumbnail","hentry","category-el-papa-leonxiv"],"_links":{"self":[{"href":"https:\/\/obispadodezaratecampana.org\/index.php?rest_route=\/wp\/v2\/posts\/8245","targetHints":{"allow":["GET"]}}],"collection":[{"href":"https:\/\/obispadodezaratecampana.org\/index.php?rest_route=\/wp\/v2\/posts"}],"about":[{"href":"https:\/\/obispadodezaratecampana.org\/index.php?rest_route=\/wp\/v2\/types\/post"}],"author":[{"embeddable":true,"href":"https:\/\/obispadodezaratecampana.org\/index.php?rest_route=\/wp\/v2\/users\/2"}],"replies":[{"embeddable":true,"href":"https:\/\/obispadodezaratecampana.org\/index.php?rest_route=%2Fwp%2Fv2%2Fcomments&post=8245"}],"version-history":[{"count":1,"href":"https:\/\/obispadodezaratecampana.org\/index.php?rest_route=\/wp\/v2\/posts\/8245\/revisions"}],"predecessor-version":[{"id":8248,"href":"https:\/\/obispadodezaratecampana.org\/index.php?rest_route=\/wp\/v2\/posts\/8245\/revisions\/8248"}],"wp:featuredmedia":[{"embeddable":true,"href":"https:\/\/obispadodezaratecampana.org\/index.php?rest_route=\/wp\/v2\/media\/8247"}],"wp:attachment":[{"href":"https:\/\/obispadodezaratecampana.org\/index.php?rest_route=%2Fwp%2Fv2%2Fmedia&parent=8245"}],"wp:term":[{"taxonomy":"category","embeddable":true,"href":"https:\/\/obispadodezaratecampana.org\/index.php?rest_route=%2Fwp%2Fv2%2Fcategories&post=8245"},{"taxonomy":"post_tag","embeddable":true,"href":"https:\/\/obispadodezaratecampana.org\/index.php?rest_route=%2Fwp%2Fv2%2Ftags&post=8245"}],"curies":[{"name":"wp","href":"https:\/\/api.w.org\/{rel}","templated":true}]}}