{"id":8238,"date":"2015-01-05T17:13:27","date_gmt":"2015-01-05T20:13:27","guid":{"rendered":"http:\/\/obispadodezaratecampana.org\/?p=8238"},"modified":"2015-01-05T17:13:27","modified_gmt":"2015-01-05T20:13:27","slug":"misioneros-en-capilla-del-senor","status":"publish","type":"post","link":"https:\/\/obispadodezaratecampana.org\/?p=8238","title":{"rendered":"Misioneros en Capilla del Se\u00f1or"},"content":{"rendered":"<p><span style=\"color: #373e4d;\">Entre el 1 y 6 de enero un grupo de j\u00f3venes de la di\u00f3cesis de San Isidro se encuentran misionando en el Barrio Esperanza situado en la jurisdicci\u00f3n de la Parroquia Exaltaci\u00f3n de la Cruz. Este grupo est\u00e1 a cargo del Padre Juan y est\u00e1n siendo acompa\u00f1ados adem\u00e1s por el Di\u00e1cono transitorio Pablo Villalba (El Papu, que ser\u00e1 -Dios mediante -uno de nuestros futuros sacerdotes diocesanos)<\/span><\/p>\n<p>Recemos especialmente por los frutos de esta misi\u00f3n.<\/p>\n<p>&nbsp;<\/p>\n<p><span style=\"color: #373e4d;\"><a href=\"http:\/\/obispadodezaratecampana.org\/wp-content\/uploads\/2015\/01\/misionc.jpg\"><img fetchpriority=\"high\" decoding=\"async\" class=\"size-medium wp-image-8239 aligncenter\" src=\"http:\/\/obispadodezaratecampana.org\/wp-content\/uploads\/2015\/01\/misionc-300x225.jpg\" alt=\"misionc\" width=\"300\" height=\"225\" srcset=\"https:\/\/obispadodezaratecampana.org\/wp-content\/uploads\/2015\/01\/misionc-300x225.jpg 300w, https:\/\/obispadodezaratecampana.org\/wp-content\/uploads\/2015\/01\/misionc.jpg 960w\" sizes=\"(max-width: 300px) 100vw, 300px\" \/><\/a><\/span><\/p>\n<p><span style=\"color: #373e4d;\"> <img decoding=\"async\" class=\"size-medium wp-image-8240 aligncenter\" src=\"http:\/\/obispadodezaratecampana.org\/wp-content\/uploads\/2015\/01\/misionb-300x225.jpg\" alt=\"misionb\" width=\"300\" height=\"225\" srcset=\"https:\/\/obispadodezaratecampana.org\/wp-content\/uploads\/2015\/01\/misionb-300x225.jpg 300w, https:\/\/obispadodezaratecampana.org\/wp-content\/uploads\/2015\/01\/misionb.jpg 960w\" sizes=\"(max-width: 300px) 100vw, 300px\" \/><\/span><\/p>\n<p><span style=\"color: #373e4d;\"> <img decoding=\"async\" class=\"size-medium wp-image-8241 aligncenter\" src=\"http:\/\/obispadodezaratecampana.org\/wp-content\/uploads\/2015\/01\/mision-300x225.jpg\" alt=\"mision\" width=\"300\" height=\"225\" srcset=\"https:\/\/obispadodezaratecampana.org\/wp-content\/uploads\/2015\/01\/mision-300x225.jpg 300w, https:\/\/obispadodezaratecampana.org\/wp-content\/uploads\/2015\/01\/mision.jpg 960w\" sizes=\"(max-width: 300px) 100vw, 300px\" \/>\u00a0<\/span><\/p>\n<p>&nbsp;<\/p>\n<!-- AddThis Advanced Settings generic via filter on the_content --><!-- AddThis Share Buttons generic via filter on the_content -->","protected":false},"excerpt":{"rendered":"<p>Entre el 1 y 6 de enero un grupo de j\u00f3venes de la di\u00f3cesis de San Isidro se encuentran misionando en el Barrio Esperanza situado [&hellip;]<!-- AddThis Advanced Settings generic via filter on get_the_excerpt --><!-- AddThis Share Buttons generic via filter on get_the_excerpt --><\/p>\n","protected":false},"author":2,"featured_media":8240,"comment_status":"open","ping_status":"open","sticky":false,"template":"","format":"standard","meta":{"footnotes":""},"categories":[3],"tags":[],"class_list":["post-8238","post","type-post","status-publish","format-standard","has-post-thumbnail","hentry","category-noticiasparroquiales"],"_links":{"self":[{"href":"https:\/\/obispadodezaratecampana.org\/index.php?rest_route=\/wp\/v2\/posts\/8238","targetHints":{"allow":["GET"]}}],"collection":[{"href":"https:\/\/obispadodezaratecampana.org\/index.php?rest_route=\/wp\/v2\/posts"}],"about":[{"href":"https:\/\/obispadodezaratecampana.org\/index.php?rest_route=\/wp\/v2\/types\/post"}],"author":[{"embeddable":true,"href":"https:\/\/obispadodezaratecampana.org\/index.php?rest_route=\/wp\/v2\/users\/2"}],"replies":[{"embeddable":true,"href":"https:\/\/obispadodezaratecampana.org\/index.php?rest_route=%2Fwp%2Fv2%2Fcomments&post=8238"}],"version-history":[{"count":1,"href":"https:\/\/obispadodezaratecampana.org\/index.php?rest_route=\/wp\/v2\/posts\/8238\/revisions"}],"predecessor-version":[{"id":8242,"href":"https:\/\/obispadodezaratecampana.org\/index.php?rest_route=\/wp\/v2\/posts\/8238\/revisions\/8242"}],"wp:featuredmedia":[{"embeddable":true,"href":"https:\/\/obispadodezaratecampana.org\/index.php?rest_route=\/wp\/v2\/media\/8240"}],"wp:attachment":[{"href":"https:\/\/obispadodezaratecampana.org\/index.php?rest_route=%2Fwp%2Fv2%2Fmedia&parent=8238"}],"wp:term":[{"taxonomy":"category","embeddable":true,"href":"https:\/\/obispadodezaratecampana.org\/index.php?rest_route=%2Fwp%2Fv2%2Fcategories&post=8238"},{"taxonomy":"post_tag","embeddable":true,"href":"https:\/\/obispadodezaratecampana.org\/index.php?rest_route=%2Fwp%2Fv2%2Ftags&post=8238"}],"curies":[{"name":"wp","href":"https:\/\/api.w.org\/{rel}","templated":true}]}}