{"id":8218,"date":"2015-01-01T15:13:27","date_gmt":"2015-01-01T18:13:27","guid":{"rendered":"http:\/\/obispadodezaratecampana.org\/?p=8218"},"modified":"2015-01-01T15:14:00","modified_gmt":"2015-01-01T18:14:00","slug":"jovenes-se-comprometen-con-la-alegria-del-anuncio-del-evangelio-en-zarate","status":"publish","type":"post","link":"https:\/\/obispadodezaratecampana.org\/?p=8218","title":{"rendered":"J\u00f3venes se comprometen con la alegr\u00eda del anuncio del Evangelio en Z\u00e1rate"},"content":{"rendered":"<p>Un grupo de casi 90 j\u00f3venes han decidido, como dice el Papa Francisco \u201cser a fondo con los dem\u00e1s y para los dem\u00e1s\u201d, en una misi\u00f3n que ir\u00e1 del 3 al 11 de enero. Durante esa fecha visitar\u00e1n los hogares de los barrios Villa Carmencita y Villanueva, llevando el anuncio del evangelio que, como ellos recuerdan, \u201cinvita insistentemente a la alegr\u00eda\u201d.<\/p>\n<p>La misi\u00f3n organizada entre la Parroquia Beata Teresa de Calcuta de Z\u00e1rate y la Catedral Santa Florentina de Campana ser\u00e1 llevada adelante por j\u00f3venes cat\u00f3licos comprometidos con las problem\u00e1ticas actuales de nuestra sociedad. A sabiendas de que las dificultades que enfrentamos como seres humanos y la ra\u00edz de todos los problemas sociales y personales se encuentran en la falta de solidaridad y compromiso entre los hermanos de la misma comunidad, \u00e9ste grupo de j\u00f3venes quiere llevar el mensaje de una fe aut\u00e9ntica, transformadora de la realidad cotidiana.<br \/>\nBajo el lema \u201cJes\u00fas es mi todo en todo\u201d, los j\u00f3venes se comprometieron a hacer frente y sin miedo a las profundas preguntas del ser humano, que no admiten una respuesta superficial, como la existencia de Dios, el rol de la Iglesia en nuestra sociedad, las preocupaciones y tristezas del hombre de hoy, la b\u00fasqueda de la verdadera felicidad, etc.<br \/>\nDurante las ma\u00f1anas y las tardes entre el 3 y el 11 de enero visitar\u00e1n las casas comprendidas entre las calles Pellegrini, Marcos Sastre, Larrea y Av. Lavalle. Adem\u00e1s durante esos d\u00edas se realizar\u00e1n actividades como juegos y deportes con los ni\u00f1os y j\u00f3venes a partir de las 15 hs. y charlas con los adultos a partir de las 20 hs. Tambi\u00e9n habr\u00e1 misa diaria a las 19 hs. donde se rezar\u00e1 especialmente por las familias mas necesitadas del barrio. Todas las actividades se desarrollar\u00e1n en las instalaciones de la Pquia. Beata Teresa de Calcuta, ubicada en Sgto. Cabral 1960 (tel. 03487 430041). Se invita a toda la comunidad a acercarse a la Parroquia durante el desarrollo de la misi\u00f3n para conocer mas acerca de las actividades propuestas.<\/p>\n<!-- AddThis Advanced Settings generic via filter on the_content --><!-- AddThis Share Buttons generic via filter on the_content -->","protected":false},"excerpt":{"rendered":"<p>Un grupo de casi 90 j\u00f3venes han decidido, como dice el Papa Francisco \u201cser a fondo con los dem\u00e1s y para los dem\u00e1s\u201d, en una [&hellip;]<!-- AddThis Advanced Settings generic via filter on get_the_excerpt --><!-- AddThis Share Buttons generic via filter on get_the_excerpt --><\/p>\n","protected":false},"author":1,"featured_media":8219,"comment_status":"open","ping_status":"open","sticky":false,"template":"","format":"standard","meta":{"footnotes":""},"categories":[3],"tags":[],"class_list":["post-8218","post","type-post","status-publish","format-standard","has-post-thumbnail","hentry","category-noticiasparroquiales"],"_links":{"self":[{"href":"https:\/\/obispadodezaratecampana.org\/index.php?rest_route=\/wp\/v2\/posts\/8218","targetHints":{"allow":["GET"]}}],"collection":[{"href":"https:\/\/obispadodezaratecampana.org\/index.php?rest_route=\/wp\/v2\/posts"}],"about":[{"href":"https:\/\/obispadodezaratecampana.org\/index.php?rest_route=\/wp\/v2\/types\/post"}],"author":[{"embeddable":true,"href":"https:\/\/obispadodezaratecampana.org\/index.php?rest_route=\/wp\/v2\/users\/1"}],"replies":[{"embeddable":true,"href":"https:\/\/obispadodezaratecampana.org\/index.php?rest_route=%2Fwp%2Fv2%2Fcomments&post=8218"}],"version-history":[{"count":1,"href":"https:\/\/obispadodezaratecampana.org\/index.php?rest_route=\/wp\/v2\/posts\/8218\/revisions"}],"predecessor-version":[{"id":8220,"href":"https:\/\/obispadodezaratecampana.org\/index.php?rest_route=\/wp\/v2\/posts\/8218\/revisions\/8220"}],"wp:featuredmedia":[{"embeddable":true,"href":"https:\/\/obispadodezaratecampana.org\/index.php?rest_route=\/wp\/v2\/media\/8219"}],"wp:attachment":[{"href":"https:\/\/obispadodezaratecampana.org\/index.php?rest_route=%2Fwp%2Fv2%2Fmedia&parent=8218"}],"wp:term":[{"taxonomy":"category","embeddable":true,"href":"https:\/\/obispadodezaratecampana.org\/index.php?rest_route=%2Fwp%2Fv2%2Fcategories&post=8218"},{"taxonomy":"post_tag","embeddable":true,"href":"https:\/\/obispadodezaratecampana.org\/index.php?rest_route=%2Fwp%2Fv2%2Ftags&post=8218"}],"curies":[{"name":"wp","href":"https:\/\/api.w.org\/{rel}","templated":true}]}}