{"id":8140,"date":"2014-12-19T08:47:57","date_gmt":"2014-12-19T11:47:57","guid":{"rendered":"http:\/\/obispadodezaratecampana.org\/?p=8140"},"modified":"2014-12-19T08:47:57","modified_gmt":"2014-12-19T11:47:57","slug":"audiencia-general-francisco-17-de-diciembre-2014","status":"publish","type":"post","link":"https:\/\/obispadodezaratecampana.org\/?p=8140","title":{"rendered":"AUDIENCIA GENERAL FRANCISCO &#8211; 17 de diciembre 2014"},"content":{"rendered":"<p>Audiencia general: Jes\u00fas eligi\u00f3 venir al mundo en una familia<\/p>\n<p>Ciudad del Vaticano, 17 de diciembre 2014 (VIS).- La familia es el &#8221;gran don que el Se\u00f1or hizo al mundo desde el principio, cuando confiri\u00f3 a Ad\u00e1n y Eva la misi\u00f3n de multiplicarse y henchir la tierra. Ese don que Jes\u00fas confirm\u00f3 y sell\u00f3 en su evangelio&#8221;, afirm\u00f3 el Papa Francisco durante la audiencia general de los mi\u00e9rcoles en la primera catequesis dedicada al tema que desarrollar\u00e1 a lo largo del pr\u00f3ximo a\u00f1o : la familia.<\/p>\n<p>La proximidad de Navidad ilumina el misterio de la encarnaci\u00f3n del Hijo de Dios que abre un cap\u00edtulo nuevo en la historia universal del hombre y de la mujer. &#8221;Y este nuevo inicio -recalc\u00f3 &#8211; ocurre dentro de una familia, en Nazaret. Jes\u00fas naci\u00f3 en una familia..Pod\u00eda haber venido de forma espectacular, como un guerrero o como un emperador&#8230; En cambio, no. Vino como un hijo a una familia&#8221;.<\/p>\n<p>Dios quiso nacer &#8221;en una familia humana que el mismo form\u00f3. Y la form\u00f3 en una aldea remota de la periferia del Imperio Romano. No en Roma, que era la capital del Imperio, no en una gran ciudad, sino en una periferia, casi invisible, y adem\u00e1s de mala fama. Lo recuerdan tambi\u00e9n los Evangelios con la frase: &#8221;\u00bfDe Nazaret puede salir algo bueno?&#8221; Tal vez, en muchas partes del mundo -se\u00f1al\u00f3 Francisco &#8211; nosotros seguimos hablando as\u00ed cuando escuchamos el nombre de alg\u00fan lugar perif\u00e9rico de una gran ciudad. Y sin embargo, desde all\u00ed, desde la periferia del gran Imperio, inici\u00f3 la historia m\u00e1s santa y m\u00e1s buena, la de Jes\u00fas entre la humanidad&#8221;.<\/p>\n<p>Jes\u00fas se qued\u00f3 en esa periferia durante treinta a\u00f1os en los cuales &#8221;no se habla de milagros o curaciones, de predicaciones, de multitudes que acuden. En Nazaret todo parece suceder &#8220;normalmente&#8221;, de acuerdo con las costumbres de una familia jud\u00eda piadosa y laboriosa&#8230;. Los Evangelios, en su sobriedad no dicen nada sobre la adolescencia de Jes\u00fas y dejan esta tarea a nuestra meditaci\u00f3n afectuosa. El arte, la literatura, la m\u00fasica han recorrido este camino de la imaginaci\u00f3n. Ciertamente, no es dif\u00edcil imaginar c\u00f3mo las madres podr\u00edan aprender de las atenciones de Mar\u00eda por su Hijo. Y cuanto los padres podr\u00edan aprender del ejemplo de Jos\u00e9, el hombre justo, que dedic\u00f3 su vida a sostener y defender a su hijo y a su esposa &#8211; su familia &#8211; en los pasajes dif\u00edciles&#8221;. Por no hablar -exclam\u00f3 el Papa- de c\u00f3mo los ni\u00f1os pueden ser alentados por Jes\u00fas adolescente a entender la necesidad y la belleza de cultivar su vocaci\u00f3n m\u00e1s profunda, y de so\u00f1ar en grande&#8221;.<\/p>\n<p>&#8221;Cada familia cristiana &#8211; como lo hicieron Mar\u00eda y Jos\u00e9 &#8211; puede ante todo recibir a Jes\u00fas, escucharlo&#8230; protegerlo, crecer con El y as\u00ed mejorar el mundo. Hagamos espacio en nuestros corazones y en nuestras jornadas al Se\u00f1or. Lo mismo hicieron Mar\u00eda y Jos\u00e9, y no fue f\u00e1cil: \u00a1cu\u00e1ntas dificultades tuvieron que superar! Y su familia no era falsa, no era una familia irreal. La familia de Nazaret nos llama -recapitul\u00f3 el Santo Padre- a redescubrir la vocaci\u00f3n y la misi\u00f3n de la familia, de cada familia. Y, como sucedi\u00f3 en esos treinta a\u00f1os en Nazaret, lo mismo nos puede suceder a nosotros: hacer que sea normal el amor y no el odio, hacer que lo normal sea la ayuda mutua, no la indiferencia o la hostilidad. No es entonces una casualidad, que &#8220;Nazaret&#8221; signifique: &#8221;La que custodia&#8221;. Desde entonces, cada vez que una familia custodia este misterio, aunque est\u00e9 en la periferia del mundo, el misterio del Hijo de Dios se pone a la obra. Y viene para salvar el mundo&#8221;.<\/p>\n<p>Al final de la audiencia, 2.500 personas bailaron la milonga al son del bandoneon en la Plaza de San Pedro para felicitar al Papa su 78 cumplea\u00f1os. La iniciativa &#8221;Un tango para Francisco&#8221; surgi\u00f3 en las redes sociales y, como se ha visto hoy, miles de personas se adhirieron a ella.<\/p>\n<p><img fetchpriority=\"high\" decoding=\"async\" class=\"wp-image-8141 aligncenter\" src=\"http:\/\/obispadodezaratecampana.org\/wp-content\/uploads\/2014\/12\/papa1-300x200.jpg\" alt=\"papa\" width=\"438\" height=\"200\" \/><\/p>\n<p><em>Foto:\u00a0Este martes 16 de diciembre, el Papa Francisco recibi\u00f3 a un grupo de 20 chicos con discapacidad y 10 m\u00fasicos que participaron en el proyecto \u201cGestos de amor\u201d, impulsado por el cantante folcl\u00f3rico argentino Memo Vilte. Los j\u00f3venes estuvieron acompa\u00f1ados por sus educadores y por el obispo de Jujuy, Mons. C\u00e9sar Daniel Fern\u00e1ndez<\/em><br \/>\n<em>\u201cGestos de amor\u201d es un proyecto de integraci\u00f3n a trav\u00e9s del arte, plasmado en un DVD -del mismo nombre- en el que Vilte canta, mientras chicos sordomudos traducen en lenguaje de se\u00f1as los temas, que su vez bailan y representan j\u00f3venes con S\u00edndrome de Down.<\/em><br \/>\n<em>Los artistas interpretaron m\u00fasicas populares argentinas en homenaje al Papa Francisco, que les dijo al saludarles: \u201cLas cosas hechas con amor, sin pedir nada a cambio, son gestos puros, son, para todos, gestos de amor que no tienen precio\u201d.<\/em><\/p>\n<p>Fuente: www.news.va<\/p>\n<!-- AddThis Advanced Settings generic via filter on the_content --><!-- AddThis Share Buttons generic via filter on the_content -->","protected":false},"excerpt":{"rendered":"<p>Audiencia general: Jes\u00fas eligi\u00f3 venir al mundo en una familia Ciudad del Vaticano, 17 de diciembre 2014 (VIS).- La familia es el &#8221;gran don que [&hellip;]<!-- AddThis Advanced Settings generic via filter on get_the_excerpt --><!-- AddThis Share Buttons generic via filter on get_the_excerpt --><\/p>\n","protected":false},"author":2,"featured_media":8141,"comment_status":"open","ping_status":"open","sticky":false,"template":"","format":"standard","meta":{"footnotes":""},"categories":[161],"tags":[],"class_list":["post-8140","post","type-post","status-publish","format-standard","has-post-thumbnail","hentry","category-el-papa-leonxiv"],"_links":{"self":[{"href":"https:\/\/obispadodezaratecampana.org\/index.php?rest_route=\/wp\/v2\/posts\/8140","targetHints":{"allow":["GET"]}}],"collection":[{"href":"https:\/\/obispadodezaratecampana.org\/index.php?rest_route=\/wp\/v2\/posts"}],"about":[{"href":"https:\/\/obispadodezaratecampana.org\/index.php?rest_route=\/wp\/v2\/types\/post"}],"author":[{"embeddable":true,"href":"https:\/\/obispadodezaratecampana.org\/index.php?rest_route=\/wp\/v2\/users\/2"}],"replies":[{"embeddable":true,"href":"https:\/\/obispadodezaratecampana.org\/index.php?rest_route=%2Fwp%2Fv2%2Fcomments&post=8140"}],"version-history":[{"count":1,"href":"https:\/\/obispadodezaratecampana.org\/index.php?rest_route=\/wp\/v2\/posts\/8140\/revisions"}],"predecessor-version":[{"id":8142,"href":"https:\/\/obispadodezaratecampana.org\/index.php?rest_route=\/wp\/v2\/posts\/8140\/revisions\/8142"}],"wp:featuredmedia":[{"embeddable":true,"href":"https:\/\/obispadodezaratecampana.org\/index.php?rest_route=\/wp\/v2\/media\/8141"}],"wp:attachment":[{"href":"https:\/\/obispadodezaratecampana.org\/index.php?rest_route=%2Fwp%2Fv2%2Fmedia&parent=8140"}],"wp:term":[{"taxonomy":"category","embeddable":true,"href":"https:\/\/obispadodezaratecampana.org\/index.php?rest_route=%2Fwp%2Fv2%2Fcategories&post=8140"},{"taxonomy":"post_tag","embeddable":true,"href":"https:\/\/obispadodezaratecampana.org\/index.php?rest_route=%2Fwp%2Fv2%2Ftags&post=8140"}],"curies":[{"name":"wp","href":"https:\/\/api.w.org\/{rel}","templated":true}]}}