{"id":8137,"date":"2014-12-19T08:34:57","date_gmt":"2014-12-19T11:34:57","guid":{"rendered":"http:\/\/obispadodezaratecampana.org\/?p=8137"},"modified":"2014-12-19T08:34:57","modified_gmt":"2014-12-19T11:34:57","slug":"y-en-la-tierra-paz-a-los-hombres-cea","status":"publish","type":"post","link":"https:\/\/obispadodezaratecampana.org\/?p=8137","title":{"rendered":"\u201cY EN LA TIERRA PAZ A LOS HOMBRES\u201d &#8211; CEA"},"content":{"rendered":"<p>\u201cY EN LA TIERRA PAZ A LOS HOMBRES\u201d<\/p>\n<p>En la Navidad escuchamos con gozo: \u201c\u00a1Gloria a Dios en las alturas, y en la tierra paz a los hombres amados por \u00e9l!\u201d (Lc. 2, 14). Renovamos la certeza de sabernos amados y visitados por Dios, y celebramos el anuncio de paz como un don que tiene su fuente en Dios y su camino en Jesucristo. La paz siempre es un desaf\u00edo y una tarea para todo hombre y mujer de buena voluntad. Queremos compartir la alegr\u00eda de este anuncio para construir juntos una Patria m\u00e1s fraterna. Navidad es, en la persona de Jes\u00fas, el comienzo de lo nuevo.<\/p>\n<p>Sabemos que lo que compromete la paz tiene su ra\u00edz en el coraz\u00f3n del hombre herido por el pecado. Vemos sus consecuencias en los desequilibrios sociales y econ\u00f3micos que reclaman un orden mundial m\u00e1s justo; en el desprecio por la vida que es el derecho fundamental de la persona; en el delito del narcotr\u00e1fico y la trata de personas; en los fanatismos que utilizan el nombre de Dios para justificar la muerte; en el odio que cierra el camino a la reconciliaci\u00f3n; en la corrupci\u00f3n y la falta de ejemplaridad que empobrece el nivel moral de la sociedad; en una cultura individualista que debilita los v\u00ednculos personales y los lazos comunitarios; en un modo de pensar que privilegia el \u00e9xito del tener sobre la riqueza del ser y sus valores. Navidad es el s\u00ed de Dios al hombre para acompa\u00f1arlo a crear un mundo m\u00e1s humano, justo y fraterno.<\/p>\n<p>En Navidad Dios se hace cercano y asume nuestra condici\u00f3n humana haci\u00e9ndonos sus hijos y renovando los v\u00ednculos familiares y sociales. Mirando el pesebre en esta Navidad, se nos invita a renovar el mandamiento del amor y a decir juntos la oraci\u00f3n que nos ha acompa\u00f1ado durante estos a\u00f1os: Danos,<br \/>\nSe\u00f1or, la valent\u00eda de la libertad de los hijos de Dios para amar a todos sin excluir a nadie, privilegiando a los pobres y perdonando a los que nos ofenden, aborreciendo el odio y construyendo la paz. Conc\u00e9denos la sabidur\u00eda del di\u00e1logo y la alegr\u00eda de la esperanza que no defrauda. Que Mar\u00eda Sant\u00edsima, nuestra Madre de Luj\u00e1n, nos acompa\u00f1e en este camino de amor, de justicia y de paz, para alabanza de Dios y al servicio de nuestra Patria.<\/p>\n<p>169\u00ba Reuni\u00f3n Comisi\u00f3n Permanente de la Conferencia Episcopal Argentina 17 de diciembre de 2014<\/p>\n<p>&nbsp;<\/p>\n<p>FOTO: Pesebre del Hogar de la Paz y la Alegr\u00eda de las Hermanas Misioneras de la Caridad de la zona del bajo de Zarate (a\u00f1o 2013<\/p>\n<p><img fetchpriority=\"high\" decoding=\"async\" class=\" wp-image-8138 aligncenter\" src=\"http:\/\/obispadodezaratecampana.org\/wp-content\/uploads\/2014\/12\/pesebre-300x225.jpg\" alt=\"pesebre\" width=\"651\" height=\"381\" \/><\/p>\n<!-- AddThis Advanced Settings generic via filter on the_content --><!-- AddThis Share Buttons generic via filter on the_content -->","protected":false},"excerpt":{"rendered":"<p>\u201cY EN LA TIERRA PAZ A LOS HOMBRES\u201d En la Navidad escuchamos con gozo: \u201c\u00a1Gloria a Dios en las alturas, y en la tierra paz [&hellip;]<!-- AddThis Advanced Settings generic via filter on get_the_excerpt --><!-- AddThis Share Buttons generic via filter on get_the_excerpt --><\/p>\n","protected":false},"author":2,"featured_media":8138,"comment_status":"open","ping_status":"open","sticky":false,"template":"","format":"standard","meta":{"footnotes":""},"categories":[1],"tags":[],"class_list":["post-8137","post","type-post","status-publish","format-standard","has-post-thumbnail","hentry","category-noticiasdiocesanas"],"_links":{"self":[{"href":"https:\/\/obispadodezaratecampana.org\/index.php?rest_route=\/wp\/v2\/posts\/8137","targetHints":{"allow":["GET"]}}],"collection":[{"href":"https:\/\/obispadodezaratecampana.org\/index.php?rest_route=\/wp\/v2\/posts"}],"about":[{"href":"https:\/\/obispadodezaratecampana.org\/index.php?rest_route=\/wp\/v2\/types\/post"}],"author":[{"embeddable":true,"href":"https:\/\/obispadodezaratecampana.org\/index.php?rest_route=\/wp\/v2\/users\/2"}],"replies":[{"embeddable":true,"href":"https:\/\/obispadodezaratecampana.org\/index.php?rest_route=%2Fwp%2Fv2%2Fcomments&post=8137"}],"version-history":[{"count":1,"href":"https:\/\/obispadodezaratecampana.org\/index.php?rest_route=\/wp\/v2\/posts\/8137\/revisions"}],"predecessor-version":[{"id":8139,"href":"https:\/\/obispadodezaratecampana.org\/index.php?rest_route=\/wp\/v2\/posts\/8137\/revisions\/8139"}],"wp:featuredmedia":[{"embeddable":true,"href":"https:\/\/obispadodezaratecampana.org\/index.php?rest_route=\/wp\/v2\/media\/8138"}],"wp:attachment":[{"href":"https:\/\/obispadodezaratecampana.org\/index.php?rest_route=%2Fwp%2Fv2%2Fmedia&parent=8137"}],"wp:term":[{"taxonomy":"category","embeddable":true,"href":"https:\/\/obispadodezaratecampana.org\/index.php?rest_route=%2Fwp%2Fv2%2Fcategories&post=8137"},{"taxonomy":"post_tag","embeddable":true,"href":"https:\/\/obispadodezaratecampana.org\/index.php?rest_route=%2Fwp%2Fv2%2Ftags&post=8137"}],"curies":[{"name":"wp","href":"https:\/\/api.w.org\/{rel}","templated":true}]}}