{"id":8134,"date":"2014-12-15T15:56:12","date_gmt":"2014-12-15T18:56:12","guid":{"rendered":"http:\/\/obispadodezaratecampana.org\/?p=8134"},"modified":"2014-12-15T15:56:12","modified_gmt":"2014-12-15T18:56:12","slug":"angelus-redescubrir-la-alegria-real-de-jesucristo","status":"publish","type":"post","link":"https:\/\/obispadodezaratecampana.org\/?p=8134","title":{"rendered":"\u00c1ngelus: Redescubrir la alegr\u00eda real de Jesucristo"},"content":{"rendered":"<p>\u00c1ngelus: Redescubrir la alegr\u00eda real de Jesucristo<\/p>\n<p>Ciudad del Vaticano, 14 de diciembre 2014 (VIS).- Hoy, tercer domingo de Adviento, conocido como &#8221;domingo de la alegr\u00eda&#8221; (gaudete) el Papa Francisco se asom\u00f3 a la ventana de su estudio para rezar el \u00c1ngelus con los fieles reunidos en la Plaza de San Pedro entre los que se encontraban numerosos ni\u00f1os que hab\u00edan tra\u00eddo las figuritas de Jes\u00fas para ponerlas en el Bel\u00e9n despu\u00e9s de que el Papa la bendijese.<\/p>\n<p>Francisco record\u00f3 que despu\u00e9s de la vigilancia espiritual el Adviento invita a otra actitud para preparar el camino a Jes\u00fas: la alegr\u00eda. &#8221;El coraz\u00f3n del hombre -dijo- desea la alegr\u00eda. Todos deseamos la alegr\u00eda, cada familia, cada pueblo aspira a la felicidad. \u00bfPero cu\u00e1l es la alegr\u00eda que el cristiano est\u00e1 llamado a vivir, est\u00e1 llamado a testimoniar? Es la que viene de la cercan\u00eda de Dios, de su presencia en nuestra vida. Desde que Jes\u00fas entr\u00f3 en la historia, con su nacimiento en Bel\u00e9n, la humanidad recibi\u00f3 el germen del Reino de Dios, como un terreno que recibe la semilla, promesa de la futura cosecha. \u00a1Ya no hace falta buscar en otro lugar! Jes\u00fas vino a traer la alegr\u00eda a todos y para siempre. No se trata de una alegr\u00eda solamente esperada o postergada al Para\u00edso: aqu\u00ed en la tierra estamos tristes pero en el Para\u00edso seremos dichosos. \u00a1No, no! Es una alegr\u00eda real y que se puede sentir ya desde ahora, porque Jes\u00fas mismo es nuestra alegr\u00eda, y nuestra casa con Jes\u00fas es alegre&#8221;.<\/p>\n<p>Todos nosotros, los bautizados, los hijos de la Iglesia, estamos llamados a &#8221;acoger siempre nuevamente la presencia de Dios en medio de nosotros y a ayudar a los dem\u00e1s a descubrirla, o a redescubrirla en el caso de que la hubieran olvidado. Se trata de una misi\u00f3n bell\u00edsima, parecida a la de Juan Bautista: orientar la gente hacia Cristo &#8211; \u00a1no hacia nosotros mismos! ? porque es \u00c9l la meta hacia la que tiende el coraz\u00f3n del ser humano cuando busca la alegr\u00eda y la felicidad&#8221;.<\/p>\n<p>San Pablo, en la liturgia de hoy, indica las condiciones para ser misioneros de la alegr\u00eda: orar con perseverancia, dar siempre gracias a Dios, secundar su Esp\u00edritu, buscar el bien y evitar el mal. &#8221;Si nuestro estilo de vida ser\u00e1 as\u00ed -asever\u00f3 el Papa- la Buena Nueva podr\u00e1 entrar en tantas casas y ayudar a las personas y a las familias a redescubrir que en Jes\u00fas est\u00e1 la salvaci\u00f3n. En \u00c9l es posible encontrar la paz interior y la fuerza para afrontar cada d\u00eda las diversas situaciones de la vida, tambi\u00e9n aquellas m\u00e1s pesadas y dif\u00edciles. Nunca se ha o\u00eddo hablar de un santo triste o de una santa con cara de funeral. Ser\u00eda un contrasentido. El cristiano es una persona con el coraz\u00f3n lleno de paz porque sabe poner su alegr\u00eda en el Se\u00f1or tambi\u00e9n cuando atraviesa los momentos dif\u00edciles de la vida. Tener fe no significa no tener momentos dif\u00edciles, sino tener la fuerza de afrontarlos sabiendo que no estamos solos. Esta es la paz que Dios da a sus hijos&#8221;.<\/p>\n<p>El Papa regala un libro de oraciones para rezar todos los d\u00edas<\/p>\n<p>Ciudad del Vaticano, 14 de diciembre 2014 (VIS).-Despu\u00e9s de rezar el \u00c1ngelus, Francisco salud\u00f3 a todos los presentes en la Plaza de San Pedro, familias, grupos parroquiales,asociaciones y, en especial a los fieles polacos haciendo extensivo su saludo a toda Polonia donde hoy se enciende la ?vela de Navidad? y se reafirma el compromiso de solidaridad, sobre todo en el ?A\u00f1o de la Caritas? que celebra esa naci\u00f3n.<\/p>\n<p>Despu\u00e9s se dirigi\u00f3 a los ni\u00f1os que esperaban que bendijese las figuritas del Bel\u00e9n, agradeci\u00e9ndoles su presencia y tambi\u00e9n la alegr\u00eda que hab\u00edan manifestado en la Plaza, donde campeaba una pancarta con la frase: &#8221;Con Jes\u00fas la alegr\u00eda est\u00e1 en casa&#8221;. El Papa les dese\u00f3 Feliz Navidad pidi\u00e9ndoles tambi\u00e9n que cuando volvieran a casa y rezasen ante el Nacimiento se acordaran de rezar por \u00e9l, como Francisco lo hace por ellos.<\/p>\n<p>&#8221;La oraci\u00f3n es el respiro del alma -se\u00f1al\u00f3- es importante encontrar momentos en la jornada para abrir el coraz\u00f3n a Dios, tambi\u00e9n con las oraciones, sencillas y breves, del pueblo cristiano. Por eso , hoy he pensado en hacer un regalo a todos los que est\u00e1n aqu\u00ed, en la Plaza, una sorpresa, un regalo. Os voy a dar un libro de bolsillo que re\u00fane algunas oraciones, para los varios momentos de la jornada y las diversas situaciones de la vida. Algunos voluntarios los distribuir\u00e1n. Tomad uno cada uno y llevadlo siempre con vosotros como ayuda para vivir toda la jornada con Dios. Y para no olvidarnos del mensaje tan bonito, de la pancarta, vamos a decirlo todos juntos: ?Con Jes\u00fas, la alegr\u00eda est\u00e1 en casa?. Otra vez: ?con Jes\u00fas, la alegr\u00eda est\u00e1 en casa&#8221;.<\/p>\n<p>El libro que regal\u00f3 el Papa, contiene salmos, el Magnificat, invocaciones a Mar\u00eda, el Gloria, la oraci\u00f3n al Angel de la Guarda, plegarias para rezar a lo largo del d\u00eda y en la bendici\u00f3n de la mesa, en la confesi\u00f3n y por intenciones particulares. Est\u00e1 publicado, en italiano, por la Libreria Editorial Vaticana<\/p>\n<!-- AddThis Advanced Settings generic via filter on the_content --><!-- AddThis Share Buttons generic via filter on the_content -->","protected":false},"excerpt":{"rendered":"<p>\u00c1ngelus: Redescubrir la alegr\u00eda real de Jesucristo Ciudad del Vaticano, 14 de diciembre 2014 (VIS).- Hoy, tercer domingo de Adviento, conocido como &#8221;domingo de la [&hellip;]<!-- AddThis Advanced Settings generic via filter on get_the_excerpt --><!-- AddThis Share Buttons generic via filter on get_the_excerpt --><\/p>\n","protected":false},"author":2,"featured_media":8135,"comment_status":"open","ping_status":"open","sticky":false,"template":"","format":"standard","meta":{"footnotes":""},"categories":[161],"tags":[],"class_list":["post-8134","post","type-post","status-publish","format-standard","has-post-thumbnail","hentry","category-el-papa-leonxiv"],"_links":{"self":[{"href":"https:\/\/obispadodezaratecampana.org\/index.php?rest_route=\/wp\/v2\/posts\/8134","targetHints":{"allow":["GET"]}}],"collection":[{"href":"https:\/\/obispadodezaratecampana.org\/index.php?rest_route=\/wp\/v2\/posts"}],"about":[{"href":"https:\/\/obispadodezaratecampana.org\/index.php?rest_route=\/wp\/v2\/types\/post"}],"author":[{"embeddable":true,"href":"https:\/\/obispadodezaratecampana.org\/index.php?rest_route=\/wp\/v2\/users\/2"}],"replies":[{"embeddable":true,"href":"https:\/\/obispadodezaratecampana.org\/index.php?rest_route=%2Fwp%2Fv2%2Fcomments&post=8134"}],"version-history":[{"count":1,"href":"https:\/\/obispadodezaratecampana.org\/index.php?rest_route=\/wp\/v2\/posts\/8134\/revisions"}],"predecessor-version":[{"id":8136,"href":"https:\/\/obispadodezaratecampana.org\/index.php?rest_route=\/wp\/v2\/posts\/8134\/revisions\/8136"}],"wp:featuredmedia":[{"embeddable":true,"href":"https:\/\/obispadodezaratecampana.org\/index.php?rest_route=\/wp\/v2\/media\/8135"}],"wp:attachment":[{"href":"https:\/\/obispadodezaratecampana.org\/index.php?rest_route=%2Fwp%2Fv2%2Fmedia&parent=8134"}],"wp:term":[{"taxonomy":"category","embeddable":true,"href":"https:\/\/obispadodezaratecampana.org\/index.php?rest_route=%2Fwp%2Fv2%2Fcategories&post=8134"},{"taxonomy":"post_tag","embeddable":true,"href":"https:\/\/obispadodezaratecampana.org\/index.php?rest_route=%2Fwp%2Fv2%2Ftags&post=8134"}],"curies":[{"name":"wp","href":"https:\/\/api.w.org\/{rel}","templated":true}]}}