{"id":8131,"date":"2014-12-15T15:32:53","date_gmt":"2014-12-15T18:32:53","guid":{"rendered":"http:\/\/obispadodezaratecampana.org\/?p=8131"},"modified":"2014-12-15T15:32:53","modified_gmt":"2014-12-15T18:32:53","slug":"reunion-de-la-comision-permanente-cea","status":"publish","type":"post","link":"https:\/\/obispadodezaratecampana.org\/?p=8131","title":{"rendered":"Reuni\u00f3n de la Comisi\u00f3n Permanente &#8211; CEA"},"content":{"rendered":"<p>Conferencia Episcopal Argentina \u00a0&#8211;\u00a0169\u00b0 Reuni\u00f3n de la Comisi\u00f3n Permanente<\/p>\n<p>La Comisi\u00f3n Permanente de la Conferencia Episcopal Argentina se reunir\u00e1 los d\u00edas 16 y 17 de diciembre en la sede de Suipacha 1032. Se trata de la primera reuni\u00f3n luego de la renovaci\u00f3n de las autoridades en la Asamblea Plenaria de noviembre \u00faltimo.<br \/>\nLa misma comenzar\u00e1, como es habitual, con un intercambio donde los obispos presentan libremente diversos temas e inquietudes del trabajo pastoral de la Iglesia en Argentina.<br \/>\nTambi\u00e9n se dedicar\u00e1 un tiempo a la elaboraci\u00f3n de nuevas l\u00edneas para el trienio 20142017 con el fin de orientar la actividad pastoral en este per\u00edodo.<br \/>\nLos obispos decidir\u00e1n adem\u00e1s una metodolog\u00eda de trabajo en base a la \u201cLineamenta\u201d (documento preparatorio) para el S\u00ednodo Ordinario sobre la Familia, que tendr\u00e1 lugar en octubre de 2015. En ella se contienen las conclusiones de la Asamblea Extraordinaria realizada este a\u00f1o y que la Santa Sede propone sea abordada y profundizada mediante 46 preguntas. La participaci\u00f3n de los diferentes componentes de las Iglesias particulares y las instituciones acad\u00e9micas, organizaciones, grupos y otros organismos eclesiales laicos tiene como fin promover una amplia consulta sobre la familia en la orientaci\u00f3n y el esp\u00edritu del proceso sinodal.<br \/>\nOtras cuestiones que abordar\u00e1n los obispos son los nombramientos de los Secretarios Ejecutivos de las distintas comisiones episcopales y el estatuto del Departamento de Laicos.<br \/>\nLa Comisi\u00f3n Permanente est\u00e1 integrada fundamentalmente por los miembros de la Comisi\u00f3n Ejecutiva de la Conferencia Episcopal, los presidentes de las Comisiones Episcopales estables y los obispos delegados de cada regi\u00f3n pastoral del pa\u00eds. Se re\u00fane de manera ordinaria tres veces al a\u00f1o y, de acuerdo a los estatutos de la CEA, tiene como objetivo mantener \u201cuna atenci\u00f3n pastoral constante sobre la realidad argentina, tanto general como regional, procurando reconocer en ella los desaf\u00edos que presenta a la acci\u00f3n evangelizadora\u201d. En respuesta a ello \u201cpropone a la Asamblea Plenaria las grandes l\u00edneas u opciones pastorales para su oportuna consideraci\u00f3n\u201d.<\/p>\n<!-- AddThis Advanced Settings generic via filter on the_content --><!-- AddThis Share Buttons generic via filter on the_content -->","protected":false},"excerpt":{"rendered":"<p>Conferencia Episcopal Argentina \u00a0&#8211;\u00a0169\u00b0 Reuni\u00f3n de la Comisi\u00f3n Permanente La Comisi\u00f3n Permanente de la Conferencia Episcopal Argentina se reunir\u00e1 los d\u00edas 16 y 17 de [&hellip;]<!-- AddThis Advanced Settings generic via filter on get_the_excerpt --><!-- AddThis Share Buttons generic via filter on get_the_excerpt --><\/p>\n","protected":false},"author":2,"featured_media":8132,"comment_status":"open","ping_status":"open","sticky":false,"template":"","format":"standard","meta":{"footnotes":""},"categories":[5],"tags":[],"class_list":["post-8131","post","type-post","status-publish","format-standard","has-post-thumbnail","hentry","category-generales"],"_links":{"self":[{"href":"https:\/\/obispadodezaratecampana.org\/index.php?rest_route=\/wp\/v2\/posts\/8131","targetHints":{"allow":["GET"]}}],"collection":[{"href":"https:\/\/obispadodezaratecampana.org\/index.php?rest_route=\/wp\/v2\/posts"}],"about":[{"href":"https:\/\/obispadodezaratecampana.org\/index.php?rest_route=\/wp\/v2\/types\/post"}],"author":[{"embeddable":true,"href":"https:\/\/obispadodezaratecampana.org\/index.php?rest_route=\/wp\/v2\/users\/2"}],"replies":[{"embeddable":true,"href":"https:\/\/obispadodezaratecampana.org\/index.php?rest_route=%2Fwp%2Fv2%2Fcomments&post=8131"}],"version-history":[{"count":1,"href":"https:\/\/obispadodezaratecampana.org\/index.php?rest_route=\/wp\/v2\/posts\/8131\/revisions"}],"predecessor-version":[{"id":8133,"href":"https:\/\/obispadodezaratecampana.org\/index.php?rest_route=\/wp\/v2\/posts\/8131\/revisions\/8133"}],"wp:featuredmedia":[{"embeddable":true,"href":"https:\/\/obispadodezaratecampana.org\/index.php?rest_route=\/wp\/v2\/media\/8132"}],"wp:attachment":[{"href":"https:\/\/obispadodezaratecampana.org\/index.php?rest_route=%2Fwp%2Fv2%2Fmedia&parent=8131"}],"wp:term":[{"taxonomy":"category","embeddable":true,"href":"https:\/\/obispadodezaratecampana.org\/index.php?rest_route=%2Fwp%2Fv2%2Fcategories&post=8131"},{"taxonomy":"post_tag","embeddable":true,"href":"https:\/\/obispadodezaratecampana.org\/index.php?rest_route=%2Fwp%2Fv2%2Ftags&post=8131"}],"curies":[{"name":"wp","href":"https:\/\/api.w.org\/{rel}","templated":true}]}}