{"id":8119,"date":"2014-12-13T22:42:37","date_gmt":"2014-12-14T01:42:37","guid":{"rendered":"http:\/\/obispadodezaratecampana.org\/?p=8119"},"modified":"2014-12-15T15:05:28","modified_gmt":"2014-12-15T18:05:28","slug":"toma-de-posesion-de-parroquia-en-escobar","status":"publish","type":"post","link":"https:\/\/obispadodezaratecampana.org\/?p=8119","title":{"rendered":"Toma de posesi\u00f3n de parroquia en Escobar"},"content":{"rendered":"<p>El domingo 14 de diciembre, a las 19:00 hs, \u00a0el padre Dario Cuello har\u00e1 toma de posesi\u00f3n como administrador parroquial de la parroquia San Juan de la Cruz, situada en el partido de Escobar.<\/p>\n<p>Direcci\u00f3n de la Parroquia San Juan de la Cruz: calle Bel\u00e9n 1035, en el partido de Bel\u00e9n de Escobar.<\/p>\n<p>Ingresando a este enlace encontrar\u00e1n el evento en facebook:\u00a0<a title=\"dario\" href=\"https:\/\/www.facebook.com\/events\/1558513167699220\/?ref_dashboard_filter=upcoming\" target=\"_blank\">https:\/\/www.facebook.com\/events\/1558513167699220\/?ref_dashboard_filter=upcoming<\/a><\/p>\n<p><em>Fotos de la ordenaci\u00f3n sacerdotal del padre Dar\u00edo, del 21 de junio del 2014:<\/em><\/p>\n<p><img fetchpriority=\"high\" decoding=\"async\" class=\"size-medium wp-image-8121 aligncenter\" src=\"http:\/\/obispadodezaratecampana.org\/wp-content\/uploads\/2014\/12\/1925060_381164822045085_1898988601459952549_n-300x168.jpg\" alt=\"1925060_381164822045085_1898988601459952549_n\" width=\"300\" height=\"168\" srcset=\"https:\/\/obispadodezaratecampana.org\/wp-content\/uploads\/2014\/12\/1925060_381164822045085_1898988601459952549_n-300x168.jpg 300w, https:\/\/obispadodezaratecampana.org\/wp-content\/uploads\/2014\/12\/1925060_381164822045085_1898988601459952549_n.jpg 960w\" sizes=\"(max-width: 300px) 100vw, 300px\" \/><\/p>\n<p><img decoding=\"async\" class=\"size-medium wp-image-8122 aligncenter\" src=\"http:\/\/obispadodezaratecampana.org\/wp-content\/uploads\/2014\/12\/10394056_381164572045110_987915426192122674_n-300x168.jpg\" alt=\"10394056_381164572045110_987915426192122674_n\" width=\"300\" height=\"168\" srcset=\"https:\/\/obispadodezaratecampana.org\/wp-content\/uploads\/2014\/12\/10394056_381164572045110_987915426192122674_n-300x168.jpg 300w, https:\/\/obispadodezaratecampana.org\/wp-content\/uploads\/2014\/12\/10394056_381164572045110_987915426192122674_n.jpg 960w\" sizes=\"(max-width: 300px) 100vw, 300px\" \/><\/p>\n<p>&nbsp;<\/p>\n<!-- AddThis Advanced Settings generic via filter on the_content --><!-- AddThis Share Buttons generic via filter on the_content -->","protected":false},"excerpt":{"rendered":"<p>El domingo 14 de diciembre, a las 19:00 hs, \u00a0el padre Dario Cuello har\u00e1 toma de posesi\u00f3n como administrador parroquial de la parroquia San Juan [&hellip;]<!-- AddThis Advanced Settings generic via filter on get_the_excerpt --><!-- AddThis Share Buttons generic via filter on get_the_excerpt --><\/p>\n","protected":false},"author":2,"featured_media":8120,"comment_status":"open","ping_status":"open","sticky":false,"template":"","format":"standard","meta":{"footnotes":""},"categories":[3],"tags":[],"class_list":["post-8119","post","type-post","status-publish","format-standard","has-post-thumbnail","hentry","category-noticiasparroquiales"],"_links":{"self":[{"href":"https:\/\/obispadodezaratecampana.org\/index.php?rest_route=\/wp\/v2\/posts\/8119","targetHints":{"allow":["GET"]}}],"collection":[{"href":"https:\/\/obispadodezaratecampana.org\/index.php?rest_route=\/wp\/v2\/posts"}],"about":[{"href":"https:\/\/obispadodezaratecampana.org\/index.php?rest_route=\/wp\/v2\/types\/post"}],"author":[{"embeddable":true,"href":"https:\/\/obispadodezaratecampana.org\/index.php?rest_route=\/wp\/v2\/users\/2"}],"replies":[{"embeddable":true,"href":"https:\/\/obispadodezaratecampana.org\/index.php?rest_route=%2Fwp%2Fv2%2Fcomments&post=8119"}],"version-history":[{"count":3,"href":"https:\/\/obispadodezaratecampana.org\/index.php?rest_route=\/wp\/v2\/posts\/8119\/revisions"}],"predecessor-version":[{"id":8130,"href":"https:\/\/obispadodezaratecampana.org\/index.php?rest_route=\/wp\/v2\/posts\/8119\/revisions\/8130"}],"wp:featuredmedia":[{"embeddable":true,"href":"https:\/\/obispadodezaratecampana.org\/index.php?rest_route=\/wp\/v2\/media\/8120"}],"wp:attachment":[{"href":"https:\/\/obispadodezaratecampana.org\/index.php?rest_route=%2Fwp%2Fv2%2Fmedia&parent=8119"}],"wp:term":[{"taxonomy":"category","embeddable":true,"href":"https:\/\/obispadodezaratecampana.org\/index.php?rest_route=%2Fwp%2Fv2%2Fcategories&post=8119"},{"taxonomy":"post_tag","embeddable":true,"href":"https:\/\/obispadodezaratecampana.org\/index.php?rest_route=%2Fwp%2Fv2%2Ftags&post=8119"}],"curies":[{"name":"wp","href":"https:\/\/api.w.org\/{rel}","templated":true}]}}