{"id":8107,"date":"2014-12-13T14:36:31","date_gmt":"2014-12-13T17:36:31","guid":{"rendered":"http:\/\/obispadodezaratecampana.org\/?p=8107"},"modified":"2014-12-13T14:36:31","modified_gmt":"2014-12-13T17:36:31","slug":"el-papa-a-la-union-italiana-de-ciegos","status":"publish","type":"post","link":"https:\/\/obispadodezaratecampana.org\/?p=8107","title":{"rendered":"El Papa a la Uni\u00f3n Italiana de Ciegos"},"content":{"rendered":"<p>El Santo Padre recibi\u00f3 este s\u00e1bado al Consejo Nacional de la Uni\u00f3n Italiana de Ciegos y personas con discapacidad visual, en ocasi\u00f3n de la fiesta de Santa Luc\u00eda, Patrona de la vista.<\/p>\n<p><span style=\"line-height: 1.6;\">Santa Luc\u00eda, m\u00e1rtir en el siglo IV durante el Imperio de Diocleciano, ense\u00f1a algunos valores humanos \u2013subray\u00f3 el Papa \u2013 que pueden ser compartidos por todos, creyentes y no creyentes.<\/span><\/p>\n<p>Primero que todo el coraje, dijo, de esta joven mujer. Un coraje del cual \u201ctodos necesitamos para afrontar las pruebas de la vida\u201d.<\/p>\n<p>De ah\u00ed la exhortaci\u00f3n del Pont\u00edfice a tener coraje para no cerrarse ante las pruebas de la vida, sino por el contrario abrirse a la realidad, a los dem\u00e1s y a la sociedad. Otro valor sugerido por la Santa, sigui\u00f3 Francisco, fue el de formar parte de una comunidad y \u00a0\u201chacer\u201d comunidad, porque de hecho, una asociaci\u00f3n no es una suma de individuos sino que es mucho m\u00e1s: en un tiempo en el que la sociedad apuesta mucho sobre derechos individualistas, se corre el riesgo de olvidar la dimensi\u00f3n de la comunidad. Por ese motivo \u2013 afirm\u00f3 el Papa &#8211; las personas que conviven con discapacidades o desventajas \u201cpueden decir a todos, con su experiencia, que no somos \u2018m\u00f3nadas\u2019, no estamos hechos para ser aislados, sino para relacionarnos, para completarnos, ayudarnos, acompa\u00f1arnos y sostenernos unos a otros.<\/p>\n<p>Finalmente el Sucesor de Pedro se\u00f1al\u00f3 el valor del don de s\u00ed mismo, que la joven m\u00e1rtir testimoni\u00f3 con su vida. Con este valor Luc\u00eda nos dice que \u201cla vida est\u00e1 hecha para ser donada\u201d porque \u201cel hombre no se realiza plenamente en el poseer y ni siquiera en el hacer; se realiza en el amar, es decir, en el donarse\u201d. Y \u00e9ste es el secreto de la verdadera felicidad.<\/p>\n<p><strong style=\"line-height: 1.6;\">Discurso completo<\/strong><\/p>\n<p><span style=\"line-height: 1.6;\">Queridos hermanos y hermanas,<\/span><\/p>\n<p><span style=\"line-height: 1.6;\">les doy la bienvenida y les agradezco por este encuentro. Agradezco al Presidente, Dr. Mario Barbuto, las palabras con las que lo ha iniciado.<\/span><\/p>\n<p>Hizo referencia a Santa Luc\u00eda, como patrona de las personas privadas de la vista. Esto no es descontado, porque su asociaci\u00f3n es no confesional; sin embargo, ustedes han propuesto que nuestro encuentro suceda precisamente hoy, confirmando que la tradici\u00f3n conserva para ustedes un cierto significado.<\/p>\n<p>Por eso me gustar\u00eda mencionar algunos valores humanos que la figura de Santa Luc\u00eda nos sugiere. Subrayo: valores humanos. Luc\u00eda los vivi\u00f3 de manera ejemplar gracias a su fe en Cristo, pero pueden ser compartidos por todos.<\/p>\n<p><span style=\"line-height: 1.6;\">Primero que todo Luc\u00eda sugiere un valor que me parece muy importante tambi\u00e9n para ustedes: el coraje. Ella era una mujer joven, inerme, pero afront\u00f3 las torturas y la muerte violenta con gran valent\u00eda, un coraje que vino de Cristo resucitado, a quien estaba unida, y del Esp\u00edritu Santo, que viv\u00eda en ella.<\/span><\/p>\n<p>Todos necesitamos coraje para afrontar las pruebas de la vida. En particular, las personas ciegas y con discapacidad visual tienen necesidad de \u00e9l para no cerrarse, para no asumir una actitud de v\u00edctima, sino por el contrario abrirse a la realidad, a los dem\u00e1s, a la sociedad; para conocer y apreciar las capacidades que el Se\u00f1or ha puesto en cada uno, en realidad en todos, \u00a1sin excepci\u00f3n! Pero para ello se necesita coraje, la fuerza de \u00e1nimo.<\/p>\n<p><span style=\"line-height: 1.6;\">Otro valor se nos sugiere por Santa Luc\u00eda, es decir, el hecho de que ella no estaba sola, sino que era parte de una comunidad, era un miembro de un cuerpo del cual Cristo es la cabeza, piedra de un edificio del cual Cristo es el cimiento. Tambi\u00e9n este aspecto se refleja en el plano humano. Ustedes son una asociaci\u00f3n, y esto es un valor. Una asociaci\u00f3n no es una suma de individuos, es mucho m\u00e1s. Hoy hay mucha necesidad de vivir con alegr\u00eda y compromiso la dimensi\u00f3n asociativa, porque en este momento de la historia est\u00e1 \u201cen ca\u00edda\u201d, no se siente con fuerza. Hacer grupo, ser solidarios, conocer, compartir experiencias, aunar recursos &#8230; todo esto forma parte del patrimonio civil de un pueblo. Y a menudo las personas que conviven con discapacidades o desventajas pueden decir a todos, con su experiencia, que no somos \u201cm\u00f3nadas\u201d, no estamos hechos para ser aislados, sino para relacionarnos, para completarnos, ayudarnos, acompa\u00f1arnos, sostenernos unos a otros. La presencia de las personas discapacitadas provoca a todos a hacer comunidad, es m\u00e1s, a ser comunidad, a recibirnos mutuamente con nuestras limitaciones. \u00a1Porque todos tenemos capacidades, pero todos tenemos tambi\u00e9n l\u00edmites!<\/span><\/p>\n<p><span style=\"line-height: 1.6;\">Finalmente, Luc\u00eda nos dice que la vida est\u00e1 hecha para ser donada. Ella vivi\u00f3 esto en la forma extrema del martirio, pero el valor del don de s\u00ed mismo es universal: es el secreto de la verdadera felicidad. El hombre no se realiza plenamente en el poseer y ni siquiera en el hacer; se realiza en el amar, es decir, en el donarse. Y esto tambi\u00e9n se puede entender como el secreto del nombre \u201cLuc\u00eda\u201d: una persona es \u201cluminosa\u201d en la medida en que es un don para los dem\u00e1s. Y cada persona, en realidad, lo es, \u00a1es un regalo precioso!<\/span><\/p>\n<p><span style=\"line-height: 1.6;\">Queridos amigos, vivir seg\u00fan estos valores tambi\u00e9n pueden comportar hoy incomprensiones, la fatiga de ir contracorriente; pero esto no es de extra\u00f1arse: el testimonio requiere siempre pagar personalmente. Las sociedades de hoy que apuntan sobre derechos \u201cindividualistas\u201d corren el riesgo de olvidar la dimensi\u00f3n de la comunidad y aquella del don gratuito de s\u00ed mismo para los dem\u00e1s. Por eso todav\u00eda hay necesidad de luchar, con el ejemplo y la intercesi\u00f3n de Santa Luc\u00eda. Les deseo que lo hagan con coraje y con la alegr\u00eda de hacerlo juntos.<\/span><\/p>\n<p>\u00a1Feliz Navidad para ustedes y para todos los socios!<\/p>\n<p>Ahora le pido al Se\u00f1or que bendiga a todos ustedes, sus familias, sus cosas. Los bendiga Dios Omnipotente.<\/p>\n<p>Fuente: www.news.va<\/p>\n<!-- AddThis Advanced Settings generic via filter on the_content --><!-- AddThis Share Buttons generic via filter on the_content -->","protected":false},"excerpt":{"rendered":"<p>El Santo Padre recibi\u00f3 este s\u00e1bado al Consejo Nacional de la Uni\u00f3n Italiana de Ciegos y personas con discapacidad visual, en ocasi\u00f3n de la fiesta [&hellip;]<!-- AddThis Advanced Settings generic via filter on get_the_excerpt --><!-- AddThis Share Buttons generic via filter on get_the_excerpt --><\/p>\n","protected":false},"author":2,"featured_media":8108,"comment_status":"open","ping_status":"open","sticky":false,"template":"","format":"standard","meta":{"footnotes":""},"categories":[161],"tags":[],"class_list":["post-8107","post","type-post","status-publish","format-standard","has-post-thumbnail","hentry","category-el-papa-leonxiv"],"_links":{"self":[{"href":"https:\/\/obispadodezaratecampana.org\/index.php?rest_route=\/wp\/v2\/posts\/8107","targetHints":{"allow":["GET"]}}],"collection":[{"href":"https:\/\/obispadodezaratecampana.org\/index.php?rest_route=\/wp\/v2\/posts"}],"about":[{"href":"https:\/\/obispadodezaratecampana.org\/index.php?rest_route=\/wp\/v2\/types\/post"}],"author":[{"embeddable":true,"href":"https:\/\/obispadodezaratecampana.org\/index.php?rest_route=\/wp\/v2\/users\/2"}],"replies":[{"embeddable":true,"href":"https:\/\/obispadodezaratecampana.org\/index.php?rest_route=%2Fwp%2Fv2%2Fcomments&post=8107"}],"version-history":[{"count":1,"href":"https:\/\/obispadodezaratecampana.org\/index.php?rest_route=\/wp\/v2\/posts\/8107\/revisions"}],"predecessor-version":[{"id":8109,"href":"https:\/\/obispadodezaratecampana.org\/index.php?rest_route=\/wp\/v2\/posts\/8107\/revisions\/8109"}],"wp:featuredmedia":[{"embeddable":true,"href":"https:\/\/obispadodezaratecampana.org\/index.php?rest_route=\/wp\/v2\/media\/8108"}],"wp:attachment":[{"href":"https:\/\/obispadodezaratecampana.org\/index.php?rest_route=%2Fwp%2Fv2%2Fmedia&parent=8107"}],"wp:term":[{"taxonomy":"category","embeddable":true,"href":"https:\/\/obispadodezaratecampana.org\/index.php?rest_route=%2Fwp%2Fv2%2Fcategories&post=8107"},{"taxonomy":"post_tag","embeddable":true,"href":"https:\/\/obispadodezaratecampana.org\/index.php?rest_route=%2Fwp%2Fv2%2Ftags&post=8107"}],"curies":[{"name":"wp","href":"https:\/\/api.w.org\/{rel}","templated":true}]}}