{"id":8068,"date":"2014-12-12T12:45:39","date_gmt":"2014-12-12T15:45:39","guid":{"rendered":"http:\/\/obispadodezaratecampana.org\/?p=8068"},"modified":"2014-12-12T18:14:08","modified_gmt":"2014-12-12T21:14:08","slug":"8068","status":"publish","type":"post","link":"https:\/\/obispadodezaratecampana.org\/?p=8068","title":{"rendered":"D\u00eda de la Inmaculada Concepci\u00f3n en Campana"},"content":{"rendered":"<p>En la tarde del lunes 8 de diciembre \u2013 a partir de las 19:30 hs- nuestro Obispo Oscar presidi\u00f3 las celebraciones en honor a la Inmaculada Virgen Mar\u00eda.<\/p>\n<p>Como ya es tradici\u00f3n en el partido de Campana se llev\u00f3 a cabo la procesi\u00f3n solemne junto al rezo del Santo Rosario (misterios Gozosos) alrededor de la Plaza Eduardo Costa y luego la Santa Misa en el atrio de la Catedral. Por \u00faltimo el encendido del \u00e1rbol Navide\u00f1o en la Plaza Eduardo Costa &#8211; esta \u00faltima iniciativa del municipio de Campana- \u00a0fue animado por el coro de abuelos del colegio Dante Alighieri.<\/p>\n<p>La procesi\u00f3n fue encabezada por la imagen de la Virgen de Luj\u00e1n , la Cruz y la Palabra de Dios &#8211; llevada por el di\u00e1cono Pedro Bruno.<\/p>\n<p>Los ni\u00f1os y ni\u00f1as que tomaron su Primera Comuni\u00f3n este a\u00f1o \u2013 de la Catedral y otras comunidades de Campana- , recibieron la Segunda en este festejo.<\/p>\n<p>Participaron numerosos fieles y vecinos de la ciudad, la Sra. Intendente \u2013 Estela Giroldi- y autoridades municipales, representantes de colegios cat\u00f3licos &#8211; destac\u00e1ndose a miembros de la comunidad del Colegio Santo Tom\u00e1s de Aquino- , agrupaciones y movimientos. Tambi\u00e9n estuvieron presentes seminaristas del Seminario Diocesano San Pedro y San Pablo, y sacerdotes del partido de Campana entre los que se encontraba Mons. Ariel, Vicario de ntra. Di\u00f3cesis &#8211; y cura p\u00e1rroco de la Catedral- el padre Juan Jose &#8211; tambi\u00e9n de la Catedral- , Mons. Galuppo de la rector\u00eda Santa B\u00e1rbara y el padre Agust\u00edn Villa de la Parroquia Ntra. Sra. de Luj\u00e1n y de los Santos Ap\u00f3stoles Pedro y Pablo.<\/p>\n<p>El grupo de j\u00f3venes de la Catedral organiz\u00f3 un buffet a beneficio de la misi\u00f3n que estar\u00e1n realizando en Z\u00e1rate, en la comunidad de la Pquia. Beata Teresa de Calcuta.<\/p>\n<p><em>Fotos que muestran lo referido en los p\u00e1rrafos anteriores acerca de lo acontecido:<\/em><\/p>\n<p><a href=\"http:\/\/obispadodezaratecampana.org\/wp-content\/uploads\/2014\/12\/oracion1.jpg\"><img fetchpriority=\"high\" decoding=\"async\" class=\"size-medium wp-image-8085 aligncenter\" src=\"http:\/\/obispadodezaratecampana.org\/wp-content\/uploads\/2014\/12\/oracion1-300x200.jpg\" alt=\"oracion\" width=\"300\" height=\"200\" srcset=\"https:\/\/obispadodezaratecampana.org\/wp-content\/uploads\/2014\/12\/oracion1-300x200.jpg 300w, https:\/\/obispadodezaratecampana.org\/wp-content\/uploads\/2014\/12\/oracion1.jpg 472w\" sizes=\"(max-width: 300px) 100vw, 300px\" \/><\/a> <a href=\"http:\/\/obispadodezaratecampana.org\/wp-content\/uploads\/2014\/12\/procesionb1.jpg\"><img decoding=\"async\" class=\"size-medium wp-image-8086 aligncenter\" src=\"http:\/\/obispadodezaratecampana.org\/wp-content\/uploads\/2014\/12\/procesionb1-300x200.jpg\" alt=\"procesionb\" width=\"300\" height=\"200\" srcset=\"https:\/\/obispadodezaratecampana.org\/wp-content\/uploads\/2014\/12\/procesionb1-300x200.jpg 300w, https:\/\/obispadodezaratecampana.org\/wp-content\/uploads\/2014\/12\/procesionb1.jpg 960w\" sizes=\"(max-width: 300px) 100vw, 300px\" \/><\/a> <a href=\"http:\/\/obispadodezaratecampana.org\/wp-content\/uploads\/2014\/12\/virgen2.jpg\"><img decoding=\"async\" class=\"size-medium wp-image-8087 aligncenter\" src=\"http:\/\/obispadodezaratecampana.org\/wp-content\/uploads\/2014\/12\/virgen2-300x200.jpg\" alt=\"virgen\" width=\"300\" height=\"200\" srcset=\"https:\/\/obispadodezaratecampana.org\/wp-content\/uploads\/2014\/12\/virgen2-300x200.jpg 300w, https:\/\/obispadodezaratecampana.org\/wp-content\/uploads\/2014\/12\/virgen2.jpg 525w\" sizes=\"(max-width: 300px) 100vw, 300px\" \/><\/a> <a href=\"http:\/\/obispadodezaratecampana.org\/wp-content\/uploads\/2014\/12\/procesion1.jpg\"><img loading=\"lazy\" decoding=\"async\" class=\"size-medium wp-image-8088 aligncenter\" src=\"http:\/\/obispadodezaratecampana.org\/wp-content\/uploads\/2014\/12\/procesion1-300x199.jpg\" alt=\"procesion\" width=\"300\" height=\"199\" srcset=\"https:\/\/obispadodezaratecampana.org\/wp-content\/uploads\/2014\/12\/procesion1-300x199.jpg 300w, https:\/\/obispadodezaratecampana.org\/wp-content\/uploads\/2014\/12\/procesion1.jpg 370w\" sizes=\"(max-width: 300px) 100vw, 300px\" \/><\/a> <a href=\"http:\/\/obispadodezaratecampana.org\/wp-content\/uploads\/2014\/12\/tomas1.jpg\"><img loading=\"lazy\" decoding=\"async\" class=\"size-medium wp-image-8089 aligncenter\" src=\"http:\/\/obispadodezaratecampana.org\/wp-content\/uploads\/2014\/12\/tomas1-300x200.jpg\" alt=\"tomas\" width=\"300\" height=\"200\" srcset=\"https:\/\/obispadodezaratecampana.org\/wp-content\/uploads\/2014\/12\/tomas1-300x200.jpg 300w, https:\/\/obispadodezaratecampana.org\/wp-content\/uploads\/2014\/12\/tomas1.jpg 960w\" sizes=\"(max-width: 300px) 100vw, 300px\" \/><\/a> <a href=\"http:\/\/obispadodezaratecampana.org\/wp-content\/uploads\/2014\/12\/comunion1.jpg\"><img loading=\"lazy\" decoding=\"async\" class=\"size-medium wp-image-8090 aligncenter\" src=\"http:\/\/obispadodezaratecampana.org\/wp-content\/uploads\/2014\/12\/comunion1-300x200.jpg\" alt=\"comunion\" width=\"300\" height=\"200\" srcset=\"https:\/\/obispadodezaratecampana.org\/wp-content\/uploads\/2014\/12\/comunion1-300x200.jpg 300w, https:\/\/obispadodezaratecampana.org\/wp-content\/uploads\/2014\/12\/comunion1.jpg 960w\" sizes=\"(max-width: 300px) 100vw, 300px\" \/><\/a><\/p>\n<p><a href=\"http:\/\/obispadodezaratecampana.org\/wp-content\/uploads\/2014\/12\/misa.jpg\"><img loading=\"lazy\" decoding=\"async\" class=\"size-medium wp-image-8078 aligncenter\" src=\"http:\/\/obispadodezaratecampana.org\/wp-content\/uploads\/2014\/12\/misa-300x227.jpg\" alt=\"misa\" width=\"300\" height=\"227\" srcset=\"https:\/\/obispadodezaratecampana.org\/wp-content\/uploads\/2014\/12\/misa-300x227.jpg 300w, https:\/\/obispadodezaratecampana.org\/wp-content\/uploads\/2014\/12\/misa.jpg 462w\" sizes=\"(max-width: 300px) 100vw, 300px\" \/><\/a><\/p>\n<p><a href=\"http:\/\/obispadodezaratecampana.org\/wp-content\/uploads\/2014\/12\/DSC_09222.jpg\"><img loading=\"lazy\" decoding=\"async\" class=\"size-medium wp-image-8092 aligncenter\" src=\"http:\/\/obispadodezaratecampana.org\/wp-content\/uploads\/2014\/12\/DSC_09222-300x200.jpg\" alt=\"DSC_0922\" width=\"300\" height=\"200\" srcset=\"https:\/\/obispadodezaratecampana.org\/wp-content\/uploads\/2014\/12\/DSC_09222-300x200.jpg 300w, https:\/\/obispadodezaratecampana.org\/wp-content\/uploads\/2014\/12\/DSC_09222-1024x682.jpg 1024w\" sizes=\"(max-width: 300px) 100vw, 300px\" \/><\/a> <a href=\"http:\/\/obispadodezaratecampana.org\/wp-content\/uploads\/2014\/12\/DSC_09231.jpg\"><img loading=\"lazy\" decoding=\"async\" class=\"size-medium wp-image-8093 aligncenter\" src=\"http:\/\/obispadodezaratecampana.org\/wp-content\/uploads\/2014\/12\/DSC_09231-300x200.jpg\" alt=\"DSC_0923\" width=\"300\" height=\"200\" srcset=\"https:\/\/obispadodezaratecampana.org\/wp-content\/uploads\/2014\/12\/DSC_09231-300x200.jpg 300w, https:\/\/obispadodezaratecampana.org\/wp-content\/uploads\/2014\/12\/DSC_09231-1024x682.jpg 1024w\" sizes=\"(max-width: 300px) 100vw, 300px\" \/><\/a> <a href=\"http:\/\/obispadodezaratecampana.org\/wp-content\/uploads\/2014\/12\/DSC_0932.jpg\"><img loading=\"lazy\" decoding=\"async\" class=\"size-medium wp-image-8094 aligncenter\" src=\"http:\/\/obispadodezaratecampana.org\/wp-content\/uploads\/2014\/12\/DSC_0932-300x200.jpg\" alt=\"DSC_0932\" width=\"300\" height=\"200\" srcset=\"https:\/\/obispadodezaratecampana.org\/wp-content\/uploads\/2014\/12\/DSC_0932-300x200.jpg 300w, https:\/\/obispadodezaratecampana.org\/wp-content\/uploads\/2014\/12\/DSC_0932-1024x682.jpg 1024w\" sizes=\"(max-width: 300px) 100vw, 300px\" \/><\/a> <a href=\"http:\/\/obispadodezaratecampana.org\/wp-content\/uploads\/2014\/12\/DSC_0935.jpg\"><img loading=\"lazy\" decoding=\"async\" class=\"size-medium wp-image-8095 aligncenter\" src=\"http:\/\/obispadodezaratecampana.org\/wp-content\/uploads\/2014\/12\/DSC_0935-300x200.jpg\" alt=\"DSC_0935\" width=\"300\" height=\"200\" srcset=\"https:\/\/obispadodezaratecampana.org\/wp-content\/uploads\/2014\/12\/DSC_0935-300x200.jpg 300w, https:\/\/obispadodezaratecampana.org\/wp-content\/uploads\/2014\/12\/DSC_0935-1024x682.jpg 1024w\" sizes=\"(max-width: 300px) 100vw, 300px\" \/><\/a> <a href=\"http:\/\/obispadodezaratecampana.org\/wp-content\/uploads\/2014\/12\/DSC_0939.jpg\"><img loading=\"lazy\" decoding=\"async\" class=\"size-medium wp-image-8096 aligncenter\" src=\"http:\/\/obispadodezaratecampana.org\/wp-content\/uploads\/2014\/12\/DSC_0939-300x200.jpg\" alt=\"DSC_0939\" width=\"300\" height=\"200\" srcset=\"https:\/\/obispadodezaratecampana.org\/wp-content\/uploads\/2014\/12\/DSC_0939-300x200.jpg 300w, https:\/\/obispadodezaratecampana.org\/wp-content\/uploads\/2014\/12\/DSC_0939-1024x682.jpg 1024w\" sizes=\"(max-width: 300px) 100vw, 300px\" \/><\/a> <a href=\"http:\/\/obispadodezaratecampana.org\/wp-content\/uploads\/2014\/12\/DSC_0941.jpg\"><img loading=\"lazy\" decoding=\"async\" class=\"size-medium wp-image-8097 aligncenter\" src=\"http:\/\/obispadodezaratecampana.org\/wp-content\/uploads\/2014\/12\/DSC_0941-300x200.jpg\" alt=\"DSC_0941\" width=\"300\" height=\"200\" srcset=\"https:\/\/obispadodezaratecampana.org\/wp-content\/uploads\/2014\/12\/DSC_0941-300x200.jpg 300w, https:\/\/obispadodezaratecampana.org\/wp-content\/uploads\/2014\/12\/DSC_0941-1024x682.jpg 1024w\" sizes=\"(max-width: 300px) 100vw, 300px\" \/><\/a> <a href=\"http:\/\/obispadodezaratecampana.org\/wp-content\/uploads\/2014\/12\/DSC_0947.jpg\"><img loading=\"lazy\" decoding=\"async\" class=\"size-medium wp-image-8098 aligncenter\" src=\"http:\/\/obispadodezaratecampana.org\/wp-content\/uploads\/2014\/12\/DSC_0947-300x200.jpg\" alt=\"DSC_0947\" width=\"300\" height=\"200\" srcset=\"https:\/\/obispadodezaratecampana.org\/wp-content\/uploads\/2014\/12\/DSC_0947-300x200.jpg 300w, https:\/\/obispadodezaratecampana.org\/wp-content\/uploads\/2014\/12\/DSC_0947-1024x682.jpg 1024w\" sizes=\"(max-width: 300px) 100vw, 300px\" \/><\/a><\/p>\n<p>&nbsp;<\/p>\n<!-- AddThis Advanced Settings generic via filter on the_content --><!-- AddThis Share Buttons generic via filter on the_content -->","protected":false},"excerpt":{"rendered":"<p>En la tarde del lunes 8 de diciembre \u2013 a partir de las 19:30 hs- nuestro Obispo Oscar presidi\u00f3 las celebraciones en honor a la [&hellip;]<!-- AddThis Advanced Settings generic via filter on get_the_excerpt --><!-- AddThis Share Buttons generic via filter on get_the_excerpt --><\/p>\n","protected":false},"author":2,"featured_media":8074,"comment_status":"open","ping_status":"open","sticky":false,"template":"","format":"standard","meta":{"footnotes":""},"categories":[3],"tags":[],"class_list":["post-8068","post","type-post","status-publish","format-standard","has-post-thumbnail","hentry","category-noticiasparroquiales"],"_links":{"self":[{"href":"https:\/\/obispadodezaratecampana.org\/index.php?rest_route=\/wp\/v2\/posts\/8068","targetHints":{"allow":["GET"]}}],"collection":[{"href":"https:\/\/obispadodezaratecampana.org\/index.php?rest_route=\/wp\/v2\/posts"}],"about":[{"href":"https:\/\/obispadodezaratecampana.org\/index.php?rest_route=\/wp\/v2\/types\/post"}],"author":[{"embeddable":true,"href":"https:\/\/obispadodezaratecampana.org\/index.php?rest_route=\/wp\/v2\/users\/2"}],"replies":[{"embeddable":true,"href":"https:\/\/obispadodezaratecampana.org\/index.php?rest_route=%2Fwp%2Fv2%2Fcomments&post=8068"}],"version-history":[{"count":9,"href":"https:\/\/obispadodezaratecampana.org\/index.php?rest_route=\/wp\/v2\/posts\/8068\/revisions"}],"predecessor-version":[{"id":8101,"href":"https:\/\/obispadodezaratecampana.org\/index.php?rest_route=\/wp\/v2\/posts\/8068\/revisions\/8101"}],"wp:featuredmedia":[{"embeddable":true,"href":"https:\/\/obispadodezaratecampana.org\/index.php?rest_route=\/wp\/v2\/media\/8074"}],"wp:attachment":[{"href":"https:\/\/obispadodezaratecampana.org\/index.php?rest_route=%2Fwp%2Fv2%2Fmedia&parent=8068"}],"wp:term":[{"taxonomy":"category","embeddable":true,"href":"https:\/\/obispadodezaratecampana.org\/index.php?rest_route=%2Fwp%2Fv2%2Fcategories&post=8068"},{"taxonomy":"post_tag","embeddable":true,"href":"https:\/\/obispadodezaratecampana.org\/index.php?rest_route=%2Fwp%2Fv2%2Ftags&post=8068"}],"curies":[{"name":"wp","href":"https:\/\/api.w.org\/{rel}","templated":true}]}}