{"id":8048,"date":"2014-12-08T14:16:48","date_gmt":"2014-12-08T17:16:48","guid":{"rendered":"http:\/\/obispadodezaratecampana.org\/?p=8048"},"modified":"2014-12-08T14:16:48","modified_gmt":"2014-12-08T17:16:48","slug":"angelus-el-espiritu-santo-es-don-y-debemos-serlo-para-los-demas","status":"publish","type":"post","link":"https:\/\/obispadodezaratecampana.org\/?p=8048","title":{"rendered":"\u00c1ngelus: &#8216;El Esp\u00edritu Santo es don y debemos serlo para los dem\u00e1s&#8217;"},"content":{"rendered":"<p>Ciudad del Vaticano, 08 de diciembre de 2014 (Zenit.org)<\/p>\n<p>En el d\u00eda de la Inmaculada Concepci\u00f3n de la Virgen Mar\u00eda, el santo padre Francisco rez\u00f3 el \u00e1ngelus desde la ventana de su estudio que da hacia la plaza de San Pedro, en donde decenas de miles de fieles y peregrinos le esperaban. Y les dirigi\u00f3 las siguientes palabras.<\/p>\n<p><em>\u00abQueridos hermanas y hermanos, el mensaje de la fiesta fiesta de hoy, de la Inmaculada Concepci\u00f3n de la Virgen Mar\u00eda se puede resumir con estas palabras: &#8216;todo es gracia, todo es don gratuito de Dios y de su amor por nosotros&#8217;.<\/em><\/p>\n<p><em>El \u00e1ngel Gabriel llama a Mar\u00eda &#8216;llena de gracia&#8217;, en ella no hay lugar para el pecado, porque Dios la ha elegido desde siempre madre de Jes\u00fas y la preserv\u00f3 de la culpa original. Y Mar\u00eda corresponde a la gracia y se abandona dici\u00e9ndole al \u00c1ngel: &#8216;H\u00e1gase en mi seg\u00fan tu palabra&#8217;. No dice &#8216;lo har\u00e9 seg\u00fan tu palabra&#8217;, sino &#8216;H\u00e1gase en mi&#8230;&#8217; y el Verbo se hizo carne en su vientre. Tambi\u00e9n a nosotros nos es pedido escuchar a Dios que nos habla y de acoger su voluntad: \u00a1seg\u00fan la l\u00f3gica evang\u00e9lica nada obra m\u00e1s y m\u00e1s es profundo que escuchar la Palabra del Se\u00f1or! que viene del evangelio, de la Biblia, el Se\u00f1or nos habla siempre<\/em><\/p>\n<p><em>La actitud de Mar\u00eda de Nazaret nos muestra que el ser est\u00e1 antes del hacer, y que es necesario dejar obrar a Dios para ser verdaderamente como \u00c9l nos quiere. Es \u00c9l quien hace en nosotros tantas maravillas.<\/em><\/p>\n<p><em>Mar\u00eda es receptiva, no pasiva. As\u00ed como a nivel f\u00edsico recibe la potencia del Esp\u00edritu Santo, y despu\u00e9s dona carne y sangre al Hijo de Dios que se forma en ella, as\u00ed en el plano espiritual, acoge la gracia y corresponde a ella con la fe.<\/em><\/p>\n<p><em>Por esto San Agust\u00edn afirma que la Virgen \u201cha concebido antes en el coraz\u00f3n que en su vientre\u201d. Ha concebido primero la Fe y despu\u00e9s al Se\u00f1or. Este misterio de la acogida de la gracia, que en Mar\u00eda por un privilegio \u00fanico, no ten\u00eda el obst\u00e1culo del pecado, es una posibilidad para todos. San Pablo de hecho abre su carta a los Efesinos con estas palabras de alabanza: &#8216;Bendito Dios, Padre del Se\u00f1or nuestro Jesucristo, que nos ha bendecido con cada bendici\u00f3n espiritual en los cielos en Cristo\u201d.<\/em><\/p>\n<p><em>As\u00ed como Mar\u00eda es saludada por santa Elisabeth como &#8216;Bendita entre las mujeres&#8217;, as\u00ed tambi\u00e9n nosotros hemos sido &#8216;bendecidos&#8217;, o sea amados, y por lo tanto &#8216;elegidos antes de la creaci\u00f3n del mundo para ser santos e inmaculados.<\/em><\/p>\n<p><em>Mar\u00eda ha sido pre-servada, en cambio nosotros hemos sido salvados gracias al bautismo y a la fe. A todos entretanto, sea ella que nosotros, por medio de Cristo, \u201ca alabanza del esplendor de su gracia&#8217;, esa gracia de la cual la Inmaculada ha sido colma en plenitud&#8217;.<\/em><\/p>\n<p><em>Delante del amor, delante de la misericordia, de la gracia divina derramada en nuestros corazones, la consecuencia que se impone es una sola: la gratuidad.<\/em><\/p>\n<p><em>Nadie de nosotros puede comprar la Salvaci\u00f3n, la Salvaci\u00f3n es un don gratuito del Se\u00f1or que viene del Se\u00f1or, y habita dentro de nosotros. As\u00ed como hemos recibido gratuitamente, as\u00ed gratuitamente estamos llamados a dar. A imitaci\u00f3n de Mar\u00eda que despu\u00e9s de haber acogido el anuncio del \u00c1ngel, va a compartir el don de la fecundidad con su pariente Elisabeth.<\/em><\/p>\n<p><em>Porque si todo nos ha sido donado, todo tienen que ser nuevamente donado. \u00bfDe qu\u00e9 manera?Dejando que el Esp\u00edritu Santo haga de nosotros un don para los otros; que nos haga volver instrumentos de acogida.<\/em><\/p>\n<p><em>El Esp\u00edritu Santo es don para nosotros y nosotros con la fuerza del Esp\u00edritu deberemos ser don para los dem\u00e1s; que nos haga volver instrumentos de reconciliaci\u00f3n y de perd\u00f3n. Si nuestra existencia se deja transformar por la gracia del Se\u00f1or, porque la gracia del Se\u00f1or nos transforma \u00bfVerdad?<\/em><\/p>\n<p><em>No podemos retener la luz que viene de su rostro, pero la dejaremos pasar para que ilumine a los otros. Aprendamos de Mar\u00eda, que ha tenido constantemente la mirada fija en el Hijo, y su rostro se ha vuelto &#8216;el rostro de Cristo que m\u00e1s le asemeja&#8217;. Y a ella nos dirigimos ahora con la oraci\u00f3n que recuerda el anuncio del \u00c1ngel\u00bb.<\/em><\/p>\n<p><em>El papa Francisco reza la oraci\u00f3n del \u00e1ngelus. Y despu\u00e9s dirige las siguientes palabras:<\/em><\/p>\n<p><em>\u00abQueridos hermanos y hermanas, saludo a todos con afecto, especialmente a las familias y los grupos parroquiales. Saludo a los fieles de Rocca di Papa, al parroco, a los maratones, los ciclistas, y bendigo su flama. Saludo a los grupos de Felline (Lecce), a la asociaci\u00f3n &#8216;Completamente tuoi&#8217; y a los j\u00f3venes de Carugate.<\/em><\/p>\n<p><em>En esta fiesta de la Acci\u00f3n Cat\u00f3lica Italiana, vive la renovaci\u00f3n de la adhesi\u00f3n. Dirijo un pensamiento especial a todas las asociaciones diocesanas y parroquiales. La Virgen Inmaculada bendiga a la Acci\u00f3n Cat\u00f3lica y la vuelva cada vez m\u00e1s, una escuela de santidad y de generoso servicio a la Iglesia y al mundo.<\/em><\/p>\n<p><em>Hoy por la tarde ir\u00e9 a Santa Mar\u00eda la Mayor para saludar a la Salus Populi Romani, y despu\u00e9s a la Plaza de Espa\u00f1a, para renovar el tradicional homenaje de oraci\u00f3n a los pies del monumento a la Inmaculada; ser\u00e1 una tarde toda dedicada a la Virgen. Les pido de unirse espiritualmente a mi, en esta peregrinaci\u00f3n, que expresa la devoci\u00f3n filial a nuestra Madre celeste. Y no se olviden: la salvaci\u00f3n es gratuita, nosotros hemos recibido esta gratuidad, esta gracia, y tenemos que darla. Hemos recibido el don y tenemos que volver a darlo a los otros.<\/em><\/p>\n<p><em>A todos les deseo buena fiesta y un buen camino de Adviento bajo la gu\u00eda de la Virgen Mar\u00eda. Por favor, por favor no se olviden de rezar por mi\u00bb.<\/em><\/p>\n<p><em>Y concluy\u00f3 con sus ya conocidas palabras de despedida: &#8220;\u00a1Buon pranzo e arrivederci!&#8221;<\/em><\/p>\n<!-- AddThis Advanced Settings generic via filter on the_content --><!-- AddThis Share Buttons generic via filter on the_content -->","protected":false},"excerpt":{"rendered":"<p>Ciudad del Vaticano, 08 de diciembre de 2014 (Zenit.org) En el d\u00eda de la Inmaculada Concepci\u00f3n de la Virgen Mar\u00eda, el santo padre Francisco rez\u00f3 [&hellip;]<!-- AddThis Advanced Settings generic via filter on get_the_excerpt --><!-- AddThis Share Buttons generic via filter on get_the_excerpt --><\/p>\n","protected":false},"author":2,"featured_media":8049,"comment_status":"open","ping_status":"open","sticky":false,"template":"","format":"standard","meta":{"footnotes":""},"categories":[161],"tags":[],"class_list":["post-8048","post","type-post","status-publish","format-standard","has-post-thumbnail","hentry","category-el-papa-leonxiv"],"_links":{"self":[{"href":"https:\/\/obispadodezaratecampana.org\/index.php?rest_route=\/wp\/v2\/posts\/8048","targetHints":{"allow":["GET"]}}],"collection":[{"href":"https:\/\/obispadodezaratecampana.org\/index.php?rest_route=\/wp\/v2\/posts"}],"about":[{"href":"https:\/\/obispadodezaratecampana.org\/index.php?rest_route=\/wp\/v2\/types\/post"}],"author":[{"embeddable":true,"href":"https:\/\/obispadodezaratecampana.org\/index.php?rest_route=\/wp\/v2\/users\/2"}],"replies":[{"embeddable":true,"href":"https:\/\/obispadodezaratecampana.org\/index.php?rest_route=%2Fwp%2Fv2%2Fcomments&post=8048"}],"version-history":[{"count":1,"href":"https:\/\/obispadodezaratecampana.org\/index.php?rest_route=\/wp\/v2\/posts\/8048\/revisions"}],"predecessor-version":[{"id":8050,"href":"https:\/\/obispadodezaratecampana.org\/index.php?rest_route=\/wp\/v2\/posts\/8048\/revisions\/8050"}],"wp:featuredmedia":[{"embeddable":true,"href":"https:\/\/obispadodezaratecampana.org\/index.php?rest_route=\/wp\/v2\/media\/8049"}],"wp:attachment":[{"href":"https:\/\/obispadodezaratecampana.org\/index.php?rest_route=%2Fwp%2Fv2%2Fmedia&parent=8048"}],"wp:term":[{"taxonomy":"category","embeddable":true,"href":"https:\/\/obispadodezaratecampana.org\/index.php?rest_route=%2Fwp%2Fv2%2Fcategories&post=8048"},{"taxonomy":"post_tag","embeddable":true,"href":"https:\/\/obispadodezaratecampana.org\/index.php?rest_route=%2Fwp%2Fv2%2Ftags&post=8048"}],"curies":[{"name":"wp","href":"https:\/\/api.w.org\/{rel}","templated":true}]}}