{"id":8040,"date":"2014-12-08T00:07:17","date_gmt":"2014-12-08T03:07:17","guid":{"rendered":"http:\/\/obispadodezaratecampana.org\/?p=8040"},"modified":"2014-12-13T22:12:27","modified_gmt":"2014-12-14T01:12:27","slug":"cinco-nuevos-diaconos-en-nuestra-diocesis","status":"publish","type":"post","link":"https:\/\/obispadodezaratecampana.org\/?p=8040","title":{"rendered":"Cinco nuevos Di\u00e1conos en nuestra di\u00f3cesis"},"content":{"rendered":"<p>El pasado 6 de diciembre nuestro Obispo Oscar orden\u00f3 di\u00e1conos a cinco seminaristas de nuestra di\u00f3cesis de Z\u00e1rate- Campana (seminario diocesano San Pedro y San Pablo). La emotiva celebraci\u00f3n tuvo lugar en la Cocatedral Natividad del Se\u00f1or de Bel\u00e9n de Escobar; durante el caluroso mediod\u00eda del s\u00e1bado. \u00a0Dada la numerosa participaci\u00f3n de fieles fue habilitado el sal\u00f3n contiguo al templo parroquial , donde los los asistentes siguieron en vivo el evento a trav\u00e9s de una pantalla gigante.<\/p>\n<p>Nombres de los nuevos di\u00e1conos: <em>Luciano Laitano, Pablo Villalba, Mat\u00edas de Jesus Rios, Gustavo Parodi y Jer\u00f3nimo Martinez.\u00a0<\/em><\/p>\n<p>Una vez terminada la celebraci\u00f3n los j\u00f3venes di\u00e1conos fueron saludados en el templo por familiares, amigos , y fieles que se acercaron a la Cocatedral desde los siete partidos de nuestra di\u00f3cesis para el evento.<\/p>\n<p>En los jardines \u00a0del colegio San Vicente de Paul \u00a0&#8211; situado a pocas cuadras de la Cocatedral- se comparti\u00f3 un \u00e1gape a la canasta en la calurosa tarde del s\u00e1bado.<\/p>\n<p><strong>TRES GRADOS DEL SACRAMENTO DEL ORDEN<\/strong><\/p>\n<p>&#8220;El ministerio eclesi\u00e1stico, instituido por Dios, est\u00e1 ejercido en diversos \u00f3rdenes por aquellos que ya desde antiguo reciben los nombres de obispos, presb\u00edteros y di\u00e1conos&#8221; (LG 28). La doctrina cat\u00f3lica, expresada en la liturgia, el magisterio y la pr\u00e1ctica constante de la Iglesia, reconoce que existen dos grados de participaci\u00f3n ministerial en el sacerdocio de Cristo: el episcopado y el presbiterado. El diaconado est\u00e1 destinado a ayudarles y a servirles. Por eso, el t\u00e9rmino sacerdos designa, en el uso actual, a los obispos y a los presb\u00edteros, pero no a los di\u00e1conos. Sin embargo, la doctrina cat\u00f3lica ense\u00f1a que los grados de participaci\u00f3n sacerdotal (episcopado y presbiterado) y el grado de servicio (diaconado) son los tres conferidos por un acto sacramental llamado &#8220;ordenaci\u00f3n&#8221;, es decir, por el sacramento del Orden:<\/p>\n<p>\u00abQue todos reverencien a los di\u00e1conos como a Jesucristo, como tambi\u00e9n al obispo, que es imagen del Padre, y a los presb\u00edteros como al senado de Dios y como a la asamblea de los ap\u00f3stoles: sin ellos no se puede hablar de Iglesia (San Ignacio de Antioqu\u00eda, Epistula ad Trallianos 3,1)<\/p>\n<p><strong>::::&#8230;. DIACONOS&#8230;.::::<\/strong><\/p>\n<p>\u00abEn el grado inferior de la jerarqu\u00eda est\u00e1n los di\u00e1conos, a los que se les imponen las manos &#8220;para realizar un servicio y no para ejercer el sacerdocio&#8221;\u00bb (LG 29; cf CD 15). En la ordenaci\u00f3n al diaconado, s\u00f3lo el obispo impone las manos, significando as\u00ed que el di\u00e1cono est\u00e1 especialmente vinculado al obispo en las tareas de su &#8220;diacon\u00eda&#8221; (cf San Hip\u00f3lito Romano, Traditio apostolica 8)<\/p>\n<p>Los di\u00e1conos participan de una manera especial en la misi\u00f3n y la gracia de Cristo (cf LG 41; AG 16). El sacramento del Orden los marco con un sello (\u00abcar\u00e1cter\u00bb) que nadie puede hacer desaparecer y que los configura con Cristo que se hizo &#8220;di\u00e1cono&#8221;, es decir, el servidor de todos (cf Mc 10,45; Lc 22,27; San Policarpo de Esmirna, Epistula ad Philippenses 5, 25,2). Corresponde a los di\u00e1conos, entre otras cosas, asistir al obispo y a los presb\u00edteros en la celebraci\u00f3n de los divinos misterios sobre todo de la Eucarist\u00eda y en la distribuci\u00f3n de la misma, asistir a la celebraci\u00f3n del matrimonio y bendecirlo, proclamar el Evangelio y predicar, presidir las exequias y entregarse a los diversos servicios de la caridad (cf LG 29; cf. SC 35,4; AG 16).<\/p>\n<p><em>Fuente: CEC &#8211; Catecismo de la Iglesia Cat\u00f3lica<\/em><\/p>\n<p style=\"text-align: center;\">Letan\u00edas<\/p>\n<p><img fetchpriority=\"high\" decoding=\"async\" class=\"size-medium wp-image-8042 aligncenter\" src=\"http:\/\/obispadodezaratecampana.org\/wp-content\/uploads\/2014\/12\/DSC_0731-300x200.jpg\" alt=\"DSC_0731\" width=\"300\" height=\"200\" srcset=\"https:\/\/obispadodezaratecampana.org\/wp-content\/uploads\/2014\/12\/DSC_0731-300x200.jpg 300w, https:\/\/obispadodezaratecampana.org\/wp-content\/uploads\/2014\/12\/DSC_0731-1024x682.jpg 1024w\" sizes=\"(max-width: 300px) 100vw, 300px\" \/><\/p>\n<p><a href=\"http:\/\/obispadodezaratecampana.org\/wp-content\/uploads\/2014\/12\/DSC_0744.jpg\"><img decoding=\"async\" class=\"size-medium wp-image-8043 aligncenter\" src=\"http:\/\/obispadodezaratecampana.org\/wp-content\/uploads\/2014\/12\/DSC_0744-300x200.jpg\" alt=\"DSC_0744\" width=\"300\" height=\"200\" srcset=\"https:\/\/obispadodezaratecampana.org\/wp-content\/uploads\/2014\/12\/DSC_0744-300x200.jpg 300w, https:\/\/obispadodezaratecampana.org\/wp-content\/uploads\/2014\/12\/DSC_0744-1024x682.jpg 1024w\" sizes=\"(max-width: 300px) 100vw, 300px\" \/><\/a><\/p>\n<p style=\"text-align: center;\">\u00a0Consagraci\u00f3n<\/p>\n<p style=\"text-align: center;\"><img decoding=\"async\" class=\"size-medium wp-image-8044 aligncenter\" src=\"http:\/\/obispadodezaratecampana.org\/wp-content\/uploads\/2014\/12\/diaconos1-300x200.jpg\" alt=\"diaconos\" width=\"300\" height=\"200\" srcset=\"https:\/\/obispadodezaratecampana.org\/wp-content\/uploads\/2014\/12\/diaconos1-300x200.jpg 300w, https:\/\/obispadodezaratecampana.org\/wp-content\/uploads\/2014\/12\/diaconos1-1024x682.jpg 1024w\" sizes=\"(max-width: 300px) 100vw, 300px\" \/><\/p>\n<p style=\"text-align: center;\">Interior del templo de la Cocatedral<\/p>\n<p><img loading=\"lazy\" decoding=\"async\" class=\"size-medium wp-image-8045 aligncenter\" src=\"http:\/\/obispadodezaratecampana.org\/wp-content\/uploads\/2014\/12\/DSC_0995-300x200.jpg\" alt=\"DSC_0995\" width=\"300\" height=\"200\" srcset=\"https:\/\/obispadodezaratecampana.org\/wp-content\/uploads\/2014\/12\/DSC_0995-300x200.jpg 300w, https:\/\/obispadodezaratecampana.org\/wp-content\/uploads\/2014\/12\/DSC_0995-1024x682.jpg 1024w\" sizes=\"(max-width: 300px) 100vw, 300px\" \/><\/p>\n<!-- AddThis Advanced Settings generic via filter on the_content --><!-- AddThis Share Buttons generic via filter on the_content -->","protected":false},"excerpt":{"rendered":"<p>El pasado 6 de diciembre nuestro Obispo Oscar orden\u00f3 di\u00e1conos a cinco seminaristas de nuestra di\u00f3cesis de Z\u00e1rate- Campana (seminario diocesano San Pedro y San [&hellip;]<!-- AddThis Advanced Settings generic via filter on get_the_excerpt --><!-- AddThis Share Buttons generic via filter on get_the_excerpt --><\/p>\n","protected":false},"author":2,"featured_media":8043,"comment_status":"open","ping_status":"open","sticky":false,"template":"","format":"standard","meta":{"footnotes":""},"categories":[1],"tags":[],"class_list":["post-8040","post","type-post","status-publish","format-standard","has-post-thumbnail","hentry","category-noticiasdiocesanas"],"_links":{"self":[{"href":"https:\/\/obispadodezaratecampana.org\/index.php?rest_route=\/wp\/v2\/posts\/8040","targetHints":{"allow":["GET"]}}],"collection":[{"href":"https:\/\/obispadodezaratecampana.org\/index.php?rest_route=\/wp\/v2\/posts"}],"about":[{"href":"https:\/\/obispadodezaratecampana.org\/index.php?rest_route=\/wp\/v2\/types\/post"}],"author":[{"embeddable":true,"href":"https:\/\/obispadodezaratecampana.org\/index.php?rest_route=\/wp\/v2\/users\/2"}],"replies":[{"embeddable":true,"href":"https:\/\/obispadodezaratecampana.org\/index.php?rest_route=%2Fwp%2Fv2%2Fcomments&post=8040"}],"version-history":[{"count":5,"href":"https:\/\/obispadodezaratecampana.org\/index.php?rest_route=\/wp\/v2\/posts\/8040\/revisions"}],"predecessor-version":[{"id":8118,"href":"https:\/\/obispadodezaratecampana.org\/index.php?rest_route=\/wp\/v2\/posts\/8040\/revisions\/8118"}],"wp:featuredmedia":[{"embeddable":true,"href":"https:\/\/obispadodezaratecampana.org\/index.php?rest_route=\/wp\/v2\/media\/8043"}],"wp:attachment":[{"href":"https:\/\/obispadodezaratecampana.org\/index.php?rest_route=%2Fwp%2Fv2%2Fmedia&parent=8040"}],"wp:term":[{"taxonomy":"category","embeddable":true,"href":"https:\/\/obispadodezaratecampana.org\/index.php?rest_route=%2Fwp%2Fv2%2Fcategories&post=8040"},{"taxonomy":"post_tag","embeddable":true,"href":"https:\/\/obispadodezaratecampana.org\/index.php?rest_route=%2Fwp%2Fv2%2Ftags&post=8040"}],"curies":[{"name":"wp","href":"https:\/\/api.w.org\/{rel}","templated":true}]}}