{"id":7934,"date":"2014-11-25T21:33:04","date_gmt":"2014-11-26T00:33:04","guid":{"rendered":"http:\/\/obispadodezaratecampana.org\/?p=7934"},"modified":"2014-11-25T21:33:04","modified_gmt":"2014-11-26T00:33:04","slug":"13-de-diciembre-encuentro-de-caritas","status":"publish","type":"post","link":"https:\/\/obispadodezaratecampana.org\/?p=7934","title":{"rendered":"13 de diciembre: Encuentro de C\u00e1ritas"},"content":{"rendered":"<p style=\"text-align: center;\"><strong>El TIEMPO DE CAMINATA<\/strong><\/p>\n<p><strong>Nos anima a compartir con alegr\u00eda <\/strong><\/p>\n<p><strong>que el amor del Se\u00f1or no se ha acabado, <\/strong><\/p>\n<p><strong>que no se ha agotado su ternura. (EG. 9)<\/strong><\/p>\n<p><strong>\u00a0<\/strong><\/p>\n<p>Queridos Presidentes, Directoras\/res y Voluntarios de Caritas:<\/p>\n<p>Una vez m\u00e1s y valorando el contexto de la nueva evangelizaci\u00f3n asumimos la invitaci\u00f3n que queremos compartir junto a ustedes,\u00a0 \u201cdejar de lado lo conocido y confortable,\u00a0 salir de nuestro centro, ir hacia los bordes y achicar las distancias\u201d.<\/p>\n<p>Fieles al compromiso asumido en el reciente Congreso Latinoamericano y del Caribe de Pastoral Social \u2013 Caritas \u201cCON JUSTICIA Y SOLIDARIDAD EN LA MESA CABEMOS TODOS\u201d, en el que hemos decidido (entre otros puntos, que compartiremos): a- Continuar trabajando en la renovaci\u00f3n y mayor conciencia de nuestra identidad y espiritualidad como disc\u00edpulos misioneros al servicio de la Caridad en la opci\u00f3n por los pobres, como categor\u00eda teol\u00f3gica. (CF. EG 198)<\/p>\n<p>Por medio de \u00e9sta, los invitamos a\u00a0 \u00e9ste nuestro \u00faltimo Encuentro del a\u00f1o que ser\u00e1 el d\u00eda <strong>13 de diciembre a partir de las 8,30 Hs. Hasta las 15,30 Hs. Almuerzo a la Canasta, para mayor comodidad habr\u00e1 servicio de cantina (Paty, chorip\u00e1n, gaseosas), ser\u00e1 en la Capilla Ntra. Sra. De Guadalupe calle French entre Quito y Managua &#8211; B\u00b0 Carlos Pellegrini Villa Rosa &#8211; Pilar.<\/strong><\/p>\n<p>Intentando mirar y sentir con el coraz\u00f3n de Mar\u00eda de Luj\u00e1n quien fue la luz y el norte que guiara y se anticipara a los lugares visitados a lo largo y a lo ancho de la Caminata, reanimados por el env\u00edo que nos hizo el papa Francisco definiendo a la Caritas como la Instituci\u00f3n del Amor, la Misericordia y la Ternura de la Iglesia, gran desaf\u00edo para Todos nosotros ser\u00e1 acordar juntos los\u00a0 Pasos para ser posible y visible ese Amor, esa Misericordia y esa Ternura.<\/p>\n<p><strong>Desde la fraternidad que nos alienta y anima: Los esperamos.<\/strong><\/p>\n<p><strong>\u00a0<\/strong><\/p>\n<p style=\"text-align: right;\"><strong>\u00a0\u00a0\u00a0\u00a0\u00a0\u00a0\u00a0\u00a0\u00a0\u00a0\u00a0\u00a0\u00a0\u00a0\u00a0\u00a0\u00a0\u00a0\u00a0\u00a0\u00a0\u00a0\u00a0\u00a0\u00a0\u00a0\u00a0\u00a0\u00a0\u00a0\u00a0\u00a0\u00a0\u00a0\u00a0\u00a0\u00a0\u00a0\u00a0\u00a0\u00a0\u00a0\u00a0\u00a0\u00a0\u00a0\u00a0\u00a0\u00a0\u00a0 \u00a0\u00a0\u00a0\u00a0\u00a0\u00a0\u00a0\u00a0\u00a0\u00a0\u00a0\u00a0\u00a0\u00a0<\/strong><strong>CARITAS DIOCESANA<\/strong><\/p>\n<!-- AddThis Advanced Settings generic via filter on the_content --><!-- AddThis Share Buttons generic via filter on the_content -->","protected":false},"excerpt":{"rendered":"<p>El TIEMPO DE CAMINATA Nos anima a compartir con alegr\u00eda que el amor del Se\u00f1or no se ha acabado, que no se ha agotado su [&hellip;]<!-- AddThis Advanced Settings generic via filter on get_the_excerpt --><!-- AddThis Share Buttons generic via filter on get_the_excerpt --><\/p>\n","protected":false},"author":2,"featured_media":7935,"comment_status":"open","ping_status":"open","sticky":false,"template":"","format":"standard","meta":{"footnotes":""},"categories":[1],"tags":[],"class_list":["post-7934","post","type-post","status-publish","format-standard","has-post-thumbnail","hentry","category-noticiasdiocesanas"],"_links":{"self":[{"href":"https:\/\/obispadodezaratecampana.org\/index.php?rest_route=\/wp\/v2\/posts\/7934","targetHints":{"allow":["GET"]}}],"collection":[{"href":"https:\/\/obispadodezaratecampana.org\/index.php?rest_route=\/wp\/v2\/posts"}],"about":[{"href":"https:\/\/obispadodezaratecampana.org\/index.php?rest_route=\/wp\/v2\/types\/post"}],"author":[{"embeddable":true,"href":"https:\/\/obispadodezaratecampana.org\/index.php?rest_route=\/wp\/v2\/users\/2"}],"replies":[{"embeddable":true,"href":"https:\/\/obispadodezaratecampana.org\/index.php?rest_route=%2Fwp%2Fv2%2Fcomments&post=7934"}],"version-history":[{"count":1,"href":"https:\/\/obispadodezaratecampana.org\/index.php?rest_route=\/wp\/v2\/posts\/7934\/revisions"}],"predecessor-version":[{"id":7936,"href":"https:\/\/obispadodezaratecampana.org\/index.php?rest_route=\/wp\/v2\/posts\/7934\/revisions\/7936"}],"wp:featuredmedia":[{"embeddable":true,"href":"https:\/\/obispadodezaratecampana.org\/index.php?rest_route=\/wp\/v2\/media\/7935"}],"wp:attachment":[{"href":"https:\/\/obispadodezaratecampana.org\/index.php?rest_route=%2Fwp%2Fv2%2Fmedia&parent=7934"}],"wp:term":[{"taxonomy":"category","embeddable":true,"href":"https:\/\/obispadodezaratecampana.org\/index.php?rest_route=%2Fwp%2Fv2%2Fcategories&post=7934"},{"taxonomy":"post_tag","embeddable":true,"href":"https:\/\/obispadodezaratecampana.org\/index.php?rest_route=%2Fwp%2Fv2%2Ftags&post=7934"}],"curies":[{"name":"wp","href":"https:\/\/api.w.org\/{rel}","templated":true}]}}