{"id":7928,"date":"2014-11-24T22:09:20","date_gmt":"2014-11-25T01:09:20","guid":{"rendered":"http:\/\/obispadodezaratecampana.org\/?p=7928"},"modified":"2014-11-24T22:09:20","modified_gmt":"2014-11-25T01:09:20","slug":"la-iglesia-brille-con-la-luz-de-cristo-y-no-con-luz-propia","status":"publish","type":"post","link":"https:\/\/obispadodezaratecampana.org\/?p=7928","title":{"rendered":"\u201cLa Iglesia brille con la luz de Cristo y no con luz propia\u201d"},"content":{"rendered":"<p>Cuando la Iglesia es humilde y pobre, entonces \u201ces fiel\u201d a Cristo, de lo contrario es tentada de brillar con \u201cluz propia\u201d en vez de donar al mundo aquella de Dios. Lo afirm\u00f3 el Papa Francisco en su homil\u00eda de la Misa matutina celebrada en la capilla de la Casa de Santa Marta.<\/p>\n<p>Dar tanto y p\u00fablicamente, porque hay una riqueza que se nutre de ostentaci\u00f3n y goza de vanidad. Y dar lo poco que se tiene, sin atraer la atenci\u00f3n sino s\u00f3lo la de Dios, porque \u00c9l es el todo en quien confiamos. En el episodio evang\u00e9lico de la viuda que ante los ojos de Jes\u00fas entrega sus dos \u00fanicas monedas en el tesoro del templo \u2013 mientras los ricos hab\u00edan arrojado gruesas cifras haciendo ver que para ellos eran superfluas \u2013 el Papa Francisco se\u00f1ala dos tendencias siempre presentes en la historia de la Iglesia. La Iglesia tentada por la vanidad y la \u201cIglesia pobre\u201d, que \u2013 afirma el Pont\u00edfice \u2013 \u201cno debe tener otras riquezas que su Esposo\u201d, como la humilde mujer del templo:<\/p>\n<p>\u00abMe gusta ver en esta figura a la Iglesia que es en cierto modo un poco viuda, porque espera a su Esposo que regresar\u00e1\u2026 Pero tiene a su Esposo en la Eucarist\u00eda, en la Palabra de Dios, en los pobres, si: pero espera que regrese, \u00bfno? Esta actitud de la Iglesia\u2026 Esta viuda no era importante, el nombre de esta viuda no aparec\u00eda en los diarios. Nadie la conoc\u00eda. No ten\u00eda t\u00edtulos\u2026 nada. Nada. No brillaba con luz propia. Es esto que me hace ver en esta mujer la figura de la Iglesia. La gran virtud de la Iglesia debe ser no brillar con luz propia, sino brillar de la luz que viene de su Esposo. Que viene propio de su Esposo. Y en los siglos, cuando la Iglesia ha querido tener luz propia, se ha equivocado\u00bb.<\/p>\n<p>\u201cEs verdad \u2013 reconoce el Papa Francisco \u2013 que algunas veces el Se\u00f1or puede pedir a su Iglesia tener, tomar un poco de luz propia\u201d, pero eso se entiende, explic\u00f3 el Papa, si la misi\u00f3n de la Iglesia es iluminar a la humanidad, la luz que viene donada debe ser \u00fanicamente aquella recibida de Cristo en actitud de humildad:<\/p>\n<p>\u00abTodos los servicios que nosotros hacemos en la Iglesia son para ayudarnos en esto, para recibir aquella luz. Y un servicio sin esta luz no est\u00e1 bien: hace que la Iglesia se vuelva o rica, o potente, o que busca el poder, o que se equivoque de camino, como ha sucedido tantas veces en la historia y como sucede en nuestras vidas, cuando nosotros queremos tener otra luz, que no es precisamente aquella del Se\u00f1or: una luz propia\u00bb.<\/p>\n<p>Cuando la Iglesia \u201ces fiel a la esperanza y a su esposo \u2013 repite el Santo Padre \u2013 es feliz de recibir la luz de \u00c9l, de ser en este sentido \u201cviuda\u201d, en espera, como la luna, del \u201csol que vendr\u00e1\u201d:<\/p>\n<p>\u00abCuando la Iglesia es humilde, cuando la Iglesia es pobre, tambi\u00e9n cuando la Iglesia confiesa sus miserias \u2013 pues todos las tenemos \u2013 la Iglesia es fiel. La Iglesia dice: \u2018!Pero, yo soy oscura, pero la luz me viene de ah\u00ed!\u2019 y esto nos hace tanto bien. Pero oremos a esta viuda que est\u00e1 en el Cielo, seguramente, oremos a esta viuda que nos ense\u00f1e a ser Iglesia as\u00ed, dando de la vida todo lo que tenemos: nada para nosotros. Todo para el Se\u00f1or y para el pr\u00f3jimo. Humildes. Sin vanagloriarnos de tener luz propia, buscando siempre la luz que viene del Se\u00f1or. As\u00ed sea\u00bb.<\/p>\n<p>Fuente: www.news.va<\/p>\n<!-- AddThis Advanced Settings generic via filter on the_content --><!-- AddThis Share Buttons generic via filter on the_content -->","protected":false},"excerpt":{"rendered":"<p>Cuando la Iglesia es humilde y pobre, entonces \u201ces fiel\u201d a Cristo, de lo contrario es tentada de brillar con \u201cluz propia\u201d en vez de [&hellip;]<!-- AddThis Advanced Settings generic via filter on get_the_excerpt --><!-- AddThis Share Buttons generic via filter on get_the_excerpt --><\/p>\n","protected":false},"author":2,"featured_media":7930,"comment_status":"open","ping_status":"open","sticky":false,"template":"","format":"standard","meta":{"footnotes":""},"categories":[161],"tags":[],"class_list":["post-7928","post","type-post","status-publish","format-standard","has-post-thumbnail","hentry","category-el-papa-leonxiv"],"_links":{"self":[{"href":"https:\/\/obispadodezaratecampana.org\/index.php?rest_route=\/wp\/v2\/posts\/7928","targetHints":{"allow":["GET"]}}],"collection":[{"href":"https:\/\/obispadodezaratecampana.org\/index.php?rest_route=\/wp\/v2\/posts"}],"about":[{"href":"https:\/\/obispadodezaratecampana.org\/index.php?rest_route=\/wp\/v2\/types\/post"}],"author":[{"embeddable":true,"href":"https:\/\/obispadodezaratecampana.org\/index.php?rest_route=\/wp\/v2\/users\/2"}],"replies":[{"embeddable":true,"href":"https:\/\/obispadodezaratecampana.org\/index.php?rest_route=%2Fwp%2Fv2%2Fcomments&post=7928"}],"version-history":[{"count":1,"href":"https:\/\/obispadodezaratecampana.org\/index.php?rest_route=\/wp\/v2\/posts\/7928\/revisions"}],"predecessor-version":[{"id":7931,"href":"https:\/\/obispadodezaratecampana.org\/index.php?rest_route=\/wp\/v2\/posts\/7928\/revisions\/7931"}],"wp:featuredmedia":[{"embeddable":true,"href":"https:\/\/obispadodezaratecampana.org\/index.php?rest_route=\/wp\/v2\/media\/7930"}],"wp:attachment":[{"href":"https:\/\/obispadodezaratecampana.org\/index.php?rest_route=%2Fwp%2Fv2%2Fmedia&parent=7928"}],"wp:term":[{"taxonomy":"category","embeddable":true,"href":"https:\/\/obispadodezaratecampana.org\/index.php?rest_route=%2Fwp%2Fv2%2Fcategories&post=7928"},{"taxonomy":"post_tag","embeddable":true,"href":"https:\/\/obispadodezaratecampana.org\/index.php?rest_route=%2Fwp%2Fv2%2Ftags&post=7928"}],"curies":[{"name":"wp","href":"https:\/\/api.w.org\/{rel}","templated":true}]}}