{"id":7925,"date":"2014-11-24T21:23:24","date_gmt":"2014-11-25T00:23:24","guid":{"rendered":"http:\/\/obispadodezaratecampana.org\/?p=7925"},"modified":"2014-11-24T21:23:24","modified_gmt":"2014-11-25T00:23:24","slug":"el-obispo-bendecira-un-pasaje-llamado-papa-francisco","status":"publish","type":"post","link":"https:\/\/obispadodezaratecampana.org\/?p=7925","title":{"rendered":"El Obispo bendecir\u00e1 un pasaje llamado Papa Francisco"},"content":{"rendered":"<p>Queridos lectores , les compartimos esta invitaci\u00f3n de la comunidad de la Pquia. Exaltaci\u00f3n de la Cruz &#8211; de Capilla del Se\u00f1or- , para el martes 25 de noviembre:<\/p>\n<p><em>*ATENCI\u00d3N*<\/em><\/p>\n<p><em>Invitamos a toda la Comunidad a la Santa Misa que presidir\u00e1 nuestro Obispo Monse\u00f1or Oscar Sarlinga en el d\u00eda de ma\u00f1ana a las 19hs con motivo de la bendici\u00f3n e imposici\u00f3n de nombre &#8220;Papa Francisco&#8221; al pasaje ubicado en Belgrano y Sosa de nuestra ciudad.<\/em><\/p>\n<p><em>Los esperamos.<\/em><\/p>\n<p>Facebook de la parroquia:<\/p>\n<p>h<a title=\"exaltacion\" href=\"https:\/\/www.facebook.com\/parroquia.exaltaciondelacruz?fref=ts\" target=\"_blank\">ttps:\/\/www.facebook.com\/parroquia.exaltaciondelacruz?fref=ts<\/a><\/p>\n<p>&nbsp;<\/p>\n<p><img fetchpriority=\"high\" decoding=\"async\" class=\"size-medium wp-image-7926 aligncenter\" src=\"http:\/\/obispadodezaratecampana.org\/wp-content\/uploads\/2014\/11\/parroquia-300x211.jpg\" alt=\"parroquia\" width=\"300\" height=\"211\" srcset=\"https:\/\/obispadodezaratecampana.org\/wp-content\/uploads\/2014\/11\/parroquia-300x211.jpg 300w, https:\/\/obispadodezaratecampana.org\/wp-content\/uploads\/2014\/11\/parroquia-1024x723.jpg 1024w, https:\/\/obispadodezaratecampana.org\/wp-content\/uploads\/2014\/11\/parroquia.jpg 2048w\" sizes=\"(max-width: 300px) 100vw, 300px\" \/><\/p>\n<!-- AddThis Advanced Settings generic via filter on the_content --><!-- AddThis Share Buttons generic via filter on the_content -->","protected":false},"excerpt":{"rendered":"<p>Queridos lectores , les compartimos esta invitaci\u00f3n de la comunidad de la Pquia. Exaltaci\u00f3n de la Cruz &#8211; de Capilla del Se\u00f1or- , para el [&hellip;]<!-- AddThis Advanced Settings generic via filter on get_the_excerpt --><!-- AddThis Share Buttons generic via filter on get_the_excerpt --><\/p>\n","protected":false},"author":2,"featured_media":7926,"comment_status":"open","ping_status":"open","sticky":false,"template":"","format":"standard","meta":{"footnotes":""},"categories":[3],"tags":[],"class_list":["post-7925","post","type-post","status-publish","format-standard","has-post-thumbnail","hentry","category-noticiasparroquiales"],"_links":{"self":[{"href":"https:\/\/obispadodezaratecampana.org\/index.php?rest_route=\/wp\/v2\/posts\/7925","targetHints":{"allow":["GET"]}}],"collection":[{"href":"https:\/\/obispadodezaratecampana.org\/index.php?rest_route=\/wp\/v2\/posts"}],"about":[{"href":"https:\/\/obispadodezaratecampana.org\/index.php?rest_route=\/wp\/v2\/types\/post"}],"author":[{"embeddable":true,"href":"https:\/\/obispadodezaratecampana.org\/index.php?rest_route=\/wp\/v2\/users\/2"}],"replies":[{"embeddable":true,"href":"https:\/\/obispadodezaratecampana.org\/index.php?rest_route=%2Fwp%2Fv2%2Fcomments&post=7925"}],"version-history":[{"count":1,"href":"https:\/\/obispadodezaratecampana.org\/index.php?rest_route=\/wp\/v2\/posts\/7925\/revisions"}],"predecessor-version":[{"id":7927,"href":"https:\/\/obispadodezaratecampana.org\/index.php?rest_route=\/wp\/v2\/posts\/7925\/revisions\/7927"}],"wp:featuredmedia":[{"embeddable":true,"href":"https:\/\/obispadodezaratecampana.org\/index.php?rest_route=\/wp\/v2\/media\/7926"}],"wp:attachment":[{"href":"https:\/\/obispadodezaratecampana.org\/index.php?rest_route=%2Fwp%2Fv2%2Fmedia&parent=7925"}],"wp:term":[{"taxonomy":"category","embeddable":true,"href":"https:\/\/obispadodezaratecampana.org\/index.php?rest_route=%2Fwp%2Fv2%2Fcategories&post=7925"},{"taxonomy":"post_tag","embeddable":true,"href":"https:\/\/obispadodezaratecampana.org\/index.php?rest_route=%2Fwp%2Fv2%2Ftags&post=7925"}],"curies":[{"name":"wp","href":"https:\/\/api.w.org\/{rel}","templated":true}]}}