{"id":7870,"date":"2014-11-16T19:06:09","date_gmt":"2014-11-16T22:06:09","guid":{"rendered":"http:\/\/obispadodezaratecampana.org\/?p=7870"},"modified":"2014-11-16T22:24:09","modified_gmt":"2014-11-17T01:24:09","slug":"7870","status":"publish","type":"post","link":"https:\/\/obispadodezaratecampana.org\/?p=7870","title":{"rendered":"Pr\u00f3ximas Confirmaciones en nuestras comunidades"},"content":{"rendered":"<p>En las pr\u00f3ximas semanas se estar\u00e1 celebrando el sacramento de la Confirmaci\u00f3n en diversas comunidades de nuestra di\u00f3cesis. Al respecto de esto, les compartimos esta publicaci\u00f3n del muro del perfil de facebook de nuestro Obispo:<\/p>\n<p><a title=\"Monse\u00f1or\" href=\"https:\/\/www.facebook.com\/monsoscardsarlinga?ref=hl\" target=\"_blank\">https:\/\/www.facebook.com\/monsoscardsarlinga?ref=hl<\/a><\/p>\n<p><em>VEN ESP\u00cdRITU SANTO&#8230;. RENUEVA LOS CORAZONES DE TUS FIELES, Y ENCIENDE EN ELLOS EL FUEGO DE TU AMOR. <\/em><\/p>\n<p><em>Renovada efusi\u00f3n del Esp\u00edritu Santo en la di\u00f3cesis.<\/em><br \/>\n<em> Confirmaciones en la segunda quincena de noviembre. &#8220;Las \u00faltimas&#8230;&#8221; El Esp\u00edritu es &#8220;intimior intimo meo&#8221;&#8230; lo m\u00e1s \u00edntimo de lo \u00edntimo que hay en m\u00ed&#8230; nos dijo San Agust\u00edn. Y por ello tambi\u00e9n&#8230; &#8220;lo \u00faltimo&#8221;&#8230; porque &#8220;ulterior&#8221; gracia en nosotros, en cuanto a &#8220;Gracia increada&#8221; no podr\u00eda haber. En ese sentido, son efusiones &#8220;\u00faltimas&#8221;.<\/em><\/p>\n<p><em>S\u00e1bado 15 de noviembre, a las 18. Confirmaciones de alumnos del colegio &#8220;San Vicente de Paul&#8221; en Bel\u00e9n de Escobar.<\/em><br \/>\n<em> S\u00e1bado 15 de noviembre, a las 19. Confirmaciones en la parroquia de Nuestra Se\u00f1ora de Luj\u00e1n y los Santos Ap\u00f3stoles Pedro y Pablo, de Campana.<\/em><br \/>\n<em> S\u00e1bado 15 de noviembre, a las 19. Confirmaciones en la parroquia de Santiago Ap\u00f3stol, en Baradero.<\/em><\/p>\n<p><em>Domingo 16 de noviembre, a las 9.00. Confirmaciones en la parroquia de San Isidro Labrador, de Lima.<\/em><br \/>\n<em> Domingo 16 de noviembre, a las 11. Confirmaciones en la parroquia de San Isidro Labrador, de Lima.<\/em><br \/>\n<em> Domingo 16 de noviembre, a las 11.30. Confirmaciones en la parroquia del Sagrado Coraz\u00f3n (Barrios Do\u00f1a Justa y Lambar\u00e9, en Ingeniero Maschwitz).<\/em><\/p>\n<p><em>Jueves 20 de noviembre, a las 18. Confirmaciones de alumnos del colegio &#8220;Mano Amiga&#8221; (de Pilar) en la capilla de la Virgen de F\u00e1tima, de los PP. Siervos de Mar\u00eda, en F\u00e1tima, Pilar.<\/em><\/p>\n<p><em>S\u00e1bado 22 de noviembre, a las 19. Confirmaciones en la parroquia de la Inmaculada Concepci\u00f3n, de Maquinista Savio.<\/em><\/p>\n<p><em>S\u00e1bado 22 de noviembre. 19.30. Confirmaciones masivas en gimnasio del colegio &#8220;Madre del Divino Pastor&#8221; en Pilar.<\/em><\/p>\n<p><em>Domingo 23, a las 16. Confirmaciones en la parroquia de Santa Rosa de Lima, en Villa Rosa (Pilar).<\/em><\/p>\n<p><em>Domingo 23, a las 17. Confirmaciones en la parroquia de San Patricio, en San Antonio de Areco.<\/em><\/p>\n<p><em>Domingo 23, a las 17.30. Confirmaciones en Santa Teresa de Jes\u00fas, de Gar\u00edn (250 confirmandos).<\/em><\/p>\n<p><em>VEN, PADRE DE LOS POBRES, VEN A DARNOS TU LUZ.<\/em><br \/>\n<em> SIN TU PRESENCIA DIVINA, NO HAY NADA EN EL HOMBRE, NADA QUE SEA INOCENTE. VEN ESP\u00cdRITU SANTO, VEN, QUE TU IGLESIA NO VIVE SIN TI.<\/em><\/p>\n<p>(luego del 23 de noviembre habr\u00e1 mas celebraciones)<\/p>\n<!-- AddThis Advanced Settings generic via filter on the_content --><!-- AddThis Share Buttons generic via filter on the_content -->","protected":false},"excerpt":{"rendered":"<p>En las pr\u00f3ximas semanas se estar\u00e1 celebrando el sacramento de la Confirmaci\u00f3n en diversas comunidades de nuestra di\u00f3cesis. Al respecto de esto, les compartimos esta [&hellip;]<!-- AddThis Advanced Settings generic via filter on get_the_excerpt --><!-- AddThis Share Buttons generic via filter on get_the_excerpt --><\/p>\n","protected":false},"author":2,"featured_media":7880,"comment_status":"open","ping_status":"open","sticky":false,"template":"","format":"standard","meta":{"footnotes":""},"categories":[3],"tags":[],"class_list":["post-7870","post","type-post","status-publish","format-standard","has-post-thumbnail","hentry","category-noticiasparroquiales"],"_links":{"self":[{"href":"https:\/\/obispadodezaratecampana.org\/index.php?rest_route=\/wp\/v2\/posts\/7870","targetHints":{"allow":["GET"]}}],"collection":[{"href":"https:\/\/obispadodezaratecampana.org\/index.php?rest_route=\/wp\/v2\/posts"}],"about":[{"href":"https:\/\/obispadodezaratecampana.org\/index.php?rest_route=\/wp\/v2\/types\/post"}],"author":[{"embeddable":true,"href":"https:\/\/obispadodezaratecampana.org\/index.php?rest_route=\/wp\/v2\/users\/2"}],"replies":[{"embeddable":true,"href":"https:\/\/obispadodezaratecampana.org\/index.php?rest_route=%2Fwp%2Fv2%2Fcomments&post=7870"}],"version-history":[{"count":3,"href":"https:\/\/obispadodezaratecampana.org\/index.php?rest_route=\/wp\/v2\/posts\/7870\/revisions"}],"predecessor-version":[{"id":7878,"href":"https:\/\/obispadodezaratecampana.org\/index.php?rest_route=\/wp\/v2\/posts\/7870\/revisions\/7878"}],"wp:featuredmedia":[{"embeddable":true,"href":"https:\/\/obispadodezaratecampana.org\/index.php?rest_route=\/wp\/v2\/media\/7880"}],"wp:attachment":[{"href":"https:\/\/obispadodezaratecampana.org\/index.php?rest_route=%2Fwp%2Fv2%2Fmedia&parent=7870"}],"wp:term":[{"taxonomy":"category","embeddable":true,"href":"https:\/\/obispadodezaratecampana.org\/index.php?rest_route=%2Fwp%2Fv2%2Fcategories&post=7870"},{"taxonomy":"post_tag","embeddable":true,"href":"https:\/\/obispadodezaratecampana.org\/index.php?rest_route=%2Fwp%2Fv2%2Ftags&post=7870"}],"curies":[{"name":"wp","href":"https:\/\/api.w.org\/{rel}","templated":true}]}}