{"id":7847,"date":"2014-11-15T14:39:05","date_gmt":"2014-11-15T17:39:05","guid":{"rendered":"http:\/\/obispadodezaratecampana.org\/?p=7847"},"modified":"2014-11-15T14:39:05","modified_gmt":"2014-11-15T17:39:05","slug":"x-encuentro-de-la-asociacion-de-las-familias-rog","status":"publish","type":"post","link":"https:\/\/obispadodezaratecampana.org\/?p=7847","title":{"rendered":"X ENCUENTRO DE LA ASOCIACION DE LAS FAMILIAS ROG"},"content":{"rendered":"<p>Les compartimos esta informaci\u00f3n acerca del encuentro del que est\u00e1n participando en estos d\u00edas miembros de la comunidad de las Familias Rogacionistas de nuestra di\u00f3cesis.<\/p>\n<p><em>Hola queridos amigos:<\/em><br \/>\n<em>Este s\u00e1bado 15 y domingo 16 se realiza el X ENCUENTRO DE LA ASOCIACION DE LAS FAMILIAS ROG, en Curitiba Brasil donde participaremos. Le pedimos su oraci\u00f3n para sentirnos acompa\u00f1ados y que nos anime para seguir creciendo en este apostolado tan hermoso que el Se\u00f1or nos llamo a traves de San Anibal.<\/em><br \/>\n<em>Gracias por acompa\u00f1arnos siempre y mandaremos fotos mostrando el desarrollo del encuentro.<\/em><br \/>\n<em>Que Dios los bendiga.<\/em><br \/>\n<em>ENVIA, SE\u00d1OR, APOSTOLES SANTOS A TU IGLESIA<\/em><\/p>\n<p>En facebook:\u00a0<a title=\"rog\" href=\"https:\/\/www.facebook.com\/familiasrog.argentina?fref=photo\" target=\"_blank\">https:\/\/www.facebook.com\/familiasrog.argentina?fref=photo<\/a><\/p>\n<!-- AddThis Advanced Settings generic via filter on the_content --><!-- AddThis Share Buttons generic via filter on the_content -->","protected":false},"excerpt":{"rendered":"<p>Les compartimos esta informaci\u00f3n acerca del encuentro del que est\u00e1n participando en estos d\u00edas miembros de la comunidad de las Familias Rogacionistas de nuestra di\u00f3cesis. [&hellip;]<!-- AddThis Advanced Settings generic via filter on get_the_excerpt --><!-- AddThis Share Buttons generic via filter on get_the_excerpt --><\/p>\n","protected":false},"author":2,"featured_media":7848,"comment_status":"open","ping_status":"open","sticky":false,"template":"","format":"standard","meta":{"footnotes":""},"categories":[4],"tags":[],"class_list":["post-7847","post","type-post","status-publish","format-standard","has-post-thumbnail","hentry","category-movimientosinstituciones"],"_links":{"self":[{"href":"https:\/\/obispadodezaratecampana.org\/index.php?rest_route=\/wp\/v2\/posts\/7847","targetHints":{"allow":["GET"]}}],"collection":[{"href":"https:\/\/obispadodezaratecampana.org\/index.php?rest_route=\/wp\/v2\/posts"}],"about":[{"href":"https:\/\/obispadodezaratecampana.org\/index.php?rest_route=\/wp\/v2\/types\/post"}],"author":[{"embeddable":true,"href":"https:\/\/obispadodezaratecampana.org\/index.php?rest_route=\/wp\/v2\/users\/2"}],"replies":[{"embeddable":true,"href":"https:\/\/obispadodezaratecampana.org\/index.php?rest_route=%2Fwp%2Fv2%2Fcomments&post=7847"}],"version-history":[{"count":1,"href":"https:\/\/obispadodezaratecampana.org\/index.php?rest_route=\/wp\/v2\/posts\/7847\/revisions"}],"predecessor-version":[{"id":7849,"href":"https:\/\/obispadodezaratecampana.org\/index.php?rest_route=\/wp\/v2\/posts\/7847\/revisions\/7849"}],"wp:featuredmedia":[{"embeddable":true,"href":"https:\/\/obispadodezaratecampana.org\/index.php?rest_route=\/wp\/v2\/media\/7848"}],"wp:attachment":[{"href":"https:\/\/obispadodezaratecampana.org\/index.php?rest_route=%2Fwp%2Fv2%2Fmedia&parent=7847"}],"wp:term":[{"taxonomy":"category","embeddable":true,"href":"https:\/\/obispadodezaratecampana.org\/index.php?rest_route=%2Fwp%2Fv2%2Fcategories&post=7847"},{"taxonomy":"post_tag","embeddable":true,"href":"https:\/\/obispadodezaratecampana.org\/index.php?rest_route=%2Fwp%2Fv2%2Ftags&post=7847"}],"curies":[{"name":"wp","href":"https:\/\/api.w.org\/{rel}","templated":true}]}}