{"id":7844,"date":"2014-11-15T13:49:25","date_gmt":"2014-11-15T16:49:25","guid":{"rendered":"http:\/\/obispadodezaratecampana.org\/?p=7844"},"modified":"2014-11-15T13:49:25","modified_gmt":"2014-11-15T16:49:25","slug":"francisco-el-reino-de-dios-crece-en-silencio-sin-espectacularidad","status":"publish","type":"post","link":"https:\/\/obispadodezaratecampana.org\/?p=7844","title":{"rendered":"FRANCISCO:  EL REINO DE DIOS CRECE EN SILENCIO, SIN ESPECTACULARIDAD"},"content":{"rendered":"<p>HOMIL\u00cdA DEL JUEVES 13 de Noviembre : EL REINO DE DIOS CRECE EN SILENCIO, SIN ESPECTACULARIDAD<\/p>\n<p>El Reino de Dios crece cada d\u00eda gracias a quien lo testimonia &#8220;sin hacer ruido&#8221;, rezando y viviendo con fe sus obligaciones familiares, en su trabajo o en su comunidad de pertenencia. Lo subray\u00f3 el Papa Francisco en su homil\u00eda de la Misa matutina celebrada en la capilla de la Casa de Santa Marta.<\/p>\n<p>En el silencio, tal vez en una casa donde \u201cse llega a fin de mes s\u00f3lo con medio euro\u201d y sin embargo no se deja de rezar y de atender a los propios hijos y a los propios abuelos: es all\u00ed donde se encuentra el Reino de Dios. Lejos del clamor, porque el Reino de Dios \u201cno llama la atenci\u00f3n\u201d, tal como no la llama la semilla que se desarrolla debajo de la tierra.<\/p>\n<p>El Papa Francisco bas\u00f3 su homil\u00eda en las palabras del pasaje del Evangelio de Lucas, donde a la pregunta de los disc\u00edpulos -&#8220;\u00bfCu\u00e1ndo vendr\u00e1 el Reino de Dios?&#8221;-, Jes\u00fas responde: cuando les digan \u201cah\u00ed est\u00e1, o, \u2018He aqu\u00ed\u2019; no vayan\u201d.<\/p>\n<p>\u201cEl Reino de Dios \u2013 afirm\u00f3 el Papa \u2013 no es un espect\u00e1culo. El espect\u00e1culo tantas veces es la caricatura del Reino de Dios\u201d: &#8220;El Se\u00f1or jam\u00e1s dice que el Reino de Dios es un espect\u00e1culo. \u00a1Es una fiesta! Lo cual es diferente. Es fiesta, ciertamente, es bell\u00edsima. Una gran fiesta. Y el Cielo ser\u00e1 una fiesta, pero no un espect\u00e1culo. Y nuestra debilidad humana prefiere el espect\u00e1culo\u201d.<\/p>\n<p>A menudo el espect\u00e1culo es una celebraci\u00f3n \u2013 por ejemplo en las bodas \u2013 a la que se presenta gente que m\u00e1s que a recibir un Sacramento va \u201ca hacer el espect\u00e1culo de la moda, del hacerse ver, de la vanidad\u201d. En cambio, prosigui\u00f3 Francisco, \u201cel Reino de Dios es silencioso, crece dentro. Lo hace crecer el Esp\u00edritu Santo con nuestra disponibilidad, en nuestra tierra, que nosotros debemos preparar\u201d.<\/p>\n<p>Tambi\u00e9n para el Reino llegar\u00e1 el momento de la manifestaci\u00f3n de la fuerza, pero ser\u00e1 s\u00f3lo al final de los tiempos: \u201cEl d\u00eda que haga ruido, lo har\u00e1 como el rayo, chispeando, que se desliza de un lado al otro del cielo. As\u00ed ser\u00e1 el Hijo del Hombre en su d\u00eda, el d\u00eda que haga ruido&#8221;.<\/p>\n<p>&#8220;Y cuando uno piensa en la perseverancia de tantos cristianos, que llevan adelante su familia \u2013 hombres, mujeres \u2013 que se ocupan de sus hijos, cuidan a los abuelos y llegan a fin de mes s\u00f3lo con medio euro, pero rezan. Ah\u00ed est\u00e1 el Reino de Dios, escondido, en esa santidad de la vida cotidiana, esa santidad de todos los d\u00edas. Porque el Reino de Dios no est\u00e1 lejos de nosotros, \u00a1est\u00e1 cerca! \u00c9sta es una de sus caracter\u00edsticas: cercan\u00eda de todos los d\u00edas\u201d.<\/p>\n<p>Tambi\u00e9n cuando describe su venida en una manifestaci\u00f3n de gloria y de poder \u2013 insisti\u00f3 el Papa al concluir \u2013 Jes\u00fas a\u00f1ade inmediatamente que \u201cantes es necesario que \u00c9l sufra mucho y sea rechazado por esta generaci\u00f3n\u201d. Lo que quiere decir \u2013 not\u00f3 Francisco \u2013 \u201cque tambi\u00e9n el sufrimiento, la cruz, la cruz cotidiana de la vida \u2013 la cruz del trabajo, de la familia, de llevar adelante bien las cosas \u2013 esta peque\u00f1a cruz cotidiana es parte del Reino de Dios\u201d.<\/p>\n<p>Y termin\u00f3 diciendo: pidamos al Se\u00f1or la gracia \u201cde cuidar el Reino de Dios que est\u00e1 dentro de nosotros\u201d con \u201cla oraci\u00f3n, la adoraci\u00f3n y el servicio de la caridad, silenciosamente\u201d:<\/p>\n<p>\u201cEl Reino de Dios es humilde, como la semilla; humilde, pero se vuelve grande por la fuerza del Esp\u00edritu Santo. Debemos dejarlo crecer en nosotros, sin vanagloriarnos: dejar que el Esp\u00edritu venga, nos cambie el alma y nos lleve adelante en el silencio, en la paz, en la tranquilidad, en la cercan\u00eda a Dios, a los dem\u00e1s, en la adoraci\u00f3n a Dios, sin espect\u00e1culos\u201d.<\/p>\n<p>Fuente: www.news.va<\/p>\n<!-- AddThis Advanced Settings generic via filter on the_content --><!-- AddThis Share Buttons generic via filter on the_content -->","protected":false},"excerpt":{"rendered":"<p>HOMIL\u00cdA DEL JUEVES 13 de Noviembre : EL REINO DE DIOS CRECE EN SILENCIO, SIN ESPECTACULARIDAD El Reino de Dios crece cada d\u00eda gracias a [&hellip;]<!-- AddThis Advanced Settings generic via filter on get_the_excerpt --><!-- AddThis Share Buttons generic via filter on get_the_excerpt --><\/p>\n","protected":false},"author":2,"featured_media":7845,"comment_status":"open","ping_status":"open","sticky":false,"template":"","format":"standard","meta":{"footnotes":""},"categories":[161],"tags":[],"class_list":["post-7844","post","type-post","status-publish","format-standard","has-post-thumbnail","hentry","category-el-papa-leonxiv"],"_links":{"self":[{"href":"https:\/\/obispadodezaratecampana.org\/index.php?rest_route=\/wp\/v2\/posts\/7844","targetHints":{"allow":["GET"]}}],"collection":[{"href":"https:\/\/obispadodezaratecampana.org\/index.php?rest_route=\/wp\/v2\/posts"}],"about":[{"href":"https:\/\/obispadodezaratecampana.org\/index.php?rest_route=\/wp\/v2\/types\/post"}],"author":[{"embeddable":true,"href":"https:\/\/obispadodezaratecampana.org\/index.php?rest_route=\/wp\/v2\/users\/2"}],"replies":[{"embeddable":true,"href":"https:\/\/obispadodezaratecampana.org\/index.php?rest_route=%2Fwp%2Fv2%2Fcomments&post=7844"}],"version-history":[{"count":1,"href":"https:\/\/obispadodezaratecampana.org\/index.php?rest_route=\/wp\/v2\/posts\/7844\/revisions"}],"predecessor-version":[{"id":7846,"href":"https:\/\/obispadodezaratecampana.org\/index.php?rest_route=\/wp\/v2\/posts\/7844\/revisions\/7846"}],"wp:featuredmedia":[{"embeddable":true,"href":"https:\/\/obispadodezaratecampana.org\/index.php?rest_route=\/wp\/v2\/media\/7845"}],"wp:attachment":[{"href":"https:\/\/obispadodezaratecampana.org\/index.php?rest_route=%2Fwp%2Fv2%2Fmedia&parent=7844"}],"wp:term":[{"taxonomy":"category","embeddable":true,"href":"https:\/\/obispadodezaratecampana.org\/index.php?rest_route=%2Fwp%2Fv2%2Fcategories&post=7844"},{"taxonomy":"post_tag","embeddable":true,"href":"https:\/\/obispadodezaratecampana.org\/index.php?rest_route=%2Fwp%2Fv2%2Ftags&post=7844"}],"curies":[{"name":"wp","href":"https:\/\/api.w.org\/{rel}","templated":true}]}}