{"id":7819,"date":"2014-11-11T13:45:44","date_gmt":"2014-11-11T16:45:44","guid":{"rendered":"http:\/\/obispadodezaratecampana.org\/?p=7819"},"modified":"2014-11-11T13:45:44","modified_gmt":"2014-11-11T16:45:44","slug":"15-de-noviembre-dia-de-campo-de-partida","status":"publish","type":"post","link":"https:\/\/obispadodezaratecampana.org\/?p=7819","title":{"rendered":"15 de noviembre: D\u00eda de campo de Partida"},"content":{"rendered":"<p>El s\u00e1bado 15 de noviembre los miembros del Movimiento de Partida compartir\u00e1n un d\u00eda de juegos y recreaci\u00f3n en Maquinista Savio, en el predio de la Parroquia Inmaculada Concepci\u00f3n.<\/p>\n<p>Para mas informaci\u00f3n acerca de este evento este es el enlace del movimiento en facebook:\u00a0<a title=\"partida\" href=\"https:\/\/www.facebook.com\/MovimientodePartida.ZarateCampana35\">https:\/\/www.facebook.com\/MovimientodePartida.ZarateCampana35<\/a><\/p>\n<p><img fetchpriority=\"high\" decoding=\"async\" class=\" wp-image-7820 aligncenter\" src=\"http:\/\/obispadodezaratecampana.org\/wp-content\/uploads\/2014\/11\/10392295_1562895300595222_4532392493047070757_n-300x112.jpg\" alt=\"10392295_1562895300595222_4532392493047070757_n\" width=\"446\" height=\"197\" \/><\/p>\n<!-- AddThis Advanced Settings generic via filter on the_content --><!-- AddThis Share Buttons generic via filter on the_content -->","protected":false},"excerpt":{"rendered":"<p>El s\u00e1bado 15 de noviembre los miembros del Movimiento de Partida compartir\u00e1n un d\u00eda de juegos y recreaci\u00f3n en Maquinista Savio, en el predio de [&hellip;]<!-- AddThis Advanced Settings generic via filter on get_the_excerpt --><!-- AddThis Share Buttons generic via filter on get_the_excerpt --><\/p>\n","protected":false},"author":2,"featured_media":7820,"comment_status":"open","ping_status":"open","sticky":false,"template":"","format":"standard","meta":{"footnotes":""},"categories":[4],"tags":[],"class_list":["post-7819","post","type-post","status-publish","format-standard","has-post-thumbnail","hentry","category-movimientosinstituciones"],"_links":{"self":[{"href":"https:\/\/obispadodezaratecampana.org\/index.php?rest_route=\/wp\/v2\/posts\/7819","targetHints":{"allow":["GET"]}}],"collection":[{"href":"https:\/\/obispadodezaratecampana.org\/index.php?rest_route=\/wp\/v2\/posts"}],"about":[{"href":"https:\/\/obispadodezaratecampana.org\/index.php?rest_route=\/wp\/v2\/types\/post"}],"author":[{"embeddable":true,"href":"https:\/\/obispadodezaratecampana.org\/index.php?rest_route=\/wp\/v2\/users\/2"}],"replies":[{"embeddable":true,"href":"https:\/\/obispadodezaratecampana.org\/index.php?rest_route=%2Fwp%2Fv2%2Fcomments&post=7819"}],"version-history":[{"count":1,"href":"https:\/\/obispadodezaratecampana.org\/index.php?rest_route=\/wp\/v2\/posts\/7819\/revisions"}],"predecessor-version":[{"id":7821,"href":"https:\/\/obispadodezaratecampana.org\/index.php?rest_route=\/wp\/v2\/posts\/7819\/revisions\/7821"}],"wp:featuredmedia":[{"embeddable":true,"href":"https:\/\/obispadodezaratecampana.org\/index.php?rest_route=\/wp\/v2\/media\/7820"}],"wp:attachment":[{"href":"https:\/\/obispadodezaratecampana.org\/index.php?rest_route=%2Fwp%2Fv2%2Fmedia&parent=7819"}],"wp:term":[{"taxonomy":"category","embeddable":true,"href":"https:\/\/obispadodezaratecampana.org\/index.php?rest_route=%2Fwp%2Fv2%2Fcategories&post=7819"},{"taxonomy":"post_tag","embeddable":true,"href":"https:\/\/obispadodezaratecampana.org\/index.php?rest_route=%2Fwp%2Fv2%2Ftags&post=7819"}],"curies":[{"name":"wp","href":"https:\/\/api.w.org\/{rel}","templated":true}]}}