{"id":7622,"date":"2014-10-21T23:24:42","date_gmt":"2014-10-22T02:24:42","guid":{"rendered":"http:\/\/obispadodezaratecampana.org\/?p=7622"},"modified":"2014-10-21T23:24:42","modified_gmt":"2014-10-22T02:24:42","slug":"martes-21-de-octubre-francisco","status":"publish","type":"post","link":"https:\/\/obispadodezaratecampana.org\/?p=7622","title":{"rendered":"Martes 21 de octubre: Francisco"},"content":{"rendered":"<p>\u201cEl cristiano es un hombre o una mujer que sabe esperar a Jes\u00fas y por esta raz\u00f3n es un hombre o una mujer de esperanza\u201d. Lo reafirm\u00f3 el Papa Francisco en su homil\u00eda de la Misa de la ma\u00f1ana, celebrada en la capilla de la Casa de Santa Marta.<br \/>\nEl Papa tambi\u00e9n dijo que con su sacrificio, Cristo nos ha hecho \u201camigos cercanos, en paz\u201d. Personas que saben esperar y, en la espera, cultivan una s\u00f3lida esperanza. \u00c9stos son los cristianos, un pueblo unido por Jes\u00fas m\u00e1s all\u00e1 de toda enemistad \u2013 explic\u00f3 Francisco \u2013; servido por \u00c9l y dotado de un nombre. El Santo Padre reflexion\u00f3 inspir\u00e1ndose en el Evangelio de Lucas y en la Carta de san Pablo a los Efesios.<br \/>\nAnte todo, record\u00f3, Cristo habla a sus disc\u00edpulos compar\u00e1ndose con el patr\u00f3n que regresa tarde, por la noche, de la fiesta de matrimonio y llama \u201cbienaventurados\u201d a los siervos que lo esperan despiertos y con las l\u00e1mparas encendidas. En la escena siguiente Jes\u00fas se hace siervo de sus servidores, llev\u00e1ndoles la comida a la mesa.<br \/>\nEl Papa Bergoglio observ\u00f3 que el primer servicio que el Maestro hace a los cristianos es darles \u201cla identidad\u201d. \u201cNosotros sin Cristo \u2013 dijo \u2013 no tenemos identidad\u201d. Mientras destacando las palabras de Pablo a los paganos, el Papa dijo \u201crecuerden que en aquel tempo estaban sin Cristo, excluidos de la ciudadan\u00eda de Israel\u201d, y reafirm\u00f3 que \u201clo que ha venido a hacer Jes\u00fas con nosotros es daros una ciudadan\u00eda, la pertenencia, a un pueblo, un nombre, un apellido\u201d. Y as\u00ed, de \u201cenemigos sin paz\u201d, Cristo \u201cnos ha unido\u201d con \u201csu sangre\u201d, \u201cderribando el muro de separaci\u00f3n que divide\u201d:<br \/>\n\u201cTodos nosotros sabemos que cuando no estamos en paz con las personas, hay un muro. Hay un muro que nos divide. Pero Jes\u00fas nos ofrece su servicio, el de derribar este muro, para que podamos encontrarnos. Y si estamos divididos, no somos amigos: somos enemigos. Y ha hecho mucho m\u00e1s, para reconciliar a todos en Dios. Nos ha reconciliado con Dios: de enemigos, amigos; de extra\u00f1os, hijos\u201d.<br \/>\nDe \u201cgente de la calle\u201d, de personas que ni siquiera eran \u201chu\u00e9spedes\u201d, a \u201cconciudadanos de los Santos y familiares de Dios\u201d, dijo tambi\u00e9n el Papa recordando a San Pablo, y a\u00f1adi\u00f3 que esto es lo que ha hecho Jes\u00fas con su venida. \u201cPero, \u00bfa qu\u00e9 condici\u00f3n?, se pregunt\u00f3: a condici\u00f3n de \u201cesperarlo\u201d, esperarlo como los siervos con el patr\u00f3n:<br \/>\n\u201cEsperar a Jes\u00fas. Quien no espera a Jes\u00fas, cierra la puerta a Jes\u00fas, no le deja hacer esta obra de paz, de comunidad, de ciudadan\u00eda, es m\u00e1s: de nombre. Nos da un nombre. Nos hace hijos de Dios. \u00c9sta es la actitud para esperar a Jes\u00fas, que est\u00e1 dentro de la esperanza cristiana. El cristiano es un hombre o una mujer de esperanza. Sabe que el Se\u00f1or vendr\u00e1. Verdaderamente vendr\u00e1, \u00a1eh! No conocemos la hora, como esos. No conocemos la hora, pero vendr\u00e1, vendr\u00e1 a encontrarnos, pero no para encontrarnos aislados, enemigos, no. A encontrarnos como \u00c9l ha hecho con su servicio: amigos cercanos, en paz\u201d.<br \/>\nEl Papa Francisco concluy\u00f3 con otra pregunta que el cristiano podr\u00eda hacerse: \u00bfc\u00f3mo espero a Jes\u00fas? Y antes a\u00fan: \u00bfLo \u201cespero o no lo espero?\u201d:<br \/>\n\u201c\u00bfYo creo en esta esperanza, que \u00c9l vendr\u00e1? \u00bfTengo el coraz\u00f3n abierto, para o\u00edr cuando llama a la puerta, cuando abre la puerta? El cristiano es un hombre o una mujer que sabe esperar a Jes\u00fas y por esto es hombre o mujer de esperanza. En cambio el pagano \u2013 y tantas veces nosotros los cristianos nos comportamos como paganos \u2013 se olvida de Jes\u00fas, piensa en s\u00ed mismo, en sus cosas, no espera a Jes\u00fas. El ego\u00edsta pagano hace como si fuera un dios: \u2018Yo me las arreglo solo\u2019. Y as\u00ed termina mal, termina sin nombre, sin cercan\u00eda, sin ciudadan\u00eda\u201d.<\/p>\n<p>Fuente: www.news.va<\/p>\n<!-- AddThis Advanced Settings generic via filter on the_content --><!-- AddThis Share Buttons generic via filter on the_content -->","protected":false},"excerpt":{"rendered":"<p>\u201cEl cristiano es un hombre o una mujer que sabe esperar a Jes\u00fas y por esta raz\u00f3n es un hombre o una mujer de esperanza\u201d. [&hellip;]<!-- AddThis Advanced Settings generic via filter on get_the_excerpt --><!-- AddThis Share Buttons generic via filter on get_the_excerpt --><\/p>\n","protected":false},"author":2,"featured_media":7624,"comment_status":"open","ping_status":"open","sticky":false,"template":"","format":"standard","meta":{"footnotes":""},"categories":[161],"tags":[],"class_list":["post-7622","post","type-post","status-publish","format-standard","has-post-thumbnail","hentry","category-el-papa-leonxiv"],"_links":{"self":[{"href":"https:\/\/obispadodezaratecampana.org\/index.php?rest_route=\/wp\/v2\/posts\/7622","targetHints":{"allow":["GET"]}}],"collection":[{"href":"https:\/\/obispadodezaratecampana.org\/index.php?rest_route=\/wp\/v2\/posts"}],"about":[{"href":"https:\/\/obispadodezaratecampana.org\/index.php?rest_route=\/wp\/v2\/types\/post"}],"author":[{"embeddable":true,"href":"https:\/\/obispadodezaratecampana.org\/index.php?rest_route=\/wp\/v2\/users\/2"}],"replies":[{"embeddable":true,"href":"https:\/\/obispadodezaratecampana.org\/index.php?rest_route=%2Fwp%2Fv2%2Fcomments&post=7622"}],"version-history":[{"count":1,"href":"https:\/\/obispadodezaratecampana.org\/index.php?rest_route=\/wp\/v2\/posts\/7622\/revisions"}],"predecessor-version":[{"id":7625,"href":"https:\/\/obispadodezaratecampana.org\/index.php?rest_route=\/wp\/v2\/posts\/7622\/revisions\/7625"}],"wp:featuredmedia":[{"embeddable":true,"href":"https:\/\/obispadodezaratecampana.org\/index.php?rest_route=\/wp\/v2\/media\/7624"}],"wp:attachment":[{"href":"https:\/\/obispadodezaratecampana.org\/index.php?rest_route=%2Fwp%2Fv2%2Fmedia&parent=7622"}],"wp:term":[{"taxonomy":"category","embeddable":true,"href":"https:\/\/obispadodezaratecampana.org\/index.php?rest_route=%2Fwp%2Fv2%2Fcategories&post=7622"},{"taxonomy":"post_tag","embeddable":true,"href":"https:\/\/obispadodezaratecampana.org\/index.php?rest_route=%2Fwp%2Fv2%2Ftags&post=7622"}],"curies":[{"name":"wp","href":"https:\/\/api.w.org\/{rel}","templated":true}]}}