{"id":7619,"date":"2014-10-21T23:04:21","date_gmt":"2014-10-22T02:04:21","guid":{"rendered":"http:\/\/obispadodezaratecampana.org\/?p=7619"},"modified":"2014-10-21T23:04:21","modified_gmt":"2014-10-22T02:04:21","slug":"consistorio-paz-reconciliacion-y-libertad-religiosa-en-oriente-medio","status":"publish","type":"post","link":"https:\/\/obispadodezaratecampana.org\/?p=7619","title":{"rendered":"Consistorio: Paz, reconciliaci\u00f3n y libertad religiosa en Oriente Medio"},"content":{"rendered":"<p>El Consistorio Ordinario se ha abierto hoy (refiere al lunes 20 de octubre) con el saludo del Santo Padre y la relaci\u00f3n del Secretario de Estado, el cardenal Pietro Parolin, sobre el encuentro de los nuncios y de los representantes pontificios en Oriente Medio que tuvo lugar en el Vaticano del 2 al 4 de octubre.<br \/>\nA continuaci\u00f3n intervinieron los cardenales y los patriarcas presentes en el Aula del S\u00ednodo. En total, las intervenciones rondaron la treintena. Los Patriarcas de las Iglesias de Oriente Medio, en particular, describieron las situaciones y los problemas principales de las Iglesias respectivas en los respectivos pa\u00edses (Iraq, Siria, Egipto, Tierra Santa, Jordania, L\u00edbano&#8230;) En general, las intervenciones se articularon sobre algunos principios: la exigencia de la paz y de la reconciliaci\u00f3n en Oriente Medio, la defensa de la libertad religiosa, la ayuda a las comunidades locales, la gran importancia de la educaci\u00f3n para crear nuevas generaciones capaces de dialogar entre ellas, el papel de la comunidad internacional.<br \/>\nPor lo que se refiere al primer punto, se subray\u00f3 que Oriente Medio necesita urgentemente replantearse su futuro. Se resalt\u00f3 la importancia de Jerusal\u00e9n, como \u2018\u2019capital de la fe\u2019\u2019 para las tres grandes religiones monote\u00edstas y se puso en evidencia la necesidad de llegar a una soluci\u00f3n del conflicto israel\u00ed-palestino y sirio. Ante las violencias perpetradas por Isis se ha reiterado que no se puede matar en nombre de Dios.<br \/>\nCon relaci\u00f3n a la libertad religiosa se hizo hincapi\u00e9 en que la libertad de religi\u00f3n, junto con la de culto y de conciencia, es un derecho fundamental, innato y universal, un valor para toda la humanidad. Junto a ese derecho, se subray\u00f3 tambi\u00e9n la exigencia de que se reconozcan a los cristianos todos los derechos civiles de los dem\u00e1s ciudadanos, sobre todo en los pa\u00edses donde actualmente la religi\u00f3n no est\u00e1 separada del Estado<br \/>\nPor cuanto respecta, adem\u00e1s, a la ayuda a las comunidades locales de la regi\u00f3n se reiter\u00f3 que un Oriente Medio sin cristianos ser\u00eda una grave p\u00e9rdida para todos, ya que juegan un papel fundamental para mantener el equilibrio en esa zona y por su gran compromiso en el \u00e1mbito de la educaci\u00f3n. Por lo tanto, es esencial alentar a los cristianos para que permanezcan en Oriente Medio y perseveren en su misi\u00f3n, tambi\u00e9n porque han contribuido al bienestar de los pa\u00edses en que viven. Desde esta perspectiva, se ha reflexionado sobre el problema de la emigraci\u00f3n de los cristianos. Deben encontrar acogida en las Iglesias y en los Estados a los que emigran y deber\u00edan contar tambi\u00e9n con estructuras pastorales adecuadas para los diversos ritos. Se ha solicitado, por otra parte, que prosiga el env\u00edo de ayudas humanitarias a Oriente Medio para que los cristianos se sientan animados a permanecer en sus tierras y a cultivar las diversas manifestaciones de solidaridad posibles por parte de las Iglesias de otros pa\u00edses, por ejemplo, con viajes y peregrinaciones.<br \/>\nEn materia de educaci\u00f3n, se hizo notar como en muchos pa\u00edses de Oriente Medio los libros de texto de la escuela no hablen de forma positiva de las religiones diversas de la del Estado y de la necesidad de una reflexi\u00f3n sobre este hecho por parte de las instituciones locales. En este sentido se ha evidenciado la necesidad de entablar un di\u00e1logo interreligioso con los musulmanes, partiendo de la base com\u00fan de la raz\u00f3n y de una aut\u00e9ntica cooperaci\u00f3n ecum\u00e9nica, para que todas las Iglesias de Oriente Medio hagan o\u00edr una \u00fanica voz.<br \/>\nEn particular se ha pedido a la Comunidad internacional que garantice a los pr\u00f3fugos cristianos la posibilidad de regresar cuanto antes a sus hogares, estableciendo &#8221;zonas de seguridad&#8221;, por ejemplo en la llanura de N\u00ednive. Por \u00faltimo, se ha lanzado un llamamiento por todas las personas secuestradas en Oriente Medio para que el mundo no se olvide de ellas.<\/p>\n<p>Fuente: www.news.va<\/p>\n<!-- AddThis Advanced Settings generic via filter on the_content --><!-- AddThis Share Buttons generic via filter on the_content -->","protected":false},"excerpt":{"rendered":"<p>El Consistorio Ordinario se ha abierto hoy (refiere al lunes 20 de octubre) con el saludo del Santo Padre y la relaci\u00f3n del Secretario de [&hellip;]<!-- AddThis Advanced Settings generic via filter on get_the_excerpt --><!-- AddThis Share Buttons generic via filter on get_the_excerpt --><\/p>\n","protected":false},"author":2,"featured_media":7620,"comment_status":"open","ping_status":"open","sticky":false,"template":"","format":"standard","meta":{"footnotes":""},"categories":[161],"tags":[],"class_list":["post-7619","post","type-post","status-publish","format-standard","has-post-thumbnail","hentry","category-el-papa-leonxiv"],"_links":{"self":[{"href":"https:\/\/obispadodezaratecampana.org\/index.php?rest_route=\/wp\/v2\/posts\/7619","targetHints":{"allow":["GET"]}}],"collection":[{"href":"https:\/\/obispadodezaratecampana.org\/index.php?rest_route=\/wp\/v2\/posts"}],"about":[{"href":"https:\/\/obispadodezaratecampana.org\/index.php?rest_route=\/wp\/v2\/types\/post"}],"author":[{"embeddable":true,"href":"https:\/\/obispadodezaratecampana.org\/index.php?rest_route=\/wp\/v2\/users\/2"}],"replies":[{"embeddable":true,"href":"https:\/\/obispadodezaratecampana.org\/index.php?rest_route=%2Fwp%2Fv2%2Fcomments&post=7619"}],"version-history":[{"count":1,"href":"https:\/\/obispadodezaratecampana.org\/index.php?rest_route=\/wp\/v2\/posts\/7619\/revisions"}],"predecessor-version":[{"id":7621,"href":"https:\/\/obispadodezaratecampana.org\/index.php?rest_route=\/wp\/v2\/posts\/7619\/revisions\/7621"}],"wp:featuredmedia":[{"embeddable":true,"href":"https:\/\/obispadodezaratecampana.org\/index.php?rest_route=\/wp\/v2\/media\/7620"}],"wp:attachment":[{"href":"https:\/\/obispadodezaratecampana.org\/index.php?rest_route=%2Fwp%2Fv2%2Fmedia&parent=7619"}],"wp:term":[{"taxonomy":"category","embeddable":true,"href":"https:\/\/obispadodezaratecampana.org\/index.php?rest_route=%2Fwp%2Fv2%2Fcategories&post=7619"},{"taxonomy":"post_tag","embeddable":true,"href":"https:\/\/obispadodezaratecampana.org\/index.php?rest_route=%2Fwp%2Fv2%2Ftags&post=7619"}],"curies":[{"name":"wp","href":"https:\/\/api.w.org\/{rel}","templated":true}]}}