{"id":7614,"date":"2014-10-21T22:37:19","date_gmt":"2014-10-22T01:37:19","guid":{"rendered":"http:\/\/obispadodezaratecampana.org\/?p=7614"},"modified":"2014-10-21T22:37:19","modified_gmt":"2014-10-22T01:37:19","slug":"peregrinacion-a-lujan-2014-preparacion-en-zarate","status":"publish","type":"post","link":"https:\/\/obispadodezaratecampana.org\/?p=7614","title":{"rendered":"Peregrinaci\u00f3n a Lujan 2014: Preparaci\u00f3n en Z\u00e1rate"},"content":{"rendered":"<p>&nbsp;<\/p>\n<p>Compartimos esta invitaci\u00f3n publicada en la cuenta de facebook de la Parroquia Nuestra Sra. del Carmen de Z\u00e1rate, donde se convoca a los zarate\u00f1os a una caravana en auto y\/o moto para el pr\u00f3ximo s\u00e1bado 25 de octubre &#8211; partir\u00e1 a las 16:00 hs, desde Justa Lima y Belgrano-. Tiene como finalidad preparar los corazones para la pr\u00f3xima Peregrinaci\u00f3n a Luj\u00e1n que se realizar\u00e1 el primer fin de semana de noviembre.<\/p>\n<p>Facebook de la parroquia:\u00a0<a title=\"parroquia\" href=\"https:\/\/www.facebook.com\/parroquia.zarate?fref=tl_fr_box\" target=\"_blank\">https:\/\/www.facebook.com\/parroquia.zarate?fref=tl_fr_box<\/a><\/p>\n<p><img fetchpriority=\"high\" decoding=\"async\" class=\" wp-image-7615 aligncenter\" src=\"http:\/\/obispadodezaratecampana.org\/wp-content\/uploads\/2014\/10\/10700772_743221345760602_6614742130774223804_o-300x224.jpg\" alt=\"10700772_743221345760602_6614742130774223804_o\" width=\"443\" height=\"343\" \/><\/p>\n<!-- AddThis Advanced Settings generic via filter on the_content --><!-- AddThis Share Buttons generic via filter on the_content -->","protected":false},"excerpt":{"rendered":"<p>&nbsp; Compartimos esta invitaci\u00f3n publicada en la cuenta de facebook de la Parroquia Nuestra Sra. del Carmen de Z\u00e1rate, donde se convoca a los zarate\u00f1os [&hellip;]<!-- AddThis Advanced Settings generic via filter on get_the_excerpt --><!-- AddThis Share Buttons generic via filter on get_the_excerpt --><\/p>\n","protected":false},"author":2,"featured_media":7615,"comment_status":"open","ping_status":"open","sticky":false,"template":"","format":"standard","meta":{"footnotes":""},"categories":[3],"tags":[],"class_list":["post-7614","post","type-post","status-publish","format-standard","has-post-thumbnail","hentry","category-noticiasparroquiales"],"_links":{"self":[{"href":"https:\/\/obispadodezaratecampana.org\/index.php?rest_route=\/wp\/v2\/posts\/7614","targetHints":{"allow":["GET"]}}],"collection":[{"href":"https:\/\/obispadodezaratecampana.org\/index.php?rest_route=\/wp\/v2\/posts"}],"about":[{"href":"https:\/\/obispadodezaratecampana.org\/index.php?rest_route=\/wp\/v2\/types\/post"}],"author":[{"embeddable":true,"href":"https:\/\/obispadodezaratecampana.org\/index.php?rest_route=\/wp\/v2\/users\/2"}],"replies":[{"embeddable":true,"href":"https:\/\/obispadodezaratecampana.org\/index.php?rest_route=%2Fwp%2Fv2%2Fcomments&post=7614"}],"version-history":[{"count":1,"href":"https:\/\/obispadodezaratecampana.org\/index.php?rest_route=\/wp\/v2\/posts\/7614\/revisions"}],"predecessor-version":[{"id":7616,"href":"https:\/\/obispadodezaratecampana.org\/index.php?rest_route=\/wp\/v2\/posts\/7614\/revisions\/7616"}],"wp:featuredmedia":[{"embeddable":true,"href":"https:\/\/obispadodezaratecampana.org\/index.php?rest_route=\/wp\/v2\/media\/7615"}],"wp:attachment":[{"href":"https:\/\/obispadodezaratecampana.org\/index.php?rest_route=%2Fwp%2Fv2%2Fmedia&parent=7614"}],"wp:term":[{"taxonomy":"category","embeddable":true,"href":"https:\/\/obispadodezaratecampana.org\/index.php?rest_route=%2Fwp%2Fv2%2Fcategories&post=7614"},{"taxonomy":"post_tag","embeddable":true,"href":"https:\/\/obispadodezaratecampana.org\/index.php?rest_route=%2Fwp%2Fv2%2Ftags&post=7614"}],"curies":[{"name":"wp","href":"https:\/\/api.w.org\/{rel}","templated":true}]}}