{"id":7600,"date":"2014-10-19T23:12:22","date_gmt":"2014-10-20T02:12:22","guid":{"rendered":"http:\/\/obispadodezaratecampana.org\/?p=7600"},"modified":"2014-10-19T23:12:22","modified_gmt":"2014-10-20T02:12:22","slug":"monsenor-oscar-en-garin-escobar","status":"publish","type":"post","link":"https:\/\/obispadodezaratecampana.org\/?p=7600","title":{"rendered":"Monse\u00f1or Oscar en Gar\u00edn &#8211; Escobar"},"content":{"rendered":"<p>Nuestro Obispo acompa\u00f1o a la comunidad de la Parroquia Santa Teresa de Jesus el mi\u00e9rcoles 15 de octubre por la tarde, en los festejos de sus patronales.<\/p>\n<p>Fue muy numerosa la participaci\u00f3n de fieles en la procesi\u00f3n por las calles del barrio -encabezada por la imagen y reliquia de la Santa- y la posterior misa, donde ni\u00f1os de la comunidad recibieron su primera Comuni\u00f3n.<\/p>\n<p>Dado que en el a\u00f1o 2015 se cumplen V siglos del nacimiento de Santa Teresa de Avila, Monse\u00f1or Sarlinga bendijo el logo alusivo a este acontecimiento e inicio del a\u00f1o jubilar Teresiano.<\/p>\n<p>Fuente de las fotos: \u00a0el facebook de la parroquia, donde pueden encontrar mas im\u00e1genes en la secci\u00f3n de \u00e1lbumes:<\/p>\n<p><a title=\"teresa\" href=\"https:\/\/www.facebook.com\/parroquia.santateresadejesus.14?fref=ts\">https:\/\/www.facebook.com\/parroquia.santateresadejesus.14?fref=ts<\/a><\/p>\n<p style=\"text-align: center;\">Durante la procesi\u00f3n<\/p>\n<p style=\"text-align: center;\"><img fetchpriority=\"high\" decoding=\"async\" class=\"size-medium wp-image-7601 aligncenter\" src=\"http:\/\/obispadodezaratecampana.org\/wp-content\/uploads\/2014\/10\/10702098_282301378632214_3789127275932974704_n-300x225.jpg\" alt=\"10702098_282301378632214_3789127275932974704_n\" width=\"300\" height=\"225\" srcset=\"https:\/\/obispadodezaratecampana.org\/wp-content\/uploads\/2014\/10\/10702098_282301378632214_3789127275932974704_n-300x225.jpg 300w, https:\/\/obispadodezaratecampana.org\/wp-content\/uploads\/2014\/10\/10702098_282301378632214_3789127275932974704_n.jpg 960w\" sizes=\"(max-width: 300px) 100vw, 300px\" \/><\/p>\n<p style=\"text-align: center;\">En la misa, los ni\u00f1os que recibieron su primera Comuni\u00f3n<\/p>\n<p style=\"text-align: center;\"><img decoding=\"async\" class=\"alignnone size-medium wp-image-7606\" src=\"http:\/\/obispadodezaratecampana.org\/wp-content\/uploads\/2014\/10\/1382133_282303115298707_8634229654744980973_n-300x225.jpg\" alt=\"1382133_282303115298707_8634229654744980973_n\" width=\"300\" height=\"225\" srcset=\"https:\/\/obispadodezaratecampana.org\/wp-content\/uploads\/2014\/10\/1382133_282303115298707_8634229654744980973_n-300x225.jpg 300w, https:\/\/obispadodezaratecampana.org\/wp-content\/uploads\/2014\/10\/1382133_282303115298707_8634229654744980973_n.jpg 960w\" sizes=\"(max-width: 300px) 100vw, 300px\" \/><\/p>\n<p style=\"text-align: center;\">Consagraci\u00f3n, Monse\u00f1or Sarlinga, y el cura p\u00e1rroco Juan de Dios<\/p>\n<p style=\"text-align: center;\"><img decoding=\"async\" class=\"alignnone size-medium wp-image-7607\" src=\"http:\/\/obispadodezaratecampana.org\/wp-content\/uploads\/2014\/10\/10461384_282303401965345_8423556978779872613_n-300x225.jpg\" alt=\"10461384_282303401965345_8423556978779872613_n\" width=\"300\" height=\"225\" srcset=\"https:\/\/obispadodezaratecampana.org\/wp-content\/uploads\/2014\/10\/10461384_282303401965345_8423556978779872613_n-300x225.jpg 300w, https:\/\/obispadodezaratecampana.org\/wp-content\/uploads\/2014\/10\/10461384_282303401965345_8423556978779872613_n.jpg 960w\" sizes=\"(max-width: 300px) 100vw, 300px\" \/><\/p>\n<p style=\"text-align: center;\">Monse\u00f1or Oscar en primer plano<\/p>\n<p style=\"text-align: center;\"><img loading=\"lazy\" decoding=\"async\" class=\"alignnone size-medium wp-image-7608\" src=\"http:\/\/obispadodezaratecampana.org\/wp-content\/uploads\/2014\/10\/1010116_282302301965455_6856531358505963357_n-225x300.jpg\" alt=\"1010116_282302301965455_6856531358505963357_n\" width=\"225\" height=\"300\" srcset=\"https:\/\/obispadodezaratecampana.org\/wp-content\/uploads\/2014\/10\/1010116_282302301965455_6856531358505963357_n-225x300.jpg 225w, https:\/\/obispadodezaratecampana.org\/wp-content\/uploads\/2014\/10\/1010116_282302301965455_6856531358505963357_n.jpg 720w\" sizes=\"(max-width: 225px) 100vw, 225px\" \/><\/p>\n<p style=\"text-align: center;\">Bendici\u00f3n y descubrimiento del logo por el a\u00f1o jubilar Teresiano<\/p>\n<p style=\"text-align: center;\"><img loading=\"lazy\" decoding=\"async\" class=\"alignnone size-medium wp-image-7605\" src=\"http:\/\/obispadodezaratecampana.org\/wp-content\/uploads\/2014\/10\/10687142_282304818631870_2060871289199870240_n-300x225.jpg\" alt=\"10687142_282304818631870_2060871289199870240_n\" width=\"300\" height=\"225\" srcset=\"https:\/\/obispadodezaratecampana.org\/wp-content\/uploads\/2014\/10\/10687142_282304818631870_2060871289199870240_n-300x225.jpg 300w, https:\/\/obispadodezaratecampana.org\/wp-content\/uploads\/2014\/10\/10687142_282304818631870_2060871289199870240_n.jpg 960w\" sizes=\"(max-width: 300px) 100vw, 300px\" \/><\/p>\n<p style=\"text-align: center;\"><img loading=\"lazy\" decoding=\"async\" class=\"alignnone size-medium wp-image-7604\" src=\"http:\/\/obispadodezaratecampana.org\/wp-content\/uploads\/2014\/10\/10698410_282305038631848_4930423004828334972_n-300x225.jpg\" alt=\"10698410_282305038631848_4930423004828334972_n\" width=\"300\" height=\"225\" srcset=\"https:\/\/obispadodezaratecampana.org\/wp-content\/uploads\/2014\/10\/10698410_282305038631848_4930423004828334972_n-300x225.jpg 300w, https:\/\/obispadodezaratecampana.org\/wp-content\/uploads\/2014\/10\/10698410_282305038631848_4930423004828334972_n.jpg 960w\" sizes=\"(max-width: 300px) 100vw, 300px\" \/><\/p>\n<p style=\"text-align: center;\"><img loading=\"lazy\" decoding=\"async\" class=\"alignnone size-medium wp-image-7603\" src=\"http:\/\/obispadodezaratecampana.org\/wp-content\/uploads\/2014\/10\/10711054_282306048631747_1259438479480248605_n-225x300.jpg\" alt=\"10711054_282306048631747_1259438479480248605_n\" width=\"225\" height=\"300\" srcset=\"https:\/\/obispadodezaratecampana.org\/wp-content\/uploads\/2014\/10\/10711054_282306048631747_1259438479480248605_n-225x300.jpg 225w, https:\/\/obispadodezaratecampana.org\/wp-content\/uploads\/2014\/10\/10711054_282306048631747_1259438479480248605_n.jpg 720w\" sizes=\"(max-width: 225px) 100vw, 225px\" \/><\/p>\n<p style=\"text-align: center;\">El Obispo saludando y conversando con los asistentes<\/p>\n<p style=\"text-align: center;\"><img loading=\"lazy\" decoding=\"async\" class=\"alignnone size-medium wp-image-7602\" src=\"http:\/\/obispadodezaratecampana.org\/wp-content\/uploads\/2014\/10\/1959239_282306625298356_1094644689785680534_n-300x225.jpg\" alt=\"1959239_282306625298356_1094644689785680534_n\" width=\"300\" height=\"225\" srcset=\"https:\/\/obispadodezaratecampana.org\/wp-content\/uploads\/2014\/10\/1959239_282306625298356_1094644689785680534_n-300x225.jpg 300w, https:\/\/obispadodezaratecampana.org\/wp-content\/uploads\/2014\/10\/1959239_282306625298356_1094644689785680534_n.jpg 960w\" sizes=\"(max-width: 300px) 100vw, 300px\" \/><\/p>\n<p style=\"text-align: center;\">\n<!-- AddThis Advanced Settings generic via filter on the_content --><!-- AddThis Share Buttons generic via filter on the_content -->","protected":false},"excerpt":{"rendered":"<p>Nuestro Obispo acompa\u00f1o a la comunidad de la Parroquia Santa Teresa de Jesus el mi\u00e9rcoles 15 de octubre por la tarde, en los festejos de [&hellip;]<!-- AddThis Advanced Settings generic via filter on get_the_excerpt --><!-- AddThis Share Buttons generic via filter on get_the_excerpt --><\/p>\n","protected":false},"author":2,"featured_media":7601,"comment_status":"open","ping_status":"open","sticky":false,"template":"","format":"standard","meta":{"footnotes":""},"categories":[3],"tags":[],"class_list":["post-7600","post","type-post","status-publish","format-standard","has-post-thumbnail","hentry","category-noticiasparroquiales"],"_links":{"self":[{"href":"https:\/\/obispadodezaratecampana.org\/index.php?rest_route=\/wp\/v2\/posts\/7600","targetHints":{"allow":["GET"]}}],"collection":[{"href":"https:\/\/obispadodezaratecampana.org\/index.php?rest_route=\/wp\/v2\/posts"}],"about":[{"href":"https:\/\/obispadodezaratecampana.org\/index.php?rest_route=\/wp\/v2\/types\/post"}],"author":[{"embeddable":true,"href":"https:\/\/obispadodezaratecampana.org\/index.php?rest_route=\/wp\/v2\/users\/2"}],"replies":[{"embeddable":true,"href":"https:\/\/obispadodezaratecampana.org\/index.php?rest_route=%2Fwp%2Fv2%2Fcomments&post=7600"}],"version-history":[{"count":1,"href":"https:\/\/obispadodezaratecampana.org\/index.php?rest_route=\/wp\/v2\/posts\/7600\/revisions"}],"predecessor-version":[{"id":7609,"href":"https:\/\/obispadodezaratecampana.org\/index.php?rest_route=\/wp\/v2\/posts\/7600\/revisions\/7609"}],"wp:featuredmedia":[{"embeddable":true,"href":"https:\/\/obispadodezaratecampana.org\/index.php?rest_route=\/wp\/v2\/media\/7601"}],"wp:attachment":[{"href":"https:\/\/obispadodezaratecampana.org\/index.php?rest_route=%2Fwp%2Fv2%2Fmedia&parent=7600"}],"wp:term":[{"taxonomy":"category","embeddable":true,"href":"https:\/\/obispadodezaratecampana.org\/index.php?rest_route=%2Fwp%2Fv2%2Fcategories&post=7600"},{"taxonomy":"post_tag","embeddable":true,"href":"https:\/\/obispadodezaratecampana.org\/index.php?rest_route=%2Fwp%2Fv2%2Ftags&post=7600"}],"curies":[{"name":"wp","href":"https:\/\/api.w.org\/{rel}","templated":true}]}}