{"id":7595,"date":"2014-10-19T22:29:57","date_gmt":"2014-10-20T01:29:57","guid":{"rendered":"http:\/\/obispadodezaratecampana.org\/?p=7595"},"modified":"2014-10-19T22:29:57","modified_gmt":"2014-10-20T01:29:57","slug":"cual-es-el-origen-de-la-institucion-del-sinodo","status":"publish","type":"post","link":"https:\/\/obispadodezaratecampana.org\/?p=7595","title":{"rendered":"\u00bfCUAL ES EL ORIGEN DE LA INSTITUCI\u00d3N DEL S\u00cdNODO?"},"content":{"rendered":"<p>El nuevo Beato: Pablo VI -Juan Bautista Montini-, fue quien creo la instituci\u00f3n del S\u00ednodo de Obispos. Habiendo conclu\u00eddo hoy 18 de octubre, el S\u00ednodo de Obispos recordemos cual es el origen de esta instituci\u00f3n.<\/p>\n<p>&#8220;CAMINAR JUNTOS &#8221;<\/p>\n<p>El S\u00ednodo de los Obispos es una instituci\u00f3n permanente, creada por el Papa Pablo VI (15 de septiembre de 1965), en respuesta a los deseos de los Padres del Concilio Vaticano II para mantener vivo el esp\u00edritu de colegialidad nacido de la experiencia conciliar.<br \/>\nEtimol\u00f3gicamente hablando la palabra \u201cs\u00ednodo\u201d, derivada de los t\u00e9rminos griegos syn (que significa \u201cjuntos\u201d) y hodos (que significa \u201ccamino\u201d), expresa la idea de \u201ccaminar juntos\u201d. Un S\u00ednodo es un encuentro religioso o asamblea en la que unos obispos, reunidos con el Santo Padre, tienen la oportunidad de intercambiarse mutuamente informaci\u00f3n y compartir experiencias, con el objetivo com\u00fan de buscar soluciones pastorales que tengan validez y aplicaci\u00f3n universal. El S\u00ednodo puede ser definido, en t\u00e9rminos generales, como una asamblea de obispos que representa al episcopado cat\u00f3lico y tiene como tarea ayudar al Papa en el gobierno de la Iglesia universal d\u00e1ndole su consejo. El Papa Juan Pablo II dec\u00eda que el S\u00ednodo es \u201cuna expresi\u00f3n particularmente fructuosa y un instrumento de la colegialidad episcopal\u201d (Discurso al Consejo de la Secretar\u00eda General del S\u00ednodo de los Obispos, 30 de abril de 1983: L\u2019Osservatore Romano, 1 de mayo de 1983). Ya en la fase preparatoria del Concilio Vaticano II madur\u00f3 la idea de una estructura, todav\u00eda por determinar, que pudiera proporcionar a los obispos los medios para asistir al Papa en el gobierno de la Iglesia universal. (&#8230;)<br \/>\nFinalmente, al concluir el discurso inaugural de la \u00faltima sesi\u00f3n del Concilio (14 de septiembre de 1965), el mismo Papa Pablo VI hizo p\u00fablica su intenci\u00f3n de instituir el S\u00ednodo de los Obispos con estas palabras: \u201cTenemos la alegr\u00eda de anunciaros Nos mismo la instituci\u00f3n, tan deseada por este Concilio, de un S\u00ednodo de los obispos, que, compuesto de obispos, nombrados la mayor parte por las Conferencias episcopales con nuestra aprobaci\u00f3n, ser\u00e1 convocado, seg\u00fan las necesidades de la Iglesia, por el Romano Pont\u00edfice, para su consulta y colaboraci\u00f3n, cuando, para el bien general de la Iglesia, le parezca a El oportuno. No es necesario a\u00f1adir que esta colaboraci\u00f3n del episcopado tiene que ser de gran beneficio a la Santa Sede y a toda la Iglesia, de modo particular al cotidiano trabajo de la Curia Romana, a la que estamos tan agradecidos por su valios\u00edsima ayuda, y de la que, como los obispos en sus di\u00f3cesis, tambi\u00e9n Nos tenemos permanentemente necesidad para nuestras solicitudes apost\u00f3licas. Las normas y dem\u00e1s informaci\u00f3n ser\u00e1n dadas a conocer cuanto antes a esta asamblea. Nos, no hemos querido privarnos del honor y de la satisfacci\u00f3n de daros esta sucinta comunicaci\u00f3n para testimoniaros una vez m\u00e1s personalmente nuestra confianza, y nuestra uni\u00f3n fraterna. Esta nueva instituci\u00f3n, singular y esperanzadora, la ponemos bajo la protecci\u00f3n de la Sant\u00edsima Virgen Mar\u00eda\u201d. (&#8230;)<br \/>\nA\u00fan cuando el S\u00ednodo de los Obispos es una instituci\u00f3n de car\u00e1cter permanente, sus funciones y su concreta colaboraci\u00f3n no tienen tal car\u00e1cter. En otras palabras, el S\u00ednodo de los Obispos se re\u00fane y act\u00faa solo cuando el Santo Padre considera necesario y oportuno consultar al episcopado, el cual durante un encuentro sinodal expresa su opini\u00f3n \u201csobre argumentos de gran importancia y gravedad\u201d (Pablo VI, Discurso a los Cardenales, 24 de junio de 1967). La finalidad de cada asamblea sinodal es vivir una experiencia de colegialidad entre el episcopado y el Santo Padre. A trav\u00e9s de la aceptaci\u00f3n del Santo Padre de las sugerencias o conclusiones de una determinada asamblea, el episcopado ejerce una actividad colegial que se aproxima pero que no coincide con aquella manifestada en un concilio ecum\u00e9nico. Esto es un resultado directo de varios factores: de una presencia de Padres provenientes del entero episcopado, de la convocaci\u00f3n de parte del Santo Padre y de \u201cla unidad del episcopado, el cual, para ser uno, necesita una Cabeza del Colegio\u201d (Juan Pablo II, Pastores gregis, 56), que es primero en el orden episcopal.<br \/>\nPueden leer la publicaci\u00f3n completa en (dado que esto es una selecci\u00f3n de p\u00e1rrafos): <a title=\"sinodo\" href=\"http:\/\/www.vatican.va\/roman_curia\/synod\/documents\/rc_synod_20050309_documentation-profile_sp.html#C.%20Ordo synodi episcoporum\">http:\/\/www.vatican.va\/roman_curia\/synod\/documents\/rc_synod_20050309_documentation-profile_sp.html#C. Ordo synodi episcoporum<\/a><\/p>\n<p style=\"text-align: center;\">Pablo VI &#8211; quien fue el Vicario de Cristo que creo nuestra di\u00f3cesis de Z\u00e1rate-Campana- junto al primer Obispo diocesano: Monse\u00f1or Alfredo Mario Exposito Castro<\/p>\n<p><img fetchpriority=\"high\" decoding=\"async\" class=\"size-medium wp-image-7597 aligncenter\" src=\"http:\/\/obispadodezaratecampana.org\/wp-content\/uploads\/2014\/10\/monse-300x207.jpg\" alt=\"monse\" width=\"300\" height=\"207\" srcset=\"https:\/\/obispadodezaratecampana.org\/wp-content\/uploads\/2014\/10\/monse-300x207.jpg 300w, https:\/\/obispadodezaratecampana.org\/wp-content\/uploads\/2014\/10\/monse.jpg 526w\" sizes=\"(max-width: 300px) 100vw, 300px\" \/><\/p>\n<p style=\"text-align: center;\">S\u00ednodo de Obispos, octubre del 2014<\/p>\n<p><img decoding=\"async\" class=\"size-medium wp-image-7593 aligncenter\" src=\"http:\/\/obispadodezaratecampana.org\/wp-content\/uploads\/2014\/10\/sinodo-300x168.jpg\" alt=\"sinodo\" width=\"300\" height=\"168\" srcset=\"https:\/\/obispadodezaratecampana.org\/wp-content\/uploads\/2014\/10\/sinodo-300x168.jpg 300w, https:\/\/obispadodezaratecampana.org\/wp-content\/uploads\/2014\/10\/sinodo.jpg 770w\" sizes=\"(max-width: 300px) 100vw, 300px\" \/><\/p>\n<!-- AddThis Advanced Settings generic via filter on the_content --><!-- AddThis Share Buttons generic via filter on the_content -->","protected":false},"excerpt":{"rendered":"<p>El nuevo Beato: Pablo VI -Juan Bautista Montini-, fue quien creo la instituci\u00f3n del S\u00ednodo de Obispos. Habiendo conclu\u00eddo hoy 18 de octubre, el S\u00ednodo [&hellip;]<!-- AddThis Advanced Settings generic via filter on get_the_excerpt --><!-- AddThis Share Buttons generic via filter on get_the_excerpt --><\/p>\n","protected":false},"author":2,"featured_media":7597,"comment_status":"open","ping_status":"open","sticky":false,"template":"","format":"standard","meta":{"footnotes":""},"categories":[5],"tags":[],"class_list":["post-7595","post","type-post","status-publish","format-standard","has-post-thumbnail","hentry","category-generales"],"_links":{"self":[{"href":"https:\/\/obispadodezaratecampana.org\/index.php?rest_route=\/wp\/v2\/posts\/7595","targetHints":{"allow":["GET"]}}],"collection":[{"href":"https:\/\/obispadodezaratecampana.org\/index.php?rest_route=\/wp\/v2\/posts"}],"about":[{"href":"https:\/\/obispadodezaratecampana.org\/index.php?rest_route=\/wp\/v2\/types\/post"}],"author":[{"embeddable":true,"href":"https:\/\/obispadodezaratecampana.org\/index.php?rest_route=\/wp\/v2\/users\/2"}],"replies":[{"embeddable":true,"href":"https:\/\/obispadodezaratecampana.org\/index.php?rest_route=%2Fwp%2Fv2%2Fcomments&post=7595"}],"version-history":[{"count":1,"href":"https:\/\/obispadodezaratecampana.org\/index.php?rest_route=\/wp\/v2\/posts\/7595\/revisions"}],"predecessor-version":[{"id":7598,"href":"https:\/\/obispadodezaratecampana.org\/index.php?rest_route=\/wp\/v2\/posts\/7595\/revisions\/7598"}],"wp:featuredmedia":[{"embeddable":true,"href":"https:\/\/obispadodezaratecampana.org\/index.php?rest_route=\/wp\/v2\/media\/7597"}],"wp:attachment":[{"href":"https:\/\/obispadodezaratecampana.org\/index.php?rest_route=%2Fwp%2Fv2%2Fmedia&parent=7595"}],"wp:term":[{"taxonomy":"category","embeddable":true,"href":"https:\/\/obispadodezaratecampana.org\/index.php?rest_route=%2Fwp%2Fv2%2Fcategories&post=7595"},{"taxonomy":"post_tag","embeddable":true,"href":"https:\/\/obispadodezaratecampana.org\/index.php?rest_route=%2Fwp%2Fv2%2Ftags&post=7595"}],"curies":[{"name":"wp","href":"https:\/\/api.w.org\/{rel}","templated":true}]}}