{"id":7588,"date":"2014-10-19T20:39:49","date_gmt":"2014-10-19T23:39:49","guid":{"rendered":"http:\/\/obispadodezaratecampana.org\/?p=7588"},"modified":"2014-10-19T20:39:49","modified_gmt":"2014-10-19T23:39:49","slug":"angelus-del-domingo-19-de-octubre","status":"publish","type":"post","link":"https:\/\/obispadodezaratecampana.org\/?p=7588","title":{"rendered":"\u00c1ngelus del domingo 19 de octubre"},"content":{"rendered":"<p><span style=\"color: #343434;\">A la hora del \u00e1ngelus dominical el Papa Francisco destac\u00f3 la figura del nuevo Beato Pablo VI, a quien defini\u00f3 valiente defensor de la misi\u00f3n\u00a0<\/span><i style=\"font-style: inherit; color: #343434;\">ad gentes<\/i><span style=\"color: #343434;\">\u00a0en el d\u00eda en que se celebra tambi\u00e9n la Jornada Misionera Mundial.<\/span><br style=\"color: #343434;\" \/><span style=\"color: #343434;\">Tras saludar a los peregrinos procedentes de Italia y de varios pa\u00edses, con un pensamiento deferente a las Delegaciones Oficiales y en particular a los fieles de las di\u00f3cesis de Brescia, Mil\u00e1n y Roma, ligadas de modo significativo a la vida y al ministerio del Papa Montini, el Santo Padre agradeci\u00f3 a todos su presencia y exhort\u00f3 a seguir fielmente las ense\u00f1anzas y el ejemplo del nuevo Beato.<\/span><br style=\"color: #343434;\" \/><span style=\"color: #343434;\">Antes de rezar a la Madre de Dios, el Obispo de Roma destac\u00f3 que a este Pont\u00edfice el pueblo cristiano le estar\u00e1 siempre agradecido por la Exhortaci\u00f3n apost\u00f3lica Marialis cultus y por haber proclamado a Mar\u00eda \u201cMadre de la Iglesia\u201d, con ocasi\u00f3n de la clausura de la tercera sesi\u00f3n del Concilio Vaticano II.<\/span><br style=\"color: #343434;\" \/><br style=\"color: #343434;\" \/><b style=\"font-weight: inherit; color: #343434;\">Texto de la alocuci\u00f3n del Papa antes de rezar a la Madre de Dios<br \/>\n<\/b><br style=\"color: #343434;\" \/><em><span style=\"color: #343434;\">Queridos hermanos y hermanas:<\/span><\/em><br style=\"color: #343434;\" \/><em><span style=\"color: #343434;\">Al t\u00e9rmino de esta solemne celebraci\u00f3n, deseo saludar a los peregrinos procedentes de Italia y de varios pa\u00edses, con un pensamiento deferente a las Delegaciones Oficiales. En particular saludo a los fieles de las di\u00f3cesis de Brescia, Mil\u00e1n y Roma, ligadas de modo significativo a la vida y al ministerio del Papa Montini. Agradezco a todos su presencia y exhorto a seguir fielmente las ense\u00f1anzas y el ejemplo del nuevo Beato.<\/span><\/em><br style=\"color: #343434;\" \/><em><span style=\"color: #343434;\">\u00c9l ha sido un valiente defensor de la misi\u00f3n\u00a0<\/span>ad gentes.\u00a0<span style=\"color: #343434;\">Es testimonio de esto sobre todo la Exhortaci\u00f3n apost\u00f3lica\u00a0<\/span>Evangelii nuntiandi<span style=\"color: #343434;\">\u00a0con la que ha querido despertar el impulso y el empe\u00f1o para la misi\u00f3n de la Iglesia. Y esta exhortaci\u00f3n a\u00fan es actual, tiene toda la actualidad. Es significativo considerar este aspecto del Pontificado de Pablo VI, precisamente hoy, en que se celebra la Jornada Misionera Mundial.<\/span><\/em><br style=\"color: #343434;\" \/><em><span style=\"color: #343434;\">Antes de invocar todos juntos a la Virgen con la oraci\u00f3n del \u00c1ngelus, me agrada subrayar la profunda devoci\u00f3n mariana del Beato Pablo VI. A este Pont\u00edfice el pueblo cristiano le estar\u00e1 siempre agradecido por la Exhortaci\u00f3n apost\u00f3lica\u00a0<\/span>Marialis cultus<span style=\"color: #343434;\">\u00a0y por haber proclamado a Mar\u00eda \u201cMadre de la Iglesia\u201d, con ocasi\u00f3n de la clausura de la tercera sesi\u00f3n del Concilio Vaticano II.<\/span><\/em><br style=\"color: #343434;\" \/><em><span style=\"color: #343434;\">Que Mar\u00eda, Reina de los Santos, nos ayude a realizar fielmente en nuestra vida la voluntad del Se\u00f1or, tal como lo hizo el nuevo Beato.<\/span><\/em><br style=\"color: #343434;\" \/><em>Angelus\u2026<\/em><br style=\"color: #343434;\" \/><em><span style=\"color: #343434;\">El Papa a\u00f1adi\u00f3:<\/span><\/em><br style=\"color: #343434;\" \/><em>\u00a1A todos deseo feliz domingo. Les pido que recen por m\u00ed. \u00a1Buen almuerzo y hasta la vista!<\/em><\/p>\n<p>Fuente: www.news.va<\/p>\n<!-- AddThis Advanced Settings generic via filter on the_content --><!-- AddThis Share Buttons generic via filter on the_content -->","protected":false},"excerpt":{"rendered":"<p>A la hora del \u00e1ngelus dominical el Papa Francisco destac\u00f3 la figura del nuevo Beato Pablo VI, a quien defini\u00f3 valiente defensor de la misi\u00f3n\u00a0ad [&hellip;]<!-- AddThis Advanced Settings generic via filter on get_the_excerpt --><!-- AddThis Share Buttons generic via filter on get_the_excerpt --><\/p>\n","protected":false},"author":2,"featured_media":7590,"comment_status":"open","ping_status":"open","sticky":false,"template":"","format":"standard","meta":{"footnotes":""},"categories":[161],"tags":[],"class_list":["post-7588","post","type-post","status-publish","format-standard","has-post-thumbnail","hentry","category-el-papa-leonxiv"],"_links":{"self":[{"href":"https:\/\/obispadodezaratecampana.org\/index.php?rest_route=\/wp\/v2\/posts\/7588","targetHints":{"allow":["GET"]}}],"collection":[{"href":"https:\/\/obispadodezaratecampana.org\/index.php?rest_route=\/wp\/v2\/posts"}],"about":[{"href":"https:\/\/obispadodezaratecampana.org\/index.php?rest_route=\/wp\/v2\/types\/post"}],"author":[{"embeddable":true,"href":"https:\/\/obispadodezaratecampana.org\/index.php?rest_route=\/wp\/v2\/users\/2"}],"replies":[{"embeddable":true,"href":"https:\/\/obispadodezaratecampana.org\/index.php?rest_route=%2Fwp%2Fv2%2Fcomments&post=7588"}],"version-history":[{"count":1,"href":"https:\/\/obispadodezaratecampana.org\/index.php?rest_route=\/wp\/v2\/posts\/7588\/revisions"}],"predecessor-version":[{"id":7591,"href":"https:\/\/obispadodezaratecampana.org\/index.php?rest_route=\/wp\/v2\/posts\/7588\/revisions\/7591"}],"wp:featuredmedia":[{"embeddable":true,"href":"https:\/\/obispadodezaratecampana.org\/index.php?rest_route=\/wp\/v2\/media\/7590"}],"wp:attachment":[{"href":"https:\/\/obispadodezaratecampana.org\/index.php?rest_route=%2Fwp%2Fv2%2Fmedia&parent=7588"}],"wp:term":[{"taxonomy":"category","embeddable":true,"href":"https:\/\/obispadodezaratecampana.org\/index.php?rest_route=%2Fwp%2Fv2%2Fcategories&post=7588"},{"taxonomy":"post_tag","embeddable":true,"href":"https:\/\/obispadodezaratecampana.org\/index.php?rest_route=%2Fwp%2Fv2%2Ftags&post=7588"}],"curies":[{"name":"wp","href":"https:\/\/api.w.org\/{rel}","templated":true}]}}