{"id":7583,"date":"2014-10-19T20:20:45","date_gmt":"2014-10-19T23:20:45","guid":{"rendered":"http:\/\/obispadodezaratecampana.org\/?p=7583"},"modified":"2014-10-19T20:20:45","modified_gmt":"2014-10-19T23:20:45","slug":"papa-pablo-vi-beato-el-amor-por-las-misiones-es-amor-por-la-iglesia-es-amor-por-cristo","status":"publish","type":"post","link":"https:\/\/obispadodezaratecampana.org\/?p=7583","title":{"rendered":"Papa Pablo VI Beato: \u201cEl amor por las Misiones es amor por la iglesia, es amor por Cristo!\u201d"},"content":{"rendered":"<p>\u201c\u00a1El amor por las Misiones es amor por la iglesia, es amor por Cristo! Ning\u00fan cristiano puede replegarse sobre s\u00ed mismo, sino que debe estar abierto a las necesidades espirituales de aquellos que no conocen a Cristo, y son cientos de millones\u201d: con estas palabras el Santo Padre Pablo VI se dirig\u00eda a los directores diocesanos de las Obras Misionales Pontificias de Italia, recibidos en audiencia el 28 de junio de 1978, pocas semanas antes de su muerte.<br \/>\nEn la Jornada Misionera de este a\u00f1o 2014, en la conclusi\u00f3n del S\u00ednodo extraordinario de los Obispos, el Papa Pablo VI , civilmente Giovanni Battista Montini, ser\u00e1 proclamado beato. En sus quince a\u00f1os de pontificado Pablo VI dio un fuerte impulso a la conciencia misionera de la Iglesia, a la animaci\u00f3n y cooperaci\u00f3n misionera, continuando con un compromiso que ya hab\u00eda manifestado como arzobispo de Mil\u00e1n. En el Magisterio misionero de Pablo VI surgen el Decreto conciliar \u201cAd Gentes\u201d sobre la actividad misionera de la Iglesia, completado por el Motu Proprio \u201cEcclesiae Sanctae\u201d, con las normas para la aplicaci\u00f3n de ciertos decretos del Concilio Vaticano II; el mensaje \u201cAfricae terrarum\u201d en defensa de la identidad africana y sus valores tradicionales; la Exhortaci\u00f3n Apost\u00f3lica \u201cEvangelii Nuntiandi\u201d sobre el compromiso de anunciar el Evangelio a los hombres de nuestro tiempo.<br \/>\nJunto a estos documentos no podemos pasar por alto la gran cantidad de cartas, mensajes y discursos, a todos los niveles y en las ocasiones m\u00e1s diversas, sobre la responsabilidad misionera de toda la Iglesia. Con las Cartas Apost\u00f3licas \u201cBenegnissimus Deus\u201d y \u201cGraves et Increscentes\u201d destac\u00f3 la importancia y relevancia de la Obra Pontificia de San Pedro Ap\u00f3stol y la Pontificia Uni\u00f3n Misionera. En su carta a la Conferencia Misionera Internacional en Lyon , que conmemoraba el aniversario de la Obra Pontificia para la Propagaci\u00f3n de la Fe, pidi\u00f3 una toma de conciencia del problema moderno de la evangelizaci\u00f3n con el fin de renovar el impulso a la actividad misionera. En su mensaje al Congreso Misionero de M\u00e9xico y Am\u00e9rica Latina recomend\u00f3 a todas las iglesias locales el realizar un esfuerzo pastoral conjunto \u201cpara hacer de toda la Iglesia de Am\u00e9rica Latina una Iglesia misionera\u201d. A lo largo de su pontificado, a excepci\u00f3n del 1964, el Papa Pablo VI envi\u00f3 siempre un mensaje con motivo de la Jornada Mundial de las Misiones de octubre. El \u00faltimo, que ya hab\u00eda preparado antes de morir, insiste una vez m\u00e1s en la responsabilidad de todo el pueblo de Dios para con la obra misionera.<br \/>\nPablo VI fue el primer Papa en visitar todos los continentes y las tierras de misi\u00f3n : Tierra Santa y la India en 1964, Europa en 1967, Am\u00e9rica en 1968, Africa en 1969, el Lejano Oriente y Ocean\u00eda en 1970 en su encuentro con las Iglesias j\u00f3venes, siempre las invit\u00f3 a tomar conciencia de su responsabilidad misionera, ya sea en sus propios territorios como en todo el mundo.<\/p>\n<p>Fuente: www.news.va<\/p>\n<!-- AddThis Advanced Settings generic via filter on the_content --><!-- AddThis Share Buttons generic via filter on the_content -->","protected":false},"excerpt":{"rendered":"<p>\u201c\u00a1El amor por las Misiones es amor por la iglesia, es amor por Cristo! Ning\u00fan cristiano puede replegarse sobre s\u00ed mismo, sino que debe estar [&hellip;]<!-- AddThis Advanced Settings generic via filter on get_the_excerpt --><!-- AddThis Share Buttons generic via filter on get_the_excerpt --><\/p>\n","protected":false},"author":2,"featured_media":7586,"comment_status":"open","ping_status":"open","sticky":false,"template":"","format":"standard","meta":{"footnotes":""},"categories":[161],"tags":[],"class_list":["post-7583","post","type-post","status-publish","format-standard","has-post-thumbnail","hentry","category-el-papa-leonxiv"],"_links":{"self":[{"href":"https:\/\/obispadodezaratecampana.org\/index.php?rest_route=\/wp\/v2\/posts\/7583","targetHints":{"allow":["GET"]}}],"collection":[{"href":"https:\/\/obispadodezaratecampana.org\/index.php?rest_route=\/wp\/v2\/posts"}],"about":[{"href":"https:\/\/obispadodezaratecampana.org\/index.php?rest_route=\/wp\/v2\/types\/post"}],"author":[{"embeddable":true,"href":"https:\/\/obispadodezaratecampana.org\/index.php?rest_route=\/wp\/v2\/users\/2"}],"replies":[{"embeddable":true,"href":"https:\/\/obispadodezaratecampana.org\/index.php?rest_route=%2Fwp%2Fv2%2Fcomments&post=7583"}],"version-history":[{"count":1,"href":"https:\/\/obispadodezaratecampana.org\/index.php?rest_route=\/wp\/v2\/posts\/7583\/revisions"}],"predecessor-version":[{"id":7587,"href":"https:\/\/obispadodezaratecampana.org\/index.php?rest_route=\/wp\/v2\/posts\/7583\/revisions\/7587"}],"wp:featuredmedia":[{"embeddable":true,"href":"https:\/\/obispadodezaratecampana.org\/index.php?rest_route=\/wp\/v2\/media\/7586"}],"wp:attachment":[{"href":"https:\/\/obispadodezaratecampana.org\/index.php?rest_route=%2Fwp%2Fv2%2Fmedia&parent=7583"}],"wp:term":[{"taxonomy":"category","embeddable":true,"href":"https:\/\/obispadodezaratecampana.org\/index.php?rest_route=%2Fwp%2Fv2%2Fcategories&post=7583"},{"taxonomy":"post_tag","embeddable":true,"href":"https:\/\/obispadodezaratecampana.org\/index.php?rest_route=%2Fwp%2Fv2%2Ftags&post=7583"}],"curies":[{"name":"wp","href":"https:\/\/api.w.org\/{rel}","templated":true}]}}