{"id":7565,"date":"2014-10-15T13:10:09","date_gmt":"2014-10-15T16:10:09","guid":{"rendered":"http:\/\/obispadodezaratecampana.org\/?p=7565"},"modified":"2014-10-15T13:10:09","modified_gmt":"2014-10-15T16:10:09","slug":"fiestas-patronales-en-pilar-2","status":"publish","type":"post","link":"https:\/\/obispadodezaratecampana.org\/?p=7565","title":{"rendered":"Fiestas Patronales en Pilar"},"content":{"rendered":"<p>La ciudad de Pilar celebr\u00f3 con j\u00fabilo sus fiestas patronales en honor de Nuestra Se\u00f1ora del Pilar, con la presencia de las comunidades y vecinos de esta ciudad de la zona norte del conurbano bonaerense. La celebraci\u00f3n eucar\u00edstica central fue presidida por el obispo de Z\u00e1rate-Campana, monse\u00f1or Oscar Sarlinga, quien invit\u00f3 a los presentes a reconocer a Mar\u00eda como la estrella de la nueva evangelizaci\u00f3n.<\/p>\n<p>El obispo diocesano invit\u00f3 a los presentes a reconocerse como comunidad, a diferencia del aglomerado, porque hay un principio de uni\u00f3n: el Esp\u00edritu Santo. &#8220;\u00c9l es el que nos pone a actuar y a caminar&#8221;, destac\u00f3.<\/p>\n<p>En otro tramo de su homil\u00eda, monse\u00f1or Sarlinga invit\u00f3 a reconocer que la Virgen Mar\u00eda, bajo su advocaci\u00f3n de Nuestra Se\u00f1ora del Pilar, se apareci\u00f3 al ap\u00f3stol Santiago cuando se encontraba misionando y padeciendo muchas dificultades.<\/p>\n<p>&#8220;La Virgen Mar\u00eda se les aparece en un pilar y les sana las dudas y temores que hab\u00edan surgido por los inconvenientes que se les hab\u00edan presentado cuando difund\u00edan el Evangelio. De este modo, la Virgen los reenv\u00eda a la misi\u00f3n. El Papa en Evangelii gaudium llama a Mar\u00eda &#8220;estrella de la nueva evangelizaci\u00f3n&#8221;. La Virgen desde el Pilar ilumin\u00f3 a Santiago y sus compa\u00f1eros, y hoy a todos nosotros&#8221;, manifest\u00f3.<\/p>\n<p>&#8220;Esto es una manifestaci\u00f3n del profetismo de la Virgen Maria: la visi\u00f3n desde Dios y en el amor. Todos los cat\u00f3licos recibimos este profetismo en el bautismo. El profetismo de la Virgen Mar\u00eda los quiso animar, apuntalar y enviar, reenviar&#8230; y lo hace con nosotros ahora para la misi\u00f3n&#8221;, agreg\u00f3 el obispo.<\/p>\n<p>Las fiestas patronales de la ciudad concluyeron con el caer de la tarde, ente actos art\u00edsticos y la oraci\u00f3n piadosa de los vecinos que pidieron por la comunidad y la misi\u00f3n permanente.<\/p>\n<p>Fuente: www.aica.org<\/p>\n<p><strong>Palabras del Obispo durante la homil\u00eda<\/strong><\/p>\n<p><em>(\u2026) Somos comunidad, y como comunidad no somos un aglomerado, tiene un principio de uni\u00f3n interno , que es el Esp\u00edritu Santo. El es el que nos pone a actuar y a caminar. (\u2026)La imagen de la Virgen del Pilar data del a\u00f1o 40\u2026.Santiago el Mayor &#8211; ap\u00f3stol de Jesus- estaba en Espa\u00f1a con compa\u00f1eros misionando, y se encontraban con muchas dificultades. La Virgen Maria se les aparece en un pilar, en la ciudad Augusta del Cesar (lo que hoy es Zaragoza, y alli se encuentra la Bas\u00edlica original) : Maria les sana las dudas y temores que habian surgido por los inconvenientes que se les hab\u00edan presentado cuando difund\u00edan el Evangelio. De este modo la Virgen los reenv\u00eda a la misi\u00f3n. El Papa Francisco en Evangelii Gaudium , en la oraci\u00f3n final a Maria, la llama estrella de la nueva Evangelizaci\u00f3n; la Virgen desde el Pilar, ilumina como una estrella en el medio de la noche, en el camino : al ap\u00f3stol Santiago y sus compa\u00f1eros, y hoy a todos nosotros. <\/em><br \/>\n<em>Esto es una manifestaci\u00f3n del profetismo de la Virgen Maria (\u2026): la visi\u00f3n desde Dios y en el amor. Todos los cat\u00f3licos recibimos este profetismo en el bautismo. El profetismo de la Virgen Maria los quiso animar, apuntalar y enviar, reenviar (y lo hace con nosotros ahora para la misi\u00f3n). Se manifiesta ese profetismo en las dos vertientes de la misericordia Divina: en la ternura maternal- que es propia de las madres- y que tambi\u00e9n los padres varones pueden tener (tanto los que son padres biol\u00f3gicos o espirituales), y por otro lado en el conmoverse interiormente por la realizaci\u00f3n de la justicia y el amor concreto en la comunidad, en las familias, en la comunidad c\u00edvica. <\/em><br \/>\n<em>FELICES LOS QUE ESCUCHAN LA PALABRA DE DIOS, Y LA PRACTICAN, QUE LO SEAMOS. ALELUYA.<\/em><\/p>\n<!-- AddThis Advanced Settings generic via filter on the_content --><!-- AddThis Share Buttons generic via filter on the_content -->","protected":false},"excerpt":{"rendered":"<p>La ciudad de Pilar celebr\u00f3 con j\u00fabilo sus fiestas patronales en honor de Nuestra Se\u00f1ora del Pilar, con la presencia de las comunidades y vecinos [&hellip;]<!-- AddThis Advanced Settings generic via filter on get_the_excerpt --><!-- AddThis Share Buttons generic via filter on get_the_excerpt --><\/p>\n","protected":false},"author":2,"featured_media":7567,"comment_status":"open","ping_status":"open","sticky":false,"template":"","format":"standard","meta":{"footnotes":""},"categories":[3],"tags":[],"class_list":["post-7565","post","type-post","status-publish","format-standard","has-post-thumbnail","hentry","category-noticiasparroquiales"],"_links":{"self":[{"href":"https:\/\/obispadodezaratecampana.org\/index.php?rest_route=\/wp\/v2\/posts\/7565","targetHints":{"allow":["GET"]}}],"collection":[{"href":"https:\/\/obispadodezaratecampana.org\/index.php?rest_route=\/wp\/v2\/posts"}],"about":[{"href":"https:\/\/obispadodezaratecampana.org\/index.php?rest_route=\/wp\/v2\/types\/post"}],"author":[{"embeddable":true,"href":"https:\/\/obispadodezaratecampana.org\/index.php?rest_route=\/wp\/v2\/users\/2"}],"replies":[{"embeddable":true,"href":"https:\/\/obispadodezaratecampana.org\/index.php?rest_route=%2Fwp%2Fv2%2Fcomments&post=7565"}],"version-history":[{"count":2,"href":"https:\/\/obispadodezaratecampana.org\/index.php?rest_route=\/wp\/v2\/posts\/7565\/revisions"}],"predecessor-version":[{"id":7569,"href":"https:\/\/obispadodezaratecampana.org\/index.php?rest_route=\/wp\/v2\/posts\/7565\/revisions\/7569"}],"wp:featuredmedia":[{"embeddable":true,"href":"https:\/\/obispadodezaratecampana.org\/index.php?rest_route=\/wp\/v2\/media\/7567"}],"wp:attachment":[{"href":"https:\/\/obispadodezaratecampana.org\/index.php?rest_route=%2Fwp%2Fv2%2Fmedia&parent=7565"}],"wp:term":[{"taxonomy":"category","embeddable":true,"href":"https:\/\/obispadodezaratecampana.org\/index.php?rest_route=%2Fwp%2Fv2%2Fcategories&post=7565"},{"taxonomy":"post_tag","embeddable":true,"href":"https:\/\/obispadodezaratecampana.org\/index.php?rest_route=%2Fwp%2Fv2%2Ftags&post=7565"}],"curies":[{"name":"wp","href":"https:\/\/api.w.org\/{rel}","templated":true}]}}