{"id":7562,"date":"2014-10-15T12:35:15","date_gmt":"2014-10-15T15:35:15","guid":{"rendered":"http:\/\/obispadodezaratecampana.org\/?p=7562"},"modified":"2014-10-15T12:35:15","modified_gmt":"2014-10-15T15:35:15","slug":"undecima-congregacion-general-sinodo","status":"publish","type":"post","link":"https:\/\/obispadodezaratecampana.org\/?p=7562","title":{"rendered":"Und\u00e9cima Congregaci\u00f3n General &#8211; S\u00ednodo"},"content":{"rendered":"<p>Ciudad del Vaticano, 14 octubre 2014(VIS).- Durante la und\u00e9cima Congregaci\u00f3n General tuvo lugar la presentaci\u00f3n en el Aula de la &#8220;Relatio post disceptationem&#8221;, le\u00edda por el Relator General, el cardenal Peter Erdo.<\/p>\n<p>Poco despu\u00e9s, comenz\u00f3 el debate libre de los Padres Sinodales. En general, la &#8220;Relatio post disceptationem&#8221; ha sido apreciada por su capacidad de &#8220;retratar&#8221; adecuadamente las intervenciones de estos d\u00edas en el Aula, captando el esp\u00edritu de la Asamblea y destacando la acogida como tema principal de los trabajos. Del documento, se dice, emerge el amor de la Iglesia por la familia fiel a Cristo, pero tambi\u00e9n su capacidad de estar cerca del ser humano en cada momento de su vida, de comprender que, detr\u00e1s de los desaf\u00edos pastorales, hay muchas personas que sufren. La mirada del S\u00ednodo -se ha reiterado \u2013 tendr\u00eda que ser la del pastor que da la vida por sus ovejas, no la del que las juzga a priori.<\/p>\n<p>Adem\u00e1s, dado que la Relaci\u00f3n recoge diversos puntos de vista para proporcionar una base de trabajo a los C\u00edrculos menores, se han sugerido algunas ideas adicionales. Por ejemplo, teniendo siempre presente que la Iglesia debe acoger a los que atraviesan por dificultades, ser\u00eda bueno hablar m\u00e1s de las familias que se mantienen fieles a las ense\u00f1anzas del Evangelio, anim\u00e1ndolas y d\u00e1ndoles las gracias por el testimonio que ofrecen. Del S\u00ednodo deber\u00eda emerger m\u00e1s claramente que el matrimonio indisoluble, feliz, fiel para siempre , es hermoso, es posible y est\u00e1 presente en la sociedad, evitando as\u00ed de centrarse principalmente en las situaciones familiares imperfectas.<\/p>\n<p>Tambi\u00e9n se ha hablado de acentuar m\u00e1s el tema de la mujer, de su tutela y su importancia para la transmisi\u00f3n de la vida y de la fe; de integrar alguna reflexi\u00f3n sobre la figura de los abuelos en el hogar; de incluir una referencia m\u00e1s espec\u00edfica a la familia como &#8220;Iglesia dom\u00e9stica&#8221; y a la parroquia como una &#8220;familia de familias&#8221;, as\u00ed como a la Sagrada Familia, como modelo de referencia. En este contexto, tambi\u00e9n se ha tratado de c\u00f3mo valorizar la perspectiva misionera de la familia y de su anuncio del Evangelio en el mundo contempor\u00e1neo.<\/p>\n<p>Es necesario profundizar y aclarar la cuesti\u00f3n de la \u201cgradualidad\u2019\u2019, que podr\u00eda dar origen a una serie de confusiones. Por ejemplo, en cuanto al acceso a los sacramentos para los divorciados que se han vuelto a casar, se ha dicho que es dif\u00edcil aceptar excepciones sin que, en realidad, se conviertan en una regla com\u00fan.<\/p>\n<p>Asimismo se hizo notar que la palabra &#8220;pecado&#8221; no est\u00e1 casi presente en la Relatio. Y tambi\u00e9n se record\u00f3 el tono prof\u00e9tico de las palabras de Jes\u00fas, para evitar el riesgo de conformarse a la mentalidad de este mundo.<\/p>\n<p>En relaci\u00f3n a los homosexuales se puso de relieve la necesidad de aceptaci\u00f3n, pero con la prudencia adecuada, con el fin de no crear la impresi\u00f3n de una evaluaci\u00f3n positiva de esa orientaci\u00f3n por parte de la Iglesia. La misma atenci\u00f3n se solicit\u00f3 por cuanto respecta a las convivencias.<\/p>\n<p>Igualmente se apunt\u00f3 a la necesidad de reiterar la importancia del sacramento del Bautismo que es esencial para comprender plenamente la sacramentalidad del matrimonio y tambi\u00e9n su ser un &#8220;ministerio&#8221; en el anuncio del Evangelio.<\/p>\n<p>En cuanto a la agilizaci\u00f3n de los procedimientos para las causas de nulidad matrimonial, ha suscitado alguna perplejidad la propuesta de dar m\u00e1s competencias al obispo diocesano, cargando as\u00ed demasiado peso sobre sus hombros. Se ha solicitado una reflexi\u00f3n m\u00e1s profunda y articulada sobre los casos de poligamia &#8211; en especial los de aquellos que se convierten y quieren recibir los sacramentos &#8211; y sobre la difusi\u00f3n de la pornograf\u00eda (de forma particular en la web) que representa un riesgo real para la unidad familiar. Por \u00faltimo, en relaci\u00f3n con la apertura a la vida por parte de las parejas, se hizo hincapi\u00e9 en la necesidad de abordar con m\u00e1s detalle y decisi\u00f3n no s\u00f3lo el tema del aborto, sino tambi\u00e9n el de maternidad subrogada.<\/p>\n<p>Fuente: www.news.va<\/p>\n<p>&nbsp;<\/p>\n<!-- AddThis Advanced Settings generic via filter on the_content --><!-- AddThis Share Buttons generic via filter on the_content -->","protected":false},"excerpt":{"rendered":"<p>Ciudad del Vaticano, 14 octubre 2014(VIS).- Durante la und\u00e9cima Congregaci\u00f3n General tuvo lugar la presentaci\u00f3n en el Aula de la &#8220;Relatio post disceptationem&#8221;, le\u00edda por [&hellip;]<!-- AddThis Advanced Settings generic via filter on get_the_excerpt --><!-- AddThis Share Buttons generic via filter on get_the_excerpt --><\/p>\n","protected":false},"author":2,"featured_media":7563,"comment_status":"open","ping_status":"open","sticky":false,"template":"","format":"standard","meta":{"footnotes":""},"categories":[161],"tags":[],"class_list":["post-7562","post","type-post","status-publish","format-standard","has-post-thumbnail","hentry","category-el-papa-leonxiv"],"_links":{"self":[{"href":"https:\/\/obispadodezaratecampana.org\/index.php?rest_route=\/wp\/v2\/posts\/7562","targetHints":{"allow":["GET"]}}],"collection":[{"href":"https:\/\/obispadodezaratecampana.org\/index.php?rest_route=\/wp\/v2\/posts"}],"about":[{"href":"https:\/\/obispadodezaratecampana.org\/index.php?rest_route=\/wp\/v2\/types\/post"}],"author":[{"embeddable":true,"href":"https:\/\/obispadodezaratecampana.org\/index.php?rest_route=\/wp\/v2\/users\/2"}],"replies":[{"embeddable":true,"href":"https:\/\/obispadodezaratecampana.org\/index.php?rest_route=%2Fwp%2Fv2%2Fcomments&post=7562"}],"version-history":[{"count":1,"href":"https:\/\/obispadodezaratecampana.org\/index.php?rest_route=\/wp\/v2\/posts\/7562\/revisions"}],"predecessor-version":[{"id":7564,"href":"https:\/\/obispadodezaratecampana.org\/index.php?rest_route=\/wp\/v2\/posts\/7562\/revisions\/7564"}],"wp:featuredmedia":[{"embeddable":true,"href":"https:\/\/obispadodezaratecampana.org\/index.php?rest_route=\/wp\/v2\/media\/7563"}],"wp:attachment":[{"href":"https:\/\/obispadodezaratecampana.org\/index.php?rest_route=%2Fwp%2Fv2%2Fmedia&parent=7562"}],"wp:term":[{"taxonomy":"category","embeddable":true,"href":"https:\/\/obispadodezaratecampana.org\/index.php?rest_route=%2Fwp%2Fv2%2Fcategories&post=7562"},{"taxonomy":"post_tag","embeddable":true,"href":"https:\/\/obispadodezaratecampana.org\/index.php?rest_route=%2Fwp%2Fv2%2Ftags&post=7562"}],"curies":[{"name":"wp","href":"https:\/\/api.w.org\/{rel}","templated":true}]}}