{"id":7556,"date":"2014-10-15T12:05:07","date_gmt":"2014-10-15T15:05:07","guid":{"rendered":"http:\/\/obispadodezaratecampana.org\/?p=7556"},"modified":"2014-10-15T12:05:07","modified_gmt":"2014-10-15T15:05:07","slug":"domingo-12-de-octubre-angelus-de-francisco","status":"publish","type":"post","link":"https:\/\/obispadodezaratecampana.org\/?p=7556","title":{"rendered":"Domingo 12 de octubre: \u00c1ngelus de Francisco"},"content":{"rendered":"<p style=\"color: #343434;\">Ciudad del Vaticano, 12 octubre 2014 (VIS).- A mediod\u00eda, el Santo Padre se asom\u00f3 a la ventana de su estudio para rezar el \u00c1ngelus con los fieles y peregrinos reunidos en la Plaza de San Pedro. Antes de la oraci\u00f3n mariana, Francisco reflexion\u00f3 sobre el Evangelio de este domingo en que San Mateo describe a Dios representado por un rey que invita a participar en un banquete de boda a varias personas, pero algunas se mostraron indiferentes e incluso molestas. El Papa explic\u00f3 las tres caracter\u00edsticas de esta invitaci\u00f3n: la gratuidad, la extensi\u00f3n, la universalidad. &#8221;Dios es bueno con nosotros, -dijo- nos ofrece gratuitamente su amistad, nos ofrece gratuitamente su alegr\u00eda, la salvaci\u00f3n, pero muchas veces no recibimos sus dones, ponemos en primer lugar nuestras preocupaciones materiales, nuestros intereses, y tambi\u00e9n cuando el Se\u00f1or nos llama, muchas veces parece como si nos molestara&#8221;.<\/p>\n<p style=\"color: #343434;\">&#8221;Algunos invitados -continu\u00f3- incluso maltratan y matan a los servidores que les entregan las invitaciones. Pero, a pesar de las adhesiones que faltan por parte de quienes fueron llamados, el plan de Dios no se interrumpe. Frente a la negativa de los primeros invitados, \u00c9l no pierde el \u00e1nimo, no suspende la fiesta, sino que vuelve a proponer la invitaci\u00f3n extendi\u00e9ndola; extendi\u00e9ndola m\u00e1s all\u00e1 de todo l\u00edmite razonable y env\u00eda a sus siervos a las plazas y a los cruces de las calles a reunir a todos aquellos que encuentran&#8221;.<\/p>\n<p style=\"color: #343434;\">&#8221;La bondad de Dios no tiene fronteras y no discrimina a nadie -exclam\u00f3- por ello el banquete de los dones del Se\u00f1or es universal. \u00a1Es universal para todos! A todos se les dala posibilidad de responder a su invitaci\u00f3n, a su llamada; nadie tiene el derecho de sentirse privilegiado o de reivindicar la exclusividad&#8221; y a\u00f1adi\u00f3 antes de finalizar que &#8221;estamos llamados a ampliar la Iglesia a las dimensiones del Reino de Dios. S\u00f3lo hay una condici\u00f3n: ponerse el traje de fiesta. Es decir, testimoniar la caridad concreta ante Dios y con el pr\u00f3jimo&#8221;.<\/p>\n<p style=\"color: #343434;\">Fuente: www.news.va<\/p>\n<!-- AddThis Advanced Settings generic via filter on the_content --><!-- AddThis Share Buttons generic via filter on the_content -->","protected":false},"excerpt":{"rendered":"<p>Ciudad del Vaticano, 12 octubre 2014 (VIS).- A mediod\u00eda, el Santo Padre se asom\u00f3 a la ventana de su estudio para rezar el \u00c1ngelus con [&hellip;]<!-- AddThis Advanced Settings generic via filter on get_the_excerpt --><!-- AddThis Share Buttons generic via filter on get_the_excerpt --><\/p>\n","protected":false},"author":2,"featured_media":7557,"comment_status":"open","ping_status":"open","sticky":false,"template":"","format":"standard","meta":{"footnotes":""},"categories":[161],"tags":[],"class_list":["post-7556","post","type-post","status-publish","format-standard","has-post-thumbnail","hentry","category-el-papa-leonxiv"],"_links":{"self":[{"href":"https:\/\/obispadodezaratecampana.org\/index.php?rest_route=\/wp\/v2\/posts\/7556","targetHints":{"allow":["GET"]}}],"collection":[{"href":"https:\/\/obispadodezaratecampana.org\/index.php?rest_route=\/wp\/v2\/posts"}],"about":[{"href":"https:\/\/obispadodezaratecampana.org\/index.php?rest_route=\/wp\/v2\/types\/post"}],"author":[{"embeddable":true,"href":"https:\/\/obispadodezaratecampana.org\/index.php?rest_route=\/wp\/v2\/users\/2"}],"replies":[{"embeddable":true,"href":"https:\/\/obispadodezaratecampana.org\/index.php?rest_route=%2Fwp%2Fv2%2Fcomments&post=7556"}],"version-history":[{"count":1,"href":"https:\/\/obispadodezaratecampana.org\/index.php?rest_route=\/wp\/v2\/posts\/7556\/revisions"}],"predecessor-version":[{"id":7558,"href":"https:\/\/obispadodezaratecampana.org\/index.php?rest_route=\/wp\/v2\/posts\/7556\/revisions\/7558"}],"wp:featuredmedia":[{"embeddable":true,"href":"https:\/\/obispadodezaratecampana.org\/index.php?rest_route=\/wp\/v2\/media\/7557"}],"wp:attachment":[{"href":"https:\/\/obispadodezaratecampana.org\/index.php?rest_route=%2Fwp%2Fv2%2Fmedia&parent=7556"}],"wp:term":[{"taxonomy":"category","embeddable":true,"href":"https:\/\/obispadodezaratecampana.org\/index.php?rest_route=%2Fwp%2Fv2%2Fcategories&post=7556"},{"taxonomy":"post_tag","embeddable":true,"href":"https:\/\/obispadodezaratecampana.org\/index.php?rest_route=%2Fwp%2Fv2%2Ftags&post=7556"}],"curies":[{"name":"wp","href":"https:\/\/api.w.org\/{rel}","templated":true}]}}