{"id":7552,"date":"2014-10-15T11:36:02","date_gmt":"2014-10-15T14:36:02","guid":{"rendered":"http:\/\/obispadodezaratecampana.org\/?p=7552"},"modified":"2014-10-15T11:36:17","modified_gmt":"2014-10-15T14:36:17","slug":"decima-congregacion-general-los-delegados-fraternos","status":"publish","type":"post","link":"https:\/\/obispadodezaratecampana.org\/?p=7552","title":{"rendered":"D\u00e9cima Congregaci\u00f3n General: Los Delegados Fraternos"},"content":{"rendered":"<p lang=\"es-ES\" style=\"color: #343434;\" align=\"JUSTIFY\"><span style=\"font-weight: inherit; font-style: inherit;\">Ciudad del Vaticano, 11 de octubre de 2014 (VIS).- La D\u00e9cima Congregaci\u00f3n General se caracteriz\u00f3 por la audici\u00f3n de siete delegados fraternos de diversas confesiones cristianas. La intervenci\u00f3n del octavo delegado, Su Eminencia Hilari\u00f3n, presidente del Departamento de Relaciones Exteriores del Patriarcado de Mosc\u00fa, tendr\u00e1 lugar en los pr\u00f3ximos d\u00edas.<\/span><\/p>\n<p lang=\"es-ES\" style=\"color: #343434;\" align=\"JUSTIFY\"><span style=\"font-weight: inherit; font-style: inherit;\">En sus intervenciones, los delegados fraternos expresaron al Santo Padre y a los Padres Sinodales su gratitud por haber sido invitados a participar en la asamblea. A continuaci\u00f3n cada uno expuso el tema de la familia en el \u00e1mbito de su confesi\u00f3n cristiana.<\/span><\/p>\n<p lang=\"es-ES\" style=\"color: #343434;\" align=\"JUSTIFY\"><span style=\"font-weight: inherit; font-style: inherit;\">En general los desaf\u00edos y las esperanzas que ata\u00f1en al n\u00facleo familiar son comunes a todos los cristianos. La familia es clave para la sociedad, es la base fundamental de la comuni\u00f3n en la justicia. Ciertamente no faltan dificultades: la crisis econ\u00f3mica avanza, los medios de comunicaci\u00f3n reducen los momentos de di\u00e1logo en el hogar, y a veces proponen modelos que inducen al adulterio. Las guerras, las migraciones, la globalizaci\u00f3n, el drama de enfermedades como el SIDA y el \u00e9bola, el fundamentalismo isl\u00e1mico presente en algunos pa\u00edses, ponen continuamente en peligro el bien de la familia, en todos los contextos.<\/span><\/p>\n<p lang=\"es-ES\" style=\"color: #343434;\" align=\"JUSTIFY\"><span style=\"font-weight: inherit; font-style: inherit;\">Tambi\u00e9n es com\u00fan entre los cristianos la necesidad de una adecuada preparaci\u00f3n para el matrimonio as\u00ed como de una cuidadosa reflexi\u00f3n sobre el matrimonio entre creyentes y no creyentes. En cuanto a los divorciados y vueltos a casar, se ha reiterado que su acogida en la Iglesia puede dar nuevas esperanzas y favorecer un clima familiar m\u00e1s sereno, que a su vez redundar\u00eda en beneficio de toda la sociedad. Es esencial, por lo tanto que todas las confesiones cristianas escuchen a los que se encuentran en situaciones familiares dif\u00edciles ya que necesitan, d\u00eda tras d\u00eda, misericordia y compasi\u00f3n y las iglesias siempre quieren ayudar a los que sufren, teniendo en cuenta tanto la Santa la Escritura como los problemas del mundo contempor\u00e1neo.<\/span><\/p>\n<p lang=\"es-ES\" style=\"color: #343434;\" align=\"JUSTIFY\"><span style=\"font-weight: inherit; font-style: inherit;\">Por cuanto respecta a las personas homosexuales , lejos de cualquier tipo de condena, se puso de manifiesto la voluntad de escuchar y comprender, reiterando al mismo tiempo que el matrimonio es la uni\u00f3n entre un hombre y una mujer. Tambi\u00e9n se habl\u00f3 de la atenci\u00f3n especial que merecen los ni\u00f1os nacidos en contextos dif\u00edciles y todas las v\u00edctimas de la violencia, especialmente las mujeres y los menores de edad , porque los cristiano tienen en com\u00fan la defensa de los m\u00e1s vulnerables, de los que no tienen voz, tanto si son creyentes como si no lo son.<\/span><\/p>\n<p lang=\"es-ES\" style=\"color: #343434;\" align=\"JUSTIFY\"><span style=\"font-weight: inherit; font-style: inherit;\">Otro tema central en las intervenciones de los delegados fraternos, fue el anuncio del Evangelio. La familia &#8211; se afirm\u00f3 &#8211; es la primera escuela de fe, es el lugar donde se aprende a conocer y difundir la Buena Nueva, y por lo tanto es esencial que los cristianos compartan la &#8221;alegr\u00eda del Evangelio&#8221;, ese &#8221;Evangelii gaudium&#8221; frecuentemente recordado por el Papa Francisco.<\/span><\/p>\n<p lang=\"es-ES\" style=\"color: #343434;\" align=\"JUSTIFY\"><span style=\"font-weight: inherit; font-style: inherit;\">Se encontraron algunas diferencias de enfoque, por ejemplo en el tema de la regulaci\u00f3n de los nacimientos y a este respecto se subray\u00f3 la libertad de conciencia de los creyentes, siempre que se respete el significado del amor y el matrimonio. Adem\u00e1s, en relaci\u00f3n con el segundo matrimonio, los ortodoxos afirmaron que todav\u00eda representa una desviaci\u00f3n y que se celebra, despu\u00e9s de un per\u00edodo de acompa\u00f1amiento de la Iglesia, para intentar que los c\u00f3nyuges se reconcilien.<\/span><\/p>\n<p lang=\"es-ES\" style=\"color: #343434;\" align=\"JUSTIFY\"><span style=\"font-weight: inherit; font-style: inherit;\">Despu\u00e9s, los delegados fraternos de las Iglesias presentes en Oriente Medio dieron las gracias al Santo Padre por haber convocado el 7 de septiembre de 2013 la vigilia de oraci\u00f3n por la paz en Siria y en otros lugares en el mundo. En este contexto, se volvi\u00f3 a hablar de la responsabilidad que compete a las familias cristianas en Oriente Medio por cuanto respecta a la evangelizaci\u00f3n en los pa\u00edses de mayor\u00eda isl\u00e1mica.<\/span><\/p>\n<p lang=\"es-ES\" style=\"color: #343434;\" align=\"JUSTIFY\"><span style=\"font-weight: inherit; font-style: inherit;\">Todas las intervenciones concluyeron manifestando el deseo de que el S\u00ednodo Extraordinario sobre la familia sea fruct\u00edfero, tambi\u00e9n de cara a la Asamblea ordinaria programada para el 2015.<\/span><\/p>\n<p lang=\"es-ES\" style=\"color: #343434;\" align=\"JUSTIFY\">www.news.va<\/p>\n<!-- AddThis Advanced Settings generic via filter on the_content --><!-- AddThis Share Buttons generic via filter on the_content -->","protected":false},"excerpt":{"rendered":"<p>Ciudad del Vaticano, 11 de octubre de 2014 (VIS).- La D\u00e9cima Congregaci\u00f3n General se caracteriz\u00f3 por la audici\u00f3n de siete delegados fraternos de diversas confesiones [&hellip;]<!-- AddThis Advanced Settings generic via filter on get_the_excerpt --><!-- AddThis Share Buttons generic via filter on get_the_excerpt --><\/p>\n","protected":false},"author":2,"featured_media":7553,"comment_status":"open","ping_status":"open","sticky":false,"template":"","format":"standard","meta":{"footnotes":""},"categories":[161],"tags":[],"class_list":["post-7552","post","type-post","status-publish","format-standard","has-post-thumbnail","hentry","category-el-papa-leonxiv"],"_links":{"self":[{"href":"https:\/\/obispadodezaratecampana.org\/index.php?rest_route=\/wp\/v2\/posts\/7552","targetHints":{"allow":["GET"]}}],"collection":[{"href":"https:\/\/obispadodezaratecampana.org\/index.php?rest_route=\/wp\/v2\/posts"}],"about":[{"href":"https:\/\/obispadodezaratecampana.org\/index.php?rest_route=\/wp\/v2\/types\/post"}],"author":[{"embeddable":true,"href":"https:\/\/obispadodezaratecampana.org\/index.php?rest_route=\/wp\/v2\/users\/2"}],"replies":[{"embeddable":true,"href":"https:\/\/obispadodezaratecampana.org\/index.php?rest_route=%2Fwp%2Fv2%2Fcomments&post=7552"}],"version-history":[{"count":1,"href":"https:\/\/obispadodezaratecampana.org\/index.php?rest_route=\/wp\/v2\/posts\/7552\/revisions"}],"predecessor-version":[{"id":7554,"href":"https:\/\/obispadodezaratecampana.org\/index.php?rest_route=\/wp\/v2\/posts\/7552\/revisions\/7554"}],"wp:featuredmedia":[{"embeddable":true,"href":"https:\/\/obispadodezaratecampana.org\/index.php?rest_route=\/wp\/v2\/media\/7553"}],"wp:attachment":[{"href":"https:\/\/obispadodezaratecampana.org\/index.php?rest_route=%2Fwp%2Fv2%2Fmedia&parent=7552"}],"wp:term":[{"taxonomy":"category","embeddable":true,"href":"https:\/\/obispadodezaratecampana.org\/index.php?rest_route=%2Fwp%2Fv2%2Fcategories&post=7552"},{"taxonomy":"post_tag","embeddable":true,"href":"https:\/\/obispadodezaratecampana.org\/index.php?rest_route=%2Fwp%2Fv2%2Ftags&post=7552"}],"curies":[{"name":"wp","href":"https:\/\/api.w.org\/{rel}","templated":true}]}}