{"id":7433,"date":"2014-10-13T14:39:02","date_gmt":"2014-10-13T17:39:02","guid":{"rendered":"http:\/\/obispadodezaratecampana.org\/?p=7433"},"modified":"2014-10-14T09:03:15","modified_gmt":"2014-10-14T12:03:15","slug":"7433","status":"publish","type":"post","link":"https:\/\/obispadodezaratecampana.org\/?p=7433","title":{"rendered":"VIII Misi\u00f3n Juvenil Diocesana contada en im\u00e1genes"},"content":{"rendered":"<p style=\"text-align: left;\">Durante el primer fin de semana de octubre como ya es tradici\u00f3n se llevo a cabo la VIII Misi\u00f3n Juvenil Diocesana, en Maquinista Savio. Si bien llovi\u00f3 &#8211; e hizo fr\u00edo- durante todo el fin de semana, esto no impidi\u00f3 que los j\u00f3venes misionaran, lo cual ademas represent\u00f3 un desaf\u00edo que cumplieron con mucha alegr\u00eda.<\/p>\n<p style=\"text-align: left;\">En esta nota les contamos lo vivido, en im\u00e1genes.<\/p>\n<p style=\"text-align: left;\">Pueden consultar ademas la secci\u00f3n \u00e1lbumes , en la de fotos del perfil del Obispado de Z\u00e1rate-Campana y la Pastoral Juvenil:<\/p>\n<p style=\"text-align: left;\"><a title=\"obispado\" href=\"https:\/\/www.facebook.com\/obispadozc\/photos\">https:\/\/www.facebook.com\/obispadozc\/photos<\/a><\/p>\n<p style=\"text-align: left;\"><a title=\"fotos \" href=\"https:\/\/www.facebook.com\/pastoraljuvenil.zaratecampana\/photos_albums\">https:\/\/www.facebook.com\/pastoraljuvenil.zaratecampana\/photos_albums<\/a><\/p>\n<p style=\"text-align: left;\">Tambi\u00e9n en el Infodi\u00f3cesis N\u00b0 10 hay una rese\u00f1a acerca de este gesto misionero:<\/p>\n<p style=\"text-align: left;\"><a title=\"info 10\" href=\"http:\/\/obispadodezaratecampana.org\/?p=7289\">http:\/\/obispadodezaratecampana.org\/?p=7289<\/a><\/p>\n<p style=\"text-align: left;\"><strong>SECUENCIA EN\u00a0<\/strong><b>IM\u00c1GENES<\/b><\/p>\n<p style=\"text-align: center;\">VIERNES 3\/10 : \u00a0 \u00a0 \u00a0 Los j\u00f3venes misioneros comenzaron a llegar a partir de las 17: 00 hs del d\u00eda viernes, ingresando por las instalaciones del colegio parroquial contiguo a la Pquia. Inmaculada Concepci\u00f3n. Un grupo de servidores los recib\u00edan y acreditaban. Los varones se alojaron para dormir en el colegio Esp\u00edritu Santo, y las chicas en el colegio parroquial.<\/p>\n<p><img fetchpriority=\"high\" decoding=\"async\" class=\"size-medium wp-image-7455 alignnone aligncenter\" src=\"http:\/\/obispadodezaratecampana.org\/wp-content\/uploads\/2014\/10\/viernes16-300x199.jpg\" alt=\"viernes1\" width=\"300\" height=\"199\" srcset=\"https:\/\/obispadodezaratecampana.org\/wp-content\/uploads\/2014\/10\/viernes16-300x199.jpg 300w, https:\/\/obispadodezaratecampana.org\/wp-content\/uploads\/2014\/10\/viernes16-1024x680.jpg 1024w\" sizes=\"(max-width: 300px) 100vw, 300px\" \/><\/p>\n<p style=\"text-align: center;\">VIERNES 3\/10 : Animaci\u00f3n musical de bienvenida mientras los chicos iban llegando<\/p>\n<p><img decoding=\"async\" class=\"size-medium wp-image-7454 aligncenter\" src=\"http:\/\/obispadodezaratecampana.org\/wp-content\/uploads\/2014\/10\/viernes23-300x199.jpg\" alt=\"viernes2\" width=\"300\" height=\"199\" srcset=\"https:\/\/obispadodezaratecampana.org\/wp-content\/uploads\/2014\/10\/viernes23-300x199.jpg 300w, https:\/\/obispadodezaratecampana.org\/wp-content\/uploads\/2014\/10\/viernes23-1024x680.jpg 1024w\" sizes=\"(max-width: 300px) 100vw, 300px\" \/><\/p>\n<p style=\"text-align: center;\">VIERNES 3\/10 : Santa Misa de inicio de la VIII MJD, presidida por el delegado para la Pastoral Juvenil y Vocacional de nuestra di\u00f3cesis de Z\u00e1rate- Campana: pbro. Agust\u00edn Villa y concelebrada por el cura p\u00e1rroco de la parroquia Inmaculada Concepci\u00f3n de Maquinista Savio: Mons. Justo Gallego.<\/p>\n<p><a href=\"http:\/\/obispadodezaratecampana.org\/wp-content\/uploads\/2014\/10\/viernes54.jpg\"><img decoding=\"async\" class=\"size-medium wp-image-7456 aligncenter\" src=\"http:\/\/obispadodezaratecampana.org\/wp-content\/uploads\/2014\/10\/viernes54-300x199.jpg\" alt=\"viernes5\" width=\"300\" height=\"199\" srcset=\"https:\/\/obispadodezaratecampana.org\/wp-content\/uploads\/2014\/10\/viernes54-300x199.jpg 300w, https:\/\/obispadodezaratecampana.org\/wp-content\/uploads\/2014\/10\/viernes54-1024x680.jpg 1024w\" sizes=\"(max-width: 300px) 100vw, 300px\" \/><\/a> <a href=\"http:\/\/obispadodezaratecampana.org\/wp-content\/uploads\/2014\/10\/viernes34.jpg\"><img loading=\"lazy\" decoding=\"async\" class=\"size-medium wp-image-7457 aligncenter\" src=\"http:\/\/obispadodezaratecampana.org\/wp-content\/uploads\/2014\/10\/viernes34-300x199.jpg\" alt=\"viernes3\" width=\"300\" height=\"199\" srcset=\"https:\/\/obispadodezaratecampana.org\/wp-content\/uploads\/2014\/10\/viernes34-300x199.jpg 300w, https:\/\/obispadodezaratecampana.org\/wp-content\/uploads\/2014\/10\/viernes34-1024x680.jpg 1024w\" sizes=\"(max-width: 300px) 100vw, 300px\" \/><\/a> <img loading=\"lazy\" decoding=\"async\" class=\"size-medium wp-image-7458 aligncenter\" src=\"http:\/\/obispadodezaratecampana.org\/wp-content\/uploads\/2014\/10\/viernes44-300x199.jpg\" alt=\"viernes4\" width=\"300\" height=\"199\" srcset=\"https:\/\/obispadodezaratecampana.org\/wp-content\/uploads\/2014\/10\/viernes44-300x199.jpg 300w, https:\/\/obispadodezaratecampana.org\/wp-content\/uploads\/2014\/10\/viernes44-1024x680.jpg 1024w\" sizes=\"(max-width: 300px) 100vw, 300px\" \/><\/p>\n<p style=\"text-align: center;\">VIERNES 3\/10 : primer merienda, los servidores sirviendo te y mate cocido.<\/p>\n<p><a href=\"http:\/\/obispadodezaratecampana.org\/wp-content\/uploads\/2014\/10\/viernes72.jpg\"><img loading=\"lazy\" decoding=\"async\" class=\"size-medium wp-image-7449 aligncenter\" src=\"http:\/\/obispadodezaratecampana.org\/wp-content\/uploads\/2014\/10\/viernes72-300x199.jpg\" alt=\"viernes7\" width=\"300\" height=\"199\" srcset=\"https:\/\/obispadodezaratecampana.org\/wp-content\/uploads\/2014\/10\/viernes72-300x199.jpg 300w, https:\/\/obispadodezaratecampana.org\/wp-content\/uploads\/2014\/10\/viernes72-1024x680.jpg 1024w\" sizes=\"(max-width: 300px) 100vw, 300px\" \/><\/a> <a href=\"http:\/\/obispadodezaratecampana.org\/wp-content\/uploads\/2014\/10\/viernes62.jpg\"><img loading=\"lazy\" decoding=\"async\" class=\"size-medium wp-image-7450 aligncenter\" src=\"http:\/\/obispadodezaratecampana.org\/wp-content\/uploads\/2014\/10\/viernes62-300x199.jpg\" alt=\"viernes6\" width=\"300\" height=\"199\" srcset=\"https:\/\/obispadodezaratecampana.org\/wp-content\/uploads\/2014\/10\/viernes62-300x199.jpg 300w, https:\/\/obispadodezaratecampana.org\/wp-content\/uploads\/2014\/10\/viernes62-1024x680.jpg 1024w\" sizes=\"(max-width: 300px) 100vw, 300px\" \/><\/a><\/p>\n<p style=\"text-align: center;\">\u00a0VIERNES 3\/10 : Presentaci\u00f3n de las diferentes comunidades participantes en la misi\u00f3n juvenil bailando y cantando al ritmo de : &#8220;Quien le quiere cantar a la Virgen Mar\u00eda una canci\u00f3n&#8230;.&#8221;<\/p>\n<p><img loading=\"lazy\" decoding=\"async\" class=\"size-medium wp-image-7459 aligncenter\" src=\"http:\/\/obispadodezaratecampana.org\/wp-content\/uploads\/2014\/10\/viernes103-300x199.jpg\" alt=\"viernes10\" width=\"300\" height=\"199\" srcset=\"https:\/\/obispadodezaratecampana.org\/wp-content\/uploads\/2014\/10\/viernes103-300x199.jpg 300w, https:\/\/obispadodezaratecampana.org\/wp-content\/uploads\/2014\/10\/viernes103-1024x680.jpg 1024w\" sizes=\"(max-width: 300px) 100vw, 300px\" \/> <img loading=\"lazy\" decoding=\"async\" class=\"size-medium wp-image-7460 aligncenter\" src=\"http:\/\/obispadodezaratecampana.org\/wp-content\/uploads\/2014\/10\/viernes93-300x199.jpg\" alt=\"viernes9\" width=\"300\" height=\"199\" srcset=\"https:\/\/obispadodezaratecampana.org\/wp-content\/uploads\/2014\/10\/viernes93-300x199.jpg 300w, https:\/\/obispadodezaratecampana.org\/wp-content\/uploads\/2014\/10\/viernes93-1024x680.jpg 1024w\" sizes=\"(max-width: 300px) 100vw, 300px\" \/><\/p>\n<p style=\"text-align: center;\">VIERNES 3\/10 : Cena: pizzas.<\/p>\n<p><a href=\"http:\/\/obispadodezaratecampana.org\/wp-content\/uploads\/2014\/10\/viernes113.jpg\"><img loading=\"lazy\" decoding=\"async\" class=\"size-medium wp-image-7462 aligncenter\" src=\"http:\/\/obispadodezaratecampana.org\/wp-content\/uploads\/2014\/10\/viernes113-300x85.jpg\" alt=\"viernes11\" width=\"300\" height=\"85\" srcset=\"https:\/\/obispadodezaratecampana.org\/wp-content\/uploads\/2014\/10\/viernes113-300x85.jpg 300w, https:\/\/obispadodezaratecampana.org\/wp-content\/uploads\/2014\/10\/viernes113-1024x290.jpg 1024w\" sizes=\"(max-width: 300px) 100vw, 300px\" \/><\/a><\/p>\n<p style=\"text-align: center;\">VIERNES 3\/10 : Charlas sobre la santidad a cargo del padre Agust\u00edn Villa y el padre Justo Gallego. El lugar que aparece en las fotos es el gimnasio del colegio, que se encuentra detr\u00e1s del templo parroquial.<\/p>\n<p><a href=\"http:\/\/obispadodezaratecampana.org\/wp-content\/uploads\/2014\/10\/viernes133.jpg\"><img loading=\"lazy\" decoding=\"async\" class=\"wp-image-7463 aligncenter\" src=\"http:\/\/obispadodezaratecampana.org\/wp-content\/uploads\/2014\/10\/viernes133-300x199.jpg\" alt=\"viernes13\" width=\"300\" height=\"199\" srcset=\"https:\/\/obispadodezaratecampana.org\/wp-content\/uploads\/2014\/10\/viernes133-300x199.jpg 300w, https:\/\/obispadodezaratecampana.org\/wp-content\/uploads\/2014\/10\/viernes133-1024x680.jpg 1024w\" sizes=\"(max-width: 300px) 100vw, 300px\" \/><\/a> <a href=\"http:\/\/obispadodezaratecampana.org\/wp-content\/uploads\/2014\/10\/viernes133.jpg\"><img loading=\"lazy\" decoding=\"async\" class=\"size-medium wp-image-7461 aligncenter\" src=\"http:\/\/obispadodezaratecampana.org\/wp-content\/uploads\/2014\/10\/viernes83-300x199.jpg\" alt=\"viernes8\" width=\"300\" height=\"199\" srcset=\"https:\/\/obispadodezaratecampana.org\/wp-content\/uploads\/2014\/10\/viernes83-300x199.jpg 300w, https:\/\/obispadodezaratecampana.org\/wp-content\/uploads\/2014\/10\/viernes83-1024x680.jpg 1024w\" sizes=\"(max-width: 300px) 100vw, 300px\" \/><\/a> <a href=\"http:\/\/obispadodezaratecampana.org\/wp-content\/uploads\/2014\/10\/viernes123.jpg\"><img loading=\"lazy\" decoding=\"async\" class=\"size-medium wp-image-7464 aligncenter\" src=\"http:\/\/obispadodezaratecampana.org\/wp-content\/uploads\/2014\/10\/viernes123-300x199.jpg\" alt=\"viernes12\" width=\"300\" height=\"199\" srcset=\"https:\/\/obispadodezaratecampana.org\/wp-content\/uploads\/2014\/10\/viernes123-300x199.jpg 300w, https:\/\/obispadodezaratecampana.org\/wp-content\/uploads\/2014\/10\/viernes123-1024x680.jpg 1024w\" sizes=\"(max-width: 300px) 100vw, 300px\" \/><\/a><\/p>\n<p style=\"text-align: center;\">\u00a0VIERNES 3\/10 : la primer jornada de la misi\u00f3n concluy\u00f3 con Adoraci\u00f3n Eucar\u00edstica, desde ese momento y durante todo el fin de semana los chicos tuvieron sacerdotes disponibles para confesarse.<\/p>\n<p><a href=\"http:\/\/obispadodezaratecampana.org\/wp-content\/uploads\/2014\/10\/viernesadora2.jpg\"><img loading=\"lazy\" decoding=\"async\" class=\"size-medium wp-image-7465 aligncenter\" src=\"http:\/\/obispadodezaratecampana.org\/wp-content\/uploads\/2014\/10\/viernesadora2-300x199.jpg\" alt=\"viernesadora\" width=\"300\" height=\"199\" srcset=\"https:\/\/obispadodezaratecampana.org\/wp-content\/uploads\/2014\/10\/viernesadora2-300x199.jpg 300w, https:\/\/obispadodezaratecampana.org\/wp-content\/uploads\/2014\/10\/viernesadora2-1024x680.jpg 1024w\" sizes=\"(max-width: 300px) 100vw, 300px\" \/><\/a><\/p>\n<p style=\"text-align: center;\">SABADO 4\/10: Comenzando el segundo d\u00eda de misi\u00f3n con rezo de Laudes y desayuno.<\/p>\n<p style=\"text-align: center;\">\u00a0\u00a0<a href=\"http:\/\/obispadodezaratecampana.org\/wp-content\/uploads\/2014\/10\/sabado210.jpg\"><img loading=\"lazy\" decoding=\"async\" class=\"alignnone size-medium wp-image-7469\" src=\"http:\/\/obispadodezaratecampana.org\/wp-content\/uploads\/2014\/10\/sabado210-300x199.jpg\" alt=\"sabado2\" width=\"300\" height=\"199\" srcset=\"https:\/\/obispadodezaratecampana.org\/wp-content\/uploads\/2014\/10\/sabado210-300x199.jpg 300w, https:\/\/obispadodezaratecampana.org\/wp-content\/uploads\/2014\/10\/sabado210-1024x680.jpg 1024w\" sizes=\"(max-width: 300px) 100vw, 300px\" \/><\/a><\/p>\n<p style=\"text-align: center;\"><a href=\"http:\/\/obispadodezaratecampana.org\/wp-content\/uploads\/2014\/10\/sabado110.jpg\"><img loading=\"lazy\" decoding=\"async\" class=\"alignnone size-medium wp-image-7470\" src=\"http:\/\/obispadodezaratecampana.org\/wp-content\/uploads\/2014\/10\/sabado110-300x199.jpg\" alt=\"sabado1\" width=\"300\" height=\"199\" srcset=\"https:\/\/obispadodezaratecampana.org\/wp-content\/uploads\/2014\/10\/sabado110-300x199.jpg 300w, https:\/\/obispadodezaratecampana.org\/wp-content\/uploads\/2014\/10\/sabado110-1024x680.jpg 1024w\" sizes=\"(max-width: 300px) 100vw, 300px\" \/><\/a><\/p>\n<p style=\"text-align: center;\"><img loading=\"lazy\" decoding=\"async\" class=\"alignnone size-medium wp-image-7467\" src=\"http:\/\/obispadodezaratecampana.org\/wp-content\/uploads\/2014\/10\/sabado41-300x199.jpg\" alt=\"sabado4\" width=\"300\" height=\"199\" srcset=\"https:\/\/obispadodezaratecampana.org\/wp-content\/uploads\/2014\/10\/sabado41-300x199.jpg 300w, https:\/\/obispadodezaratecampana.org\/wp-content\/uploads\/2014\/10\/sabado41-1024x680.jpg 1024w\" sizes=\"(max-width: 300px) 100vw, 300px\" \/><\/p>\n<p><img loading=\"lazy\" decoding=\"async\" class=\"alignnone size-medium wp-image-7468 aligncenter\" src=\"http:\/\/obispadodezaratecampana.org\/wp-content\/uploads\/2014\/10\/sabado310-300x199.jpg\" alt=\"sabado3\" width=\"300\" height=\"199\" srcset=\"https:\/\/obispadodezaratecampana.org\/wp-content\/uploads\/2014\/10\/sabado310-300x199.jpg 300w, https:\/\/obispadodezaratecampana.org\/wp-content\/uploads\/2014\/10\/sabado310-1024x680.jpg 1024w\" sizes=\"(max-width: 300px) 100vw, 300px\" \/><\/p>\n<p>SABADO 4\/10: \u00a0Preparativos e instrucciones para la primer ma\u00f1ana de misi\u00f3n.<\/p>\n<p style=\"text-align: center;\"><img loading=\"lazy\" decoding=\"async\" class=\"alignnone size-medium wp-image-7471\" src=\"http:\/\/obispadodezaratecampana.org\/wp-content\/uploads\/2014\/10\/sabado71-300x199.jpg\" alt=\"sabado7\" width=\"300\" height=\"199\" srcset=\"https:\/\/obispadodezaratecampana.org\/wp-content\/uploads\/2014\/10\/sabado71-300x199.jpg 300w, https:\/\/obispadodezaratecampana.org\/wp-content\/uploads\/2014\/10\/sabado71-1024x680.jpg 1024w\" sizes=\"(max-width: 300px) 100vw, 300px\" \/> <a href=\"http:\/\/obispadodezaratecampana.org\/wp-content\/uploads\/2014\/10\/sabado61.jpg\"><img loading=\"lazy\" decoding=\"async\" class=\"alignnone size-medium wp-image-7472\" src=\"http:\/\/obispadodezaratecampana.org\/wp-content\/uploads\/2014\/10\/sabado61-300x199.jpg\" alt=\"sabado6\" width=\"300\" height=\"199\" srcset=\"https:\/\/obispadodezaratecampana.org\/wp-content\/uploads\/2014\/10\/sabado61-300x199.jpg 300w, https:\/\/obispadodezaratecampana.org\/wp-content\/uploads\/2014\/10\/sabado61-1024x680.jpg 1024w\" sizes=\"(max-width: 300px) 100vw, 300px\" \/><\/a> <a href=\"http:\/\/obispadodezaratecampana.org\/wp-content\/uploads\/2014\/10\/sabado51.jpg\"><img loading=\"lazy\" decoding=\"async\" class=\"alignnone size-medium wp-image-7473\" src=\"http:\/\/obispadodezaratecampana.org\/wp-content\/uploads\/2014\/10\/sabado51-300x199.jpg\" alt=\"sabado5\" width=\"300\" height=\"199\" srcset=\"https:\/\/obispadodezaratecampana.org\/wp-content\/uploads\/2014\/10\/sabado51-300x199.jpg 300w, https:\/\/obispadodezaratecampana.org\/wp-content\/uploads\/2014\/10\/sabado51-1024x680.jpg 1024w\" sizes=\"(max-width: 300px) 100vw, 300px\" \/><\/a><\/p>\n<p style=\"text-align: center;\">SABADO 4\/10: Los chicos saliendo a misionar en grupos de acuerdo a los colores de los continentes. Durante el fin de semana estuvieron recorriendo: la zona c\u00e9ntrica y perif\u00e9rica de Maquinista Savio. Plazas, comercios, centro, instituciones, etc.; barrios: Salas, Ovejero, Cachorros I, Cachorros II y Santa Teresa.<\/p>\n<p style=\"text-align: center;\"><a href=\"http:\/\/obispadodezaratecampana.org\/wp-content\/uploads\/2014\/10\/sabado91.jpg\"><img loading=\"lazy\" decoding=\"async\" class=\"alignnone size-medium wp-image-7474\" src=\"http:\/\/obispadodezaratecampana.org\/wp-content\/uploads\/2014\/10\/sabado91-300x199.jpg\" alt=\"sabado9\" width=\"300\" height=\"199\" srcset=\"https:\/\/obispadodezaratecampana.org\/wp-content\/uploads\/2014\/10\/sabado91-300x199.jpg 300w, https:\/\/obispadodezaratecampana.org\/wp-content\/uploads\/2014\/10\/sabado91-1024x680.jpg 1024w\" sizes=\"(max-width: 300px) 100vw, 300px\" \/><\/a> <a href=\"http:\/\/obispadodezaratecampana.org\/wp-content\/uploads\/2014\/10\/sabado81.jpg\"><img loading=\"lazy\" decoding=\"async\" class=\"alignnone size-medium wp-image-7475\" src=\"http:\/\/obispadodezaratecampana.org\/wp-content\/uploads\/2014\/10\/sabado81-300x199.jpg\" alt=\"sabado8\" width=\"300\" height=\"199\" srcset=\"https:\/\/obispadodezaratecampana.org\/wp-content\/uploads\/2014\/10\/sabado81-300x199.jpg 300w, https:\/\/obispadodezaratecampana.org\/wp-content\/uploads\/2014\/10\/sabado81-1024x680.jpg 1024w\" sizes=\"(max-width: 300px) 100vw, 300px\" \/><\/a> <a href=\"http:\/\/obispadodezaratecampana.org\/wp-content\/uploads\/2014\/10\/sabado101.jpg\"><img loading=\"lazy\" decoding=\"async\" class=\"alignnone size-medium wp-image-7476\" src=\"http:\/\/obispadodezaratecampana.org\/wp-content\/uploads\/2014\/10\/sabado101-300x199.jpg\" alt=\"sabado10\" width=\"300\" height=\"199\" srcset=\"https:\/\/obispadodezaratecampana.org\/wp-content\/uploads\/2014\/10\/sabado101-300x199.jpg 300w, https:\/\/obispadodezaratecampana.org\/wp-content\/uploads\/2014\/10\/sabado101-1024x680.jpg 1024w\" sizes=\"(max-width: 300px) 100vw, 300px\" \/><\/a><\/p>\n<p style=\"text-align: center;\">SABADO 4\/10: al mediod\u00eda retornaron los j\u00f3venes de la primera salida misionera. Cantaron y bailaron antes de compartir el rico almuerzo: fideos. Los misioneros siguieron llegando durante la ma\u00f1ana del s\u00e1bado y a lo largo de todo el fin de semana, dado que muchos de ellos por razones personales, laborales o de estudios no pudieron estar presentes desde el inicio en la tarde del viernes. Cada una de las comidas fue preparada por el grupo Scout Santo Domingo Savio.<\/p>\n<p style=\"text-align: center;\">\u00a0<a href=\"http:\/\/obispadodezaratecampana.org\/wp-content\/uploads\/2014\/10\/sabado131.jpg\"><img loading=\"lazy\" decoding=\"async\" class=\"alignnone size-medium wp-image-7479\" src=\"http:\/\/obispadodezaratecampana.org\/wp-content\/uploads\/2014\/10\/sabado131-300x199.jpg\" alt=\"sabado13\" width=\"300\" height=\"199\" srcset=\"https:\/\/obispadodezaratecampana.org\/wp-content\/uploads\/2014\/10\/sabado131-300x199.jpg 300w, https:\/\/obispadodezaratecampana.org\/wp-content\/uploads\/2014\/10\/sabado131-1024x680.jpg 1024w\" sizes=\"(max-width: 300px) 100vw, 300px\" \/><\/a> <a href=\"http:\/\/obispadodezaratecampana.org\/wp-content\/uploads\/2014\/10\/sabado121.jpg\"><img loading=\"lazy\" decoding=\"async\" class=\"alignnone size-medium wp-image-7480\" src=\"http:\/\/obispadodezaratecampana.org\/wp-content\/uploads\/2014\/10\/sabado121-300x199.jpg\" alt=\"sabado12\" width=\"300\" height=\"199\" srcset=\"https:\/\/obispadodezaratecampana.org\/wp-content\/uploads\/2014\/10\/sabado121-300x199.jpg 300w, https:\/\/obispadodezaratecampana.org\/wp-content\/uploads\/2014\/10\/sabado121-1024x680.jpg 1024w\" sizes=\"(max-width: 300px) 100vw, 300px\" \/><\/a> <a href=\"http:\/\/obispadodezaratecampana.org\/wp-content\/uploads\/2014\/10\/sabado111.jpg\"><img loading=\"lazy\" decoding=\"async\" class=\"alignnone size-medium wp-image-7481\" src=\"http:\/\/obispadodezaratecampana.org\/wp-content\/uploads\/2014\/10\/sabado111-300x199.jpg\" alt=\"sabado11\" width=\"300\" height=\"199\" srcset=\"https:\/\/obispadodezaratecampana.org\/wp-content\/uploads\/2014\/10\/sabado111-300x199.jpg 300w, https:\/\/obispadodezaratecampana.org\/wp-content\/uploads\/2014\/10\/sabado111-1024x680.jpg 1024w\" sizes=\"(max-width: 300px) 100vw, 300px\" \/><\/a><\/p>\n<p style=\"text-align: center;\"><a href=\"http:\/\/obispadodezaratecampana.org\/wp-content\/uploads\/2014\/10\/sabado151.jpg\"><img loading=\"lazy\" decoding=\"async\" class=\"alignnone size-medium wp-image-7477\" src=\"http:\/\/obispadodezaratecampana.org\/wp-content\/uploads\/2014\/10\/sabado151-300x199.jpg\" alt=\"sabado15\" width=\"300\" height=\"199\" srcset=\"https:\/\/obispadodezaratecampana.org\/wp-content\/uploads\/2014\/10\/sabado151-300x199.jpg 300w, https:\/\/obispadodezaratecampana.org\/wp-content\/uploads\/2014\/10\/sabado151-1024x680.jpg 1024w\" sizes=\"(max-width: 300px) 100vw, 300px\" \/><img loading=\"lazy\" decoding=\"async\" class=\"alignnone size-medium wp-image-7478\" src=\"http:\/\/obispadodezaratecampana.org\/wp-content\/uploads\/2014\/10\/sabado141-300x199.jpg\" alt=\"sabado14\" width=\"300\" height=\"199\" srcset=\"https:\/\/obispadodezaratecampana.org\/wp-content\/uploads\/2014\/10\/sabado141-300x199.jpg 300w, https:\/\/obispadodezaratecampana.org\/wp-content\/uploads\/2014\/10\/sabado141-1024x680.jpg 1024w\" sizes=\"(max-width: 300px) 100vw, 300px\" \/><\/a><\/p>\n<p style=\"text-align: center;\"><a href=\"http:\/\/obispadodezaratecampana.org\/wp-content\/uploads\/2014\/10\/sabado181.jpg\"><img loading=\"lazy\" decoding=\"async\" class=\"alignnone size-medium wp-image-7484\" src=\"http:\/\/obispadodezaratecampana.org\/wp-content\/uploads\/2014\/10\/sabado181-300x199.jpg\" alt=\"sabado18\" width=\"300\" height=\"199\" srcset=\"https:\/\/obispadodezaratecampana.org\/wp-content\/uploads\/2014\/10\/sabado181-300x199.jpg 300w, https:\/\/obispadodezaratecampana.org\/wp-content\/uploads\/2014\/10\/sabado181-1024x680.jpg 1024w\" sizes=\"(max-width: 300px) 100vw, 300px\" \/><\/a> <a href=\"http:\/\/obispadodezaratecampana.org\/wp-content\/uploads\/2014\/10\/sabado171.jpg\"><img loading=\"lazy\" decoding=\"async\" class=\"alignnone size-medium wp-image-7485\" src=\"http:\/\/obispadodezaratecampana.org\/wp-content\/uploads\/2014\/10\/sabado171-300x199.jpg\" alt=\"sabado17\" width=\"300\" height=\"199\" srcset=\"https:\/\/obispadodezaratecampana.org\/wp-content\/uploads\/2014\/10\/sabado171-300x199.jpg 300w, https:\/\/obispadodezaratecampana.org\/wp-content\/uploads\/2014\/10\/sabado171-1024x680.jpg 1024w\" sizes=\"(max-width: 300px) 100vw, 300px\" \/><\/a> <a href=\"http:\/\/obispadodezaratecampana.org\/wp-content\/uploads\/2014\/10\/sabado161.jpg\"><img loading=\"lazy\" decoding=\"async\" class=\"alignnone size-medium wp-image-7486\" src=\"http:\/\/obispadodezaratecampana.org\/wp-content\/uploads\/2014\/10\/sabado161-300x199.jpg\" alt=\"sabado16\" width=\"300\" height=\"199\" srcset=\"https:\/\/obispadodezaratecampana.org\/wp-content\/uploads\/2014\/10\/sabado161-300x199.jpg 300w, https:\/\/obispadodezaratecampana.org\/wp-content\/uploads\/2014\/10\/sabado161-1024x680.jpg 1024w\" sizes=\"(max-width: 300px) 100vw, 300px\" \/><\/a><\/p>\n<p style=\"text-align: center;\">SABADO 4\/10: tarde de misi\u00f3n.<\/p>\n<p style=\"text-align: center;\">\u00a0<a href=\"http:\/\/obispadodezaratecampana.org\/wp-content\/uploads\/2014\/10\/sabado231.jpg\"><img loading=\"lazy\" decoding=\"async\" class=\"alignnone size-medium wp-image-7487\" src=\"http:\/\/obispadodezaratecampana.org\/wp-content\/uploads\/2014\/10\/sabado231-300x199.jpg\" alt=\"sabado23\" width=\"300\" height=\"199\" srcset=\"https:\/\/obispadodezaratecampana.org\/wp-content\/uploads\/2014\/10\/sabado231-300x199.jpg 300w, https:\/\/obispadodezaratecampana.org\/wp-content\/uploads\/2014\/10\/sabado231-1024x680.jpg 1024w\" sizes=\"(max-width: 300px) 100vw, 300px\" \/><\/a> <a href=\"http:\/\/obispadodezaratecampana.org\/wp-content\/uploads\/2014\/10\/sabado221.jpg\"><img loading=\"lazy\" decoding=\"async\" class=\"alignnone size-medium wp-image-7488\" src=\"http:\/\/obispadodezaratecampana.org\/wp-content\/uploads\/2014\/10\/sabado221-300x199.jpg\" alt=\"sabado22\" width=\"300\" height=\"199\" srcset=\"https:\/\/obispadodezaratecampana.org\/wp-content\/uploads\/2014\/10\/sabado221-300x199.jpg 300w, https:\/\/obispadodezaratecampana.org\/wp-content\/uploads\/2014\/10\/sabado221-1024x680.jpg 1024w\" sizes=\"(max-width: 300px) 100vw, 300px\" \/><\/a> <a href=\"http:\/\/obispadodezaratecampana.org\/wp-content\/uploads\/2014\/10\/sabado211.jpg\"><img loading=\"lazy\" decoding=\"async\" class=\"alignnone size-medium wp-image-7489\" src=\"http:\/\/obispadodezaratecampana.org\/wp-content\/uploads\/2014\/10\/sabado211-300x199.jpg\" alt=\"sabado21\" width=\"300\" height=\"199\" srcset=\"https:\/\/obispadodezaratecampana.org\/wp-content\/uploads\/2014\/10\/sabado211-300x199.jpg 300w, https:\/\/obispadodezaratecampana.org\/wp-content\/uploads\/2014\/10\/sabado211-1024x680.jpg 1024w\" sizes=\"(max-width: 300px) 100vw, 300px\" \/><\/a> <img loading=\"lazy\" decoding=\"async\" class=\"alignnone size-medium wp-image-7490\" src=\"http:\/\/obispadodezaratecampana.org\/wp-content\/uploads\/2014\/10\/sabado201-300x199.jpg\" alt=\"sabado20\" width=\"300\" height=\"199\" srcset=\"https:\/\/obispadodezaratecampana.org\/wp-content\/uploads\/2014\/10\/sabado201-300x199.jpg 300w, https:\/\/obispadodezaratecampana.org\/wp-content\/uploads\/2014\/10\/sabado201-1024x680.jpg 1024w\" sizes=\"(max-width: 300px) 100vw, 300px\" \/><\/p>\n<p style=\"text-align: center;\">Confesiones<\/p>\n<p style=\"text-align: center;\"><img loading=\"lazy\" decoding=\"async\" class=\"alignnone size-medium wp-image-7491\" src=\"http:\/\/obispadodezaratecampana.org\/wp-content\/uploads\/2014\/10\/sabado191-300x199.jpg\" alt=\"sabado19\" width=\"300\" height=\"199\" srcset=\"https:\/\/obispadodezaratecampana.org\/wp-content\/uploads\/2014\/10\/sabado191-300x199.jpg 300w, https:\/\/obispadodezaratecampana.org\/wp-content\/uploads\/2014\/10\/sabado191-1024x680.jpg 1024w\" sizes=\"(max-width: 300px) 100vw, 300px\" \/><\/p>\n<p style=\"text-align: center;\">SABADO 4\/10: por la noche los misioneros compartieron la santa misa, en esta ocasi\u00f3n fue presidida por Mons. Justo, y concelebrada por el padre Agust\u00edn. Luego de la cena (que fue arroz con pollo), los chicos vieron un video con fotos y testimonios de la misi\u00f3n. \u00a0Posteriormente jugaron divididos por equipos de acuerdo a los colores de los continentes, disfrutaron de un fog\u00f3n y cantaron y bailaron.<\/p>\n<p style=\"text-align: center;\"><img loading=\"lazy\" decoding=\"async\" class=\"alignnone size-medium wp-image-7508\" src=\"http:\/\/obispadodezaratecampana.org\/wp-content\/uploads\/2014\/10\/sabado241-300x199.jpg\" alt=\"sabado24\" width=\"300\" height=\"199\" srcset=\"https:\/\/obispadodezaratecampana.org\/wp-content\/uploads\/2014\/10\/sabado241-300x199.jpg 300w, https:\/\/obispadodezaratecampana.org\/wp-content\/uploads\/2014\/10\/sabado241-1024x680.jpg 1024w\" sizes=\"(max-width: 300px) 100vw, 300px\" \/><\/p>\n<p style=\"text-align: center;\"><a href=\"http:\/\/obispadodezaratecampana.org\/wp-content\/uploads\/2014\/10\/sabado251.jpg\"><img loading=\"lazy\" decoding=\"async\" class=\"alignnone size-medium wp-image-7507\" src=\"http:\/\/obispadodezaratecampana.org\/wp-content\/uploads\/2014\/10\/sabado251-300x199.jpg\" alt=\"sabado25\" width=\"300\" height=\"199\" srcset=\"https:\/\/obispadodezaratecampana.org\/wp-content\/uploads\/2014\/10\/sabado251-300x199.jpg 300w, https:\/\/obispadodezaratecampana.org\/wp-content\/uploads\/2014\/10\/sabado251-1024x680.jpg 1024w\" sizes=\"(max-width: 300px) 100vw, 300px\" \/><\/a><\/p>\n<p style=\"text-align: center;\"><img loading=\"lazy\" decoding=\"async\" class=\"alignnone size-medium wp-image-7506\" src=\"http:\/\/obispadodezaratecampana.org\/wp-content\/uploads\/2014\/10\/sabado261-300x199.jpg\" alt=\"sabado26\" width=\"300\" height=\"199\" srcset=\"https:\/\/obispadodezaratecampana.org\/wp-content\/uploads\/2014\/10\/sabado261-300x199.jpg 300w, https:\/\/obispadodezaratecampana.org\/wp-content\/uploads\/2014\/10\/sabado261-1024x680.jpg 1024w\" sizes=\"(max-width: 300px) 100vw, 300px\" \/><\/p>\n<p style=\"text-align: center;\"><a href=\"http:\/\/obispadodezaratecampana.org\/wp-content\/uploads\/2014\/10\/sabado281.jpg\"><img loading=\"lazy\" decoding=\"async\" class=\"alignnone size-medium wp-image-7504\" src=\"http:\/\/obispadodezaratecampana.org\/wp-content\/uploads\/2014\/10\/sabado281-300x199.jpg\" alt=\"sabado28\" width=\"300\" height=\"199\" srcset=\"https:\/\/obispadodezaratecampana.org\/wp-content\/uploads\/2014\/10\/sabado281-300x199.jpg 300w, https:\/\/obispadodezaratecampana.org\/wp-content\/uploads\/2014\/10\/sabado281-1024x680.jpg 1024w\" sizes=\"(max-width: 300px) 100vw, 300px\" \/><\/a> <a href=\"http:\/\/obispadodezaratecampana.org\/wp-content\/uploads\/2014\/10\/sabado271.jpg\"><img loading=\"lazy\" decoding=\"async\" class=\"size-medium wp-image-7505\" src=\"http:\/\/obispadodezaratecampana.org\/wp-content\/uploads\/2014\/10\/sabado271-300x199.jpg\" alt=\"sabado27\" width=\"300\" height=\"199\" srcset=\"https:\/\/obispadodezaratecampana.org\/wp-content\/uploads\/2014\/10\/sabado271-300x199.jpg 300w, https:\/\/obispadodezaratecampana.org\/wp-content\/uploads\/2014\/10\/sabado271-1024x680.jpg 1024w\" sizes=\"(max-width: 300px) 100vw, 300px\" \/><\/a><\/p>\n<p style=\"text-align: center;\"><img loading=\"lazy\" decoding=\"async\" class=\"alignnone size-medium wp-image-7502\" src=\"http:\/\/obispadodezaratecampana.org\/wp-content\/uploads\/2014\/10\/sabado301-300x199.jpg\" alt=\"sabado30\" width=\"300\" height=\"199\" srcset=\"https:\/\/obispadodezaratecampana.org\/wp-content\/uploads\/2014\/10\/sabado301-300x199.jpg 300w, https:\/\/obispadodezaratecampana.org\/wp-content\/uploads\/2014\/10\/sabado301-1024x680.jpg 1024w\" sizes=\"(max-width: 300px) 100vw, 300px\" \/><\/p>\n<p style=\"text-align: center;\"><img loading=\"lazy\" decoding=\"async\" class=\"alignnone size-medium wp-image-7503\" src=\"http:\/\/obispadodezaratecampana.org\/wp-content\/uploads\/2014\/10\/sabado291-300x199.jpg\" alt=\"sabado29\" width=\"300\" height=\"199\" srcset=\"https:\/\/obispadodezaratecampana.org\/wp-content\/uploads\/2014\/10\/sabado291-300x199.jpg 300w, https:\/\/obispadodezaratecampana.org\/wp-content\/uploads\/2014\/10\/sabado291-1024x680.jpg 1024w\" sizes=\"(max-width: 300px) 100vw, 300px\" \/><\/p>\n<p style=\"text-align: center;\"><img loading=\"lazy\" decoding=\"async\" class=\"alignnone size-medium wp-image-7500\" src=\"http:\/\/obispadodezaratecampana.org\/wp-content\/uploads\/2014\/10\/sabado321-300x199.jpg\" alt=\"sabado32\" width=\"300\" height=\"199\" srcset=\"https:\/\/obispadodezaratecampana.org\/wp-content\/uploads\/2014\/10\/sabado321-300x199.jpg 300w, https:\/\/obispadodezaratecampana.org\/wp-content\/uploads\/2014\/10\/sabado321-1024x680.jpg 1024w\" sizes=\"(max-width: 300px) 100vw, 300px\" \/><\/p>\n<p style=\"text-align: center;\"><img loading=\"lazy\" decoding=\"async\" class=\"alignnone size-medium wp-image-7501\" src=\"http:\/\/obispadodezaratecampana.org\/wp-content\/uploads\/2014\/10\/sabado311-300x199.jpg\" alt=\"sabado31\" width=\"300\" height=\"199\" srcset=\"https:\/\/obispadodezaratecampana.org\/wp-content\/uploads\/2014\/10\/sabado311-300x199.jpg 300w, https:\/\/obispadodezaratecampana.org\/wp-content\/uploads\/2014\/10\/sabado311-1024x680.jpg 1024w\" sizes=\"(max-width: 300px) 100vw, 300px\" \/><\/p>\n<p style=\"text-align: center;\"><img loading=\"lazy\" decoding=\"async\" class=\"alignnone size-medium wp-image-7499\" src=\"http:\/\/obispadodezaratecampana.org\/wp-content\/uploads\/2014\/10\/sabado331-300x199.jpg\" alt=\"sabado33\" width=\"300\" height=\"199\" srcset=\"https:\/\/obispadodezaratecampana.org\/wp-content\/uploads\/2014\/10\/sabado331-300x199.jpg 300w, https:\/\/obispadodezaratecampana.org\/wp-content\/uploads\/2014\/10\/sabado331-1024x680.jpg 1024w\" sizes=\"(max-width: 300px) 100vw, 300px\" \/><\/p>\n<p style=\"text-align: center;\"><a href=\"http:\/\/obispadodezaratecampana.org\/wp-content\/uploads\/2014\/10\/DSC_0479.jpg\"><img loading=\"lazy\" decoding=\"async\" class=\"alignnone size-medium wp-image-7509\" src=\"http:\/\/obispadodezaratecampana.org\/wp-content\/uploads\/2014\/10\/DSC_0479-300x199.jpg\" alt=\"DSC_0479\" width=\"300\" height=\"199\" srcset=\"https:\/\/obispadodezaratecampana.org\/wp-content\/uploads\/2014\/10\/DSC_0479-300x199.jpg 300w, https:\/\/obispadodezaratecampana.org\/wp-content\/uploads\/2014\/10\/DSC_0479-1024x680.jpg 1024w\" sizes=\"(max-width: 300px) 100vw, 300px\" \/><\/a><\/p>\n<p style=\"text-align: center;\"><img loading=\"lazy\" decoding=\"async\" class=\"alignnone size-medium wp-image-7498\" src=\"http:\/\/obispadodezaratecampana.org\/wp-content\/uploads\/2014\/10\/sabado341-300x199.jpg\" alt=\"sabado34\" width=\"300\" height=\"199\" srcset=\"https:\/\/obispadodezaratecampana.org\/wp-content\/uploads\/2014\/10\/sabado341-300x199.jpg 300w, https:\/\/obispadodezaratecampana.org\/wp-content\/uploads\/2014\/10\/sabado341-1024x680.jpg 1024w\" sizes=\"(max-width: 300px) 100vw, 300px\" \/><\/p>\n<p style=\"text-align: center;\"><img loading=\"lazy\" decoding=\"async\" class=\"alignnone size-medium wp-image-7497\" src=\"http:\/\/obispadodezaratecampana.org\/wp-content\/uploads\/2014\/10\/sabado351-300x199.jpg\" alt=\"sabado35\" width=\"300\" height=\"199\" srcset=\"https:\/\/obispadodezaratecampana.org\/wp-content\/uploads\/2014\/10\/sabado351-300x199.jpg 300w, https:\/\/obispadodezaratecampana.org\/wp-content\/uploads\/2014\/10\/sabado351-1024x680.jpg 1024w\" sizes=\"(max-width: 300px) 100vw, 300px\" \/><\/p>\n<p style=\"text-align: center;\"><a href=\"http:\/\/obispadodezaratecampana.org\/wp-content\/uploads\/2014\/10\/sabado381.jpg\"><img loading=\"lazy\" decoding=\"async\" class=\"alignnone size-medium wp-image-7493\" src=\"http:\/\/obispadodezaratecampana.org\/wp-content\/uploads\/2014\/10\/sabado381-300x199.jpg\" alt=\"sabado38\" width=\"300\" height=\"199\" srcset=\"https:\/\/obispadodezaratecampana.org\/wp-content\/uploads\/2014\/10\/sabado381-300x199.jpg 300w, https:\/\/obispadodezaratecampana.org\/wp-content\/uploads\/2014\/10\/sabado381-1024x680.jpg 1024w\" sizes=\"(max-width: 300px) 100vw, 300px\" \/><\/a> <a href=\"http:\/\/obispadodezaratecampana.org\/wp-content\/uploads\/2014\/10\/sabado391.jpg\"><img loading=\"lazy\" decoding=\"async\" class=\"alignnone size-medium wp-image-7494\" src=\"http:\/\/obispadodezaratecampana.org\/wp-content\/uploads\/2014\/10\/sabado391-300x199.jpg\" alt=\"sabado39\" width=\"300\" height=\"199\" srcset=\"https:\/\/obispadodezaratecampana.org\/wp-content\/uploads\/2014\/10\/sabado391-300x199.jpg 300w, https:\/\/obispadodezaratecampana.org\/wp-content\/uploads\/2014\/10\/sabado391-1024x680.jpg 1024w\" sizes=\"(max-width: 300px) 100vw, 300px\" \/><\/a> <a href=\"http:\/\/obispadodezaratecampana.org\/wp-content\/uploads\/2014\/10\/sabado371.jpg\"><img loading=\"lazy\" decoding=\"async\" class=\"alignnone size-medium wp-image-7495\" src=\"http:\/\/obispadodezaratecampana.org\/wp-content\/uploads\/2014\/10\/sabado371-300x199.jpg\" alt=\"sabado37\" width=\"300\" height=\"199\" srcset=\"https:\/\/obispadodezaratecampana.org\/wp-content\/uploads\/2014\/10\/sabado371-300x199.jpg 300w, https:\/\/obispadodezaratecampana.org\/wp-content\/uploads\/2014\/10\/sabado371-1024x680.jpg 1024w\" sizes=\"(max-width: 300px) 100vw, 300px\" \/><\/a> <a href=\"http:\/\/obispadodezaratecampana.org\/wp-content\/uploads\/2014\/10\/sabado361.jpg\"><img loading=\"lazy\" decoding=\"async\" class=\"alignnone size-medium wp-image-7496\" src=\"http:\/\/obispadodezaratecampana.org\/wp-content\/uploads\/2014\/10\/sabado361-300x199.jpg\" alt=\"sabado36\" width=\"300\" height=\"199\" srcset=\"https:\/\/obispadodezaratecampana.org\/wp-content\/uploads\/2014\/10\/sabado361-300x199.jpg 300w, https:\/\/obispadodezaratecampana.org\/wp-content\/uploads\/2014\/10\/sabado361-1024x680.jpg 1024w\" sizes=\"(max-width: 300px) 100vw, 300px\" \/><\/a><\/p>\n<p style=\"text-align: center;\">DOMINGO 6\/10: Por la ma\u00f1ana temprano: rezo de Laudes, desayuno y \u00faltima salida misionera.<\/p>\n<p style=\"text-align: center;\">\u00a0<a href=\"http:\/\/obispadodezaratecampana.org\/wp-content\/uploads\/2014\/10\/domingo3.jpg\"><img loading=\"lazy\" decoding=\"async\" class=\"alignnone size-medium wp-image-7510\" src=\"http:\/\/obispadodezaratecampana.org\/wp-content\/uploads\/2014\/10\/domingo3-300x199.jpg\" alt=\"domingo3\" width=\"300\" height=\"199\" srcset=\"https:\/\/obispadodezaratecampana.org\/wp-content\/uploads\/2014\/10\/domingo3-300x199.jpg 300w, https:\/\/obispadodezaratecampana.org\/wp-content\/uploads\/2014\/10\/domingo3-1024x680.jpg 1024w\" sizes=\"(max-width: 300px) 100vw, 300px\" \/><\/a> <a href=\"http:\/\/obispadodezaratecampana.org\/wp-content\/uploads\/2014\/10\/domingo2.jpg\"><img loading=\"lazy\" decoding=\"async\" class=\"alignnone size-medium wp-image-7511\" src=\"http:\/\/obispadodezaratecampana.org\/wp-content\/uploads\/2014\/10\/domingo2-300x199.jpg\" alt=\"domingo2\" width=\"300\" height=\"199\" srcset=\"https:\/\/obispadodezaratecampana.org\/wp-content\/uploads\/2014\/10\/domingo2-300x199.jpg 300w, https:\/\/obispadodezaratecampana.org\/wp-content\/uploads\/2014\/10\/domingo2-1024x680.jpg 1024w\" sizes=\"(max-width: 300px) 100vw, 300px\" \/><\/a> <a href=\"http:\/\/obispadodezaratecampana.org\/wp-content\/uploads\/2014\/10\/domingo1.jpg\"><img loading=\"lazy\" decoding=\"async\" class=\"alignnone size-medium wp-image-7512\" src=\"http:\/\/obispadodezaratecampana.org\/wp-content\/uploads\/2014\/10\/domingo1-300x199.jpg\" alt=\"domingo1\" width=\"300\" height=\"199\" srcset=\"https:\/\/obispadodezaratecampana.org\/wp-content\/uploads\/2014\/10\/domingo1-300x199.jpg 300w, https:\/\/obispadodezaratecampana.org\/wp-content\/uploads\/2014\/10\/domingo1-1024x680.jpg 1024w\" sizes=\"(max-width: 300px) 100vw, 300px\" \/><\/a><\/p>\n<p style=\"text-align: center;\"><a href=\"http:\/\/obispadodezaratecampana.org\/wp-content\/uploads\/2014\/10\/domingo7.jpg\"><img loading=\"lazy\" decoding=\"async\" class=\"alignnone size-medium wp-image-7513\" src=\"http:\/\/obispadodezaratecampana.org\/wp-content\/uploads\/2014\/10\/domingo7-300x199.jpg\" alt=\"domingo7\" width=\"300\" height=\"199\" srcset=\"https:\/\/obispadodezaratecampana.org\/wp-content\/uploads\/2014\/10\/domingo7-300x199.jpg 300w, https:\/\/obispadodezaratecampana.org\/wp-content\/uploads\/2014\/10\/domingo7-1024x680.jpg 1024w\" sizes=\"(max-width: 300px) 100vw, 300px\" \/><\/a> <a href=\"http:\/\/obispadodezaratecampana.org\/wp-content\/uploads\/2014\/10\/domingo6.jpg\"><img loading=\"lazy\" decoding=\"async\" class=\"alignnone size-medium wp-image-7514\" src=\"http:\/\/obispadodezaratecampana.org\/wp-content\/uploads\/2014\/10\/domingo6-300x199.jpg\" alt=\"domingo6\" width=\"300\" height=\"199\" srcset=\"https:\/\/obispadodezaratecampana.org\/wp-content\/uploads\/2014\/10\/domingo6-300x199.jpg 300w, https:\/\/obispadodezaratecampana.org\/wp-content\/uploads\/2014\/10\/domingo6-1024x680.jpg 1024w\" sizes=\"(max-width: 300px) 100vw, 300px\" \/><\/a> <a href=\"http:\/\/obispadodezaratecampana.org\/wp-content\/uploads\/2014\/10\/domingo5.jpg\"><img loading=\"lazy\" decoding=\"async\" class=\"alignnone size-medium wp-image-7515\" src=\"http:\/\/obispadodezaratecampana.org\/wp-content\/uploads\/2014\/10\/domingo5-300x199.jpg\" alt=\"domingo5\" width=\"300\" height=\"199\" srcset=\"https:\/\/obispadodezaratecampana.org\/wp-content\/uploads\/2014\/10\/domingo5-300x199.jpg 300w, https:\/\/obispadodezaratecampana.org\/wp-content\/uploads\/2014\/10\/domingo5-1024x680.jpg 1024w\" sizes=\"(max-width: 300px) 100vw, 300px\" \/><\/a> <a href=\"http:\/\/obispadodezaratecampana.org\/wp-content\/uploads\/2014\/10\/domingo4.jpg\"><img loading=\"lazy\" decoding=\"async\" class=\"alignnone size-medium wp-image-7516\" src=\"http:\/\/obispadodezaratecampana.org\/wp-content\/uploads\/2014\/10\/domingo4-300x199.jpg\" alt=\"domingo4\" width=\"300\" height=\"199\" srcset=\"https:\/\/obispadodezaratecampana.org\/wp-content\/uploads\/2014\/10\/domingo4-300x199.jpg 300w, https:\/\/obispadodezaratecampana.org\/wp-content\/uploads\/2014\/10\/domingo4-1024x680.jpg 1024w\" sizes=\"(max-width: 300px) 100vw, 300px\" \/><\/a><\/p>\n<p style=\"text-align: center;\">DOMINGO 6\/10: el domingo al mediod\u00eda el Obispo llego a compartir el almuerzo y permaneci\u00f3 con los misioneros hasta la misa de clausura.<\/p>\n<p style=\"text-align: center;\"><a href=\"http:\/\/obispadodezaratecampana.org\/wp-content\/uploads\/2014\/10\/domingo14.jpg\"><img loading=\"lazy\" decoding=\"async\" class=\"alignnone size-medium wp-image-7517\" src=\"http:\/\/obispadodezaratecampana.org\/wp-content\/uploads\/2014\/10\/domingo14-300x199.jpg\" alt=\"domingo14\" width=\"300\" height=\"199\" srcset=\"https:\/\/obispadodezaratecampana.org\/wp-content\/uploads\/2014\/10\/domingo14-300x199.jpg 300w, https:\/\/obispadodezaratecampana.org\/wp-content\/uploads\/2014\/10\/domingo14-1024x680.jpg 1024w\" sizes=\"(max-width: 300px) 100vw, 300px\" \/><\/a> <a href=\"http:\/\/obispadodezaratecampana.org\/wp-content\/uploads\/2014\/10\/domingo13.jpg\"><img loading=\"lazy\" decoding=\"async\" class=\"alignnone size-medium wp-image-7518\" src=\"http:\/\/obispadodezaratecampana.org\/wp-content\/uploads\/2014\/10\/domingo13-300x199.jpg\" alt=\"domingo13\" width=\"300\" height=\"199\" srcset=\"https:\/\/obispadodezaratecampana.org\/wp-content\/uploads\/2014\/10\/domingo13-300x199.jpg 300w, https:\/\/obispadodezaratecampana.org\/wp-content\/uploads\/2014\/10\/domingo13-1024x680.jpg 1024w\" sizes=\"(max-width: 300px) 100vw, 300px\" \/><\/a> <a href=\"http:\/\/obispadodezaratecampana.org\/wp-content\/uploads\/2014\/10\/domingo11.jpg\"><img loading=\"lazy\" decoding=\"async\" class=\"alignnone size-medium wp-image-7520\" src=\"http:\/\/obispadodezaratecampana.org\/wp-content\/uploads\/2014\/10\/domingo11-300x199.jpg\" alt=\"domingo11\" width=\"300\" height=\"199\" srcset=\"https:\/\/obispadodezaratecampana.org\/wp-content\/uploads\/2014\/10\/domingo11-300x199.jpg 300w, https:\/\/obispadodezaratecampana.org\/wp-content\/uploads\/2014\/10\/domingo11-1024x680.jpg 1024w\" sizes=\"(max-width: 300px) 100vw, 300px\" \/><\/a> <a href=\"http:\/\/obispadodezaratecampana.org\/wp-content\/uploads\/2014\/10\/domingo10.jpg\"><img loading=\"lazy\" decoding=\"async\" class=\"alignnone size-medium wp-image-7521\" src=\"http:\/\/obispadodezaratecampana.org\/wp-content\/uploads\/2014\/10\/domingo10-300x199.jpg\" alt=\"domingo10\" width=\"300\" height=\"199\" srcset=\"https:\/\/obispadodezaratecampana.org\/wp-content\/uploads\/2014\/10\/domingo10-300x199.jpg 300w, https:\/\/obispadodezaratecampana.org\/wp-content\/uploads\/2014\/10\/domingo10-1024x680.jpg 1024w\" sizes=\"(max-width: 300px) 100vw, 300px\" \/><\/a> <a href=\"http:\/\/obispadodezaratecampana.org\/wp-content\/uploads\/2014\/10\/domingo9.jpg\"><img loading=\"lazy\" decoding=\"async\" class=\"alignnone size-medium wp-image-7522\" src=\"http:\/\/obispadodezaratecampana.org\/wp-content\/uploads\/2014\/10\/domingo9-300x199.jpg\" alt=\"domingo9\" width=\"300\" height=\"199\" srcset=\"https:\/\/obispadodezaratecampana.org\/wp-content\/uploads\/2014\/10\/domingo9-300x199.jpg 300w, https:\/\/obispadodezaratecampana.org\/wp-content\/uploads\/2014\/10\/domingo9-1024x680.jpg 1024w\" sizes=\"(max-width: 300px) 100vw, 300px\" \/><\/a> <a href=\"http:\/\/obispadodezaratecampana.org\/wp-content\/uploads\/2014\/10\/domingo8.jpg\"><img loading=\"lazy\" decoding=\"async\" class=\"alignnone size-medium wp-image-7523\" src=\"http:\/\/obispadodezaratecampana.org\/wp-content\/uploads\/2014\/10\/domingo8-300x199.jpg\" alt=\"domingo8\" width=\"300\" height=\"199\" srcset=\"https:\/\/obispadodezaratecampana.org\/wp-content\/uploads\/2014\/10\/domingo8-300x199.jpg 300w, https:\/\/obispadodezaratecampana.org\/wp-content\/uploads\/2014\/10\/domingo8-1024x680.jpg 1024w\" sizes=\"(max-width: 300px) 100vw, 300px\" \/><\/a><\/p>\n<p style=\"text-align: center;\">DOMINGO 6\/10: Por la tarde los j\u00f3venes disfrutaron de un musical acerca del Hijo Pr\u00f3digo, protagonizado por los chicos de la comunidad del El Cen\u00e1culo (situada en Exaltaci\u00f3n de la Cruz). Luego se compartieron testimonios en la parroquia acerca de lo vivenciado el fin de semana.<\/p>\n<p style=\"text-align: center;\">\u00a0\u00a0<a href=\"http:\/\/obispadodezaratecampana.org\/wp-content\/uploads\/2014\/10\/domingo18.jpg\"><img loading=\"lazy\" decoding=\"async\" class=\"alignnone size-medium wp-image-7533\" src=\"http:\/\/obispadodezaratecampana.org\/wp-content\/uploads\/2014\/10\/domingo18-300x199.jpg\" alt=\"domingo18\" width=\"300\" height=\"199\" srcset=\"https:\/\/obispadodezaratecampana.org\/wp-content\/uploads\/2014\/10\/domingo18-300x199.jpg 300w, https:\/\/obispadodezaratecampana.org\/wp-content\/uploads\/2014\/10\/domingo18-1024x680.jpg 1024w\" sizes=\"(max-width: 300px) 100vw, 300px\" \/><\/a> <a href=\"http:\/\/obispadodezaratecampana.org\/wp-content\/uploads\/2014\/10\/domingo17.jpg\"><img loading=\"lazy\" decoding=\"async\" class=\"alignnone size-medium wp-image-7534\" src=\"http:\/\/obispadodezaratecampana.org\/wp-content\/uploads\/2014\/10\/domingo17-300x199.jpg\" alt=\"domingo17\" width=\"300\" height=\"199\" srcset=\"https:\/\/obispadodezaratecampana.org\/wp-content\/uploads\/2014\/10\/domingo17-300x199.jpg 300w, https:\/\/obispadodezaratecampana.org\/wp-content\/uploads\/2014\/10\/domingo17-1024x680.jpg 1024w\" sizes=\"(max-width: 300px) 100vw, 300px\" \/><\/a> <a href=\"http:\/\/obispadodezaratecampana.org\/wp-content\/uploads\/2014\/10\/domingo16.jpg\"><img loading=\"lazy\" decoding=\"async\" class=\"alignnone size-medium wp-image-7535\" src=\"http:\/\/obispadodezaratecampana.org\/wp-content\/uploads\/2014\/10\/domingo16-300x199.jpg\" alt=\"domingo16\" width=\"300\" height=\"199\" srcset=\"https:\/\/obispadodezaratecampana.org\/wp-content\/uploads\/2014\/10\/domingo16-300x199.jpg 300w, https:\/\/obispadodezaratecampana.org\/wp-content\/uploads\/2014\/10\/domingo16-1024x680.jpg 1024w\" sizes=\"(max-width: 300px) 100vw, 300px\" \/><\/a> <a href=\"http:\/\/obispadodezaratecampana.org\/wp-content\/uploads\/2014\/10\/domingo15.jpg\"><img loading=\"lazy\" decoding=\"async\" class=\"alignnone size-medium wp-image-7536\" src=\"http:\/\/obispadodezaratecampana.org\/wp-content\/uploads\/2014\/10\/domingo15-300x199.jpg\" alt=\"domingo15\" width=\"300\" height=\"199\" srcset=\"https:\/\/obispadodezaratecampana.org\/wp-content\/uploads\/2014\/10\/domingo15-300x199.jpg 300w, https:\/\/obispadodezaratecampana.org\/wp-content\/uploads\/2014\/10\/domingo15-1024x680.jpg 1024w\" sizes=\"(max-width: 300px) 100vw, 300px\" \/><\/a><\/p>\n<p style=\"text-align: center;\"><img loading=\"lazy\" decoding=\"async\" class=\"alignnone size-medium wp-image-7531\" src=\"http:\/\/obispadodezaratecampana.org\/wp-content\/uploads\/2014\/10\/domingo20-300x199.jpg\" alt=\"domingo20\" width=\"300\" height=\"199\" srcset=\"https:\/\/obispadodezaratecampana.org\/wp-content\/uploads\/2014\/10\/domingo20-300x199.jpg 300w, https:\/\/obispadodezaratecampana.org\/wp-content\/uploads\/2014\/10\/domingo20-1024x680.jpg 1024w\" sizes=\"(max-width: 300px) 100vw, 300px\" \/><\/p>\n<p style=\"text-align: center;\"><img loading=\"lazy\" decoding=\"async\" class=\"alignnone size-medium wp-image-7532\" src=\"http:\/\/obispadodezaratecampana.org\/wp-content\/uploads\/2014\/10\/domingo19-300x199.jpg\" alt=\"domingo19\" width=\"300\" height=\"199\" srcset=\"https:\/\/obispadodezaratecampana.org\/wp-content\/uploads\/2014\/10\/domingo19-300x199.jpg 300w, https:\/\/obispadodezaratecampana.org\/wp-content\/uploads\/2014\/10\/domingo19-1024x680.jpg 1024w\" sizes=\"(max-width: 300px) 100vw, 300px\" \/><\/p>\n<p style=\"text-align: center;\">DOMINGO 5\/10: Misa de Clausura de la VIII MJD<\/p>\n<p style=\"text-align: center;\"><a href=\"http:\/\/obispadodezaratecampana.org\/wp-content\/uploads\/2014\/10\/domingo261.jpg\"><img loading=\"lazy\" decoding=\"async\" class=\"alignnone size-medium wp-image-7538\" src=\"http:\/\/obispadodezaratecampana.org\/wp-content\/uploads\/2014\/10\/domingo261-300x199.jpg\" alt=\"domingo26\" width=\"300\" height=\"199\" srcset=\"https:\/\/obispadodezaratecampana.org\/wp-content\/uploads\/2014\/10\/domingo261-300x199.jpg 300w, https:\/\/obispadodezaratecampana.org\/wp-content\/uploads\/2014\/10\/domingo261-1024x680.jpg 1024w\" sizes=\"(max-width: 300px) 100vw, 300px\" \/><\/a><\/p>\n<p style=\"text-align: center;\">Algunas palabras de nuestro Obispo durante la homil\u00eda:<br \/>\n&#8211; (&#8230;) La experiencia del barro (hizo alusi\u00f3n al barro dado que llovio todo el fin de semana, y los chicos se embarraron) tambien nos debiera ayudar a ver que del barro se hacen las obras mas sublimes de arte, y las mas duraderas (\u2026) El barro docil trabajado en manos del artista, en manos del alfarero, puede convertirse en una hermosa obra de arte. Nuestra vida es como barro en manos del alfarero, La cancion dice \u201ccomo barro en manos del alfarero es nuestra vida\u201d\u2026.\u201dtoma mi vida, hazla de nuevo, yo quiero ser un vaso nuevo\u201d, del barro surge lo nuevo. Si con el tiempo esto se parte, se rompe, se despinta o quebranta, las manos del alfarero \u2013nuestro Dios- hacen nuevas creaturas.<br \/>\n&#8211; Beatificaci\u00f3n de SS Pablo VI el 19 de octubre: \u00bfcual era la palabra clave de el como verbo?: Discernir. Es importante que podamos discernir de nuestro barro para que podamos ver el proyecto so\u00f1ado de Dios. Para discernir cuanto hay dentro y entender que nuestra vida no depende solo de nosotros mismos, cual es nuestro caminar, las sorpresas de Dios\u2026.no tiene que ocurrir que nos creamos due\u00f1os de nuestro barro , y no le dejemos lugar a las sorpresas de Dios ni en nosotros mismos, ni en los demas. (\u2026)<br \/>\n&#8211; Discernir, caminar, ponernos al servicio, amar, perdonar\u2026.toma mi vida hazla de nuevo, yo quiero ser un vaso nuevo. (&#8230;)<\/p>\n<p style=\"text-align: center;\"><img loading=\"lazy\" decoding=\"async\" class=\"alignnone size-medium wp-image-7539\" src=\"http:\/\/obispadodezaratecampana.org\/wp-content\/uploads\/2014\/10\/domingo251-300x199.jpg\" alt=\"domingo25\" width=\"300\" height=\"199\" srcset=\"https:\/\/obispadodezaratecampana.org\/wp-content\/uploads\/2014\/10\/domingo251-300x199.jpg 300w, https:\/\/obispadodezaratecampana.org\/wp-content\/uploads\/2014\/10\/domingo251-1024x680.jpg 1024w\" sizes=\"(max-width: 300px) 100vw, 300px\" \/><\/p>\n<p style=\"text-align: center;\">Los j\u00f3venes que se mencionan a continuaci\u00f3n al respecto del ministerio de Lectores y Acolitado pertenecen a nuestro seminario Diocesano San Pedro y San Pablo (situado en Campana). Cabe destacar, que tanto ellos, como otros seminaristas estuvieron durante todo el fin de semana colaborando y acompa\u00f1ando a los j\u00f3venes misioneros en las diversas actividades.<\/p>\n<p style=\"text-align: center;\">&#8211; Ministerio de Lectores durante la misa de clausura de la VIII MJD (recepci\u00f3n de las Sagradas Escrituras como signo de que el lector desea entregar su vida al ministerio de la Palabra por medio de la lectura, meditaci\u00f3n de ella y transmisi\u00f3n con fidelidad)<\/p>\n<p style=\"text-align: center;\">A. \u00a0Javier Espeche<br \/>\nNicolas Amendolara<br \/>\nMartin Gallo<br \/>\nRamiro A. Garcia<br \/>\nMiguel Angel Giraldo<\/p>\n<p style=\"text-align: center;\">&#8211; Acolitado (servicio en la Eucarist\u00eda, recepci\u00f3n de la patena y el c\u00e1liz como signo de que desea entregar su vida en el altar, y servicio a la Iglesia) :<\/p>\n<p style=\"text-align: center;\">Lector Agust\u00edn Lopez<\/p>\n<p style=\"text-align: center;\"><a href=\"http:\/\/obispadodezaratecampana.org\/wp-content\/uploads\/2014\/10\/domingo241.jpg\"><img loading=\"lazy\" decoding=\"async\" class=\"alignnone size-medium wp-image-7540\" src=\"http:\/\/obispadodezaratecampana.org\/wp-content\/uploads\/2014\/10\/domingo241-300x199.jpg\" alt=\"domingo24\" width=\"300\" height=\"199\" srcset=\"https:\/\/obispadodezaratecampana.org\/wp-content\/uploads\/2014\/10\/domingo241-300x199.jpg 300w, https:\/\/obispadodezaratecampana.org\/wp-content\/uploads\/2014\/10\/domingo241-1024x680.jpg 1024w\" sizes=\"(max-width: 300px) 100vw, 300px\" \/><\/a> <a href=\"http:\/\/obispadodezaratecampana.org\/wp-content\/uploads\/2014\/10\/domingo231.jpg\"><img loading=\"lazy\" decoding=\"async\" class=\"alignnone size-medium wp-image-7541\" src=\"http:\/\/obispadodezaratecampana.org\/wp-content\/uploads\/2014\/10\/domingo231-300x199.jpg\" alt=\"domingo23\" width=\"300\" height=\"199\" srcset=\"https:\/\/obispadodezaratecampana.org\/wp-content\/uploads\/2014\/10\/domingo231-300x199.jpg 300w, https:\/\/obispadodezaratecampana.org\/wp-content\/uploads\/2014\/10\/domingo231-1024x680.jpg 1024w\" sizes=\"(max-width: 300px) 100vw, 300px\" \/><\/a> <a href=\"http:\/\/obispadodezaratecampana.org\/wp-content\/uploads\/2014\/10\/domingo221.jpg\"><img loading=\"lazy\" decoding=\"async\" class=\"alignnone size-medium wp-image-7542\" src=\"http:\/\/obispadodezaratecampana.org\/wp-content\/uploads\/2014\/10\/domingo221-300x199.jpg\" alt=\"domingo22\" width=\"300\" height=\"199\" srcset=\"https:\/\/obispadodezaratecampana.org\/wp-content\/uploads\/2014\/10\/domingo221-300x199.jpg 300w, https:\/\/obispadodezaratecampana.org\/wp-content\/uploads\/2014\/10\/domingo221-1024x680.jpg 1024w\" sizes=\"(max-width: 300px) 100vw, 300px\" \/><\/a> <a href=\"http:\/\/obispadodezaratecampana.org\/wp-content\/uploads\/2014\/10\/domingo211.jpg\"><img loading=\"lazy\" decoding=\"async\" class=\"alignnone size-medium wp-image-7543\" src=\"http:\/\/obispadodezaratecampana.org\/wp-content\/uploads\/2014\/10\/domingo211-300x199.jpg\" alt=\"domingo21\" width=\"300\" height=\"199\" srcset=\"https:\/\/obispadodezaratecampana.org\/wp-content\/uploads\/2014\/10\/domingo211-300x199.jpg 300w, https:\/\/obispadodezaratecampana.org\/wp-content\/uploads\/2014\/10\/domingo211-1024x680.jpg 1024w\" sizes=\"(max-width: 300px) 100vw, 300px\" \/><\/a><\/p>\n<!-- AddThis Advanced Settings generic via filter on the_content --><!-- AddThis Share Buttons generic via filter on the_content -->","protected":false},"excerpt":{"rendered":"<p>Durante el primer fin de semana de octubre como ya es tradici\u00f3n se llevo a cabo la VIII Misi\u00f3n Juvenil Diocesana, en Maquinista Savio. Si [&hellip;]<!-- AddThis Advanced Settings generic via filter on get_the_excerpt --><!-- AddThis Share Buttons generic via filter on get_the_excerpt --><\/p>\n","protected":false},"author":2,"featured_media":7547,"comment_status":"open","ping_status":"open","sticky":false,"template":"","format":"gallery","meta":{"footnotes":""},"categories":[1],"tags":[],"class_list":["post-7433","post","type-post","status-publish","format-gallery","has-post-thumbnail","hentry","category-noticiasdiocesanas","post_format-post-format-gallery"],"_links":{"self":[{"href":"https:\/\/obispadodezaratecampana.org\/index.php?rest_route=\/wp\/v2\/posts\/7433","targetHints":{"allow":["GET"]}}],"collection":[{"href":"https:\/\/obispadodezaratecampana.org\/index.php?rest_route=\/wp\/v2\/posts"}],"about":[{"href":"https:\/\/obispadodezaratecampana.org\/index.php?rest_route=\/wp\/v2\/types\/post"}],"author":[{"embeddable":true,"href":"https:\/\/obispadodezaratecampana.org\/index.php?rest_route=\/wp\/v2\/users\/2"}],"replies":[{"embeddable":true,"href":"https:\/\/obispadodezaratecampana.org\/index.php?rest_route=%2Fwp%2Fv2%2Fcomments&post=7433"}],"version-history":[{"count":13,"href":"https:\/\/obispadodezaratecampana.org\/index.php?rest_route=\/wp\/v2\/posts\/7433\/revisions"}],"predecessor-version":[{"id":7549,"href":"https:\/\/obispadodezaratecampana.org\/index.php?rest_route=\/wp\/v2\/posts\/7433\/revisions\/7549"}],"wp:featuredmedia":[{"embeddable":true,"href":"https:\/\/obispadodezaratecampana.org\/index.php?rest_route=\/wp\/v2\/media\/7547"}],"wp:attachment":[{"href":"https:\/\/obispadodezaratecampana.org\/index.php?rest_route=%2Fwp%2Fv2%2Fmedia&parent=7433"}],"wp:term":[{"taxonomy":"category","embeddable":true,"href":"https:\/\/obispadodezaratecampana.org\/index.php?rest_route=%2Fwp%2Fv2%2Fcategories&post=7433"},{"taxonomy":"post_tag","embeddable":true,"href":"https:\/\/obispadodezaratecampana.org\/index.php?rest_route=%2Fwp%2Fv2%2Ftags&post=7433"}],"curies":[{"name":"wp","href":"https:\/\/api.w.org\/{rel}","templated":true}]}}