{"id":7323,"date":"2014-10-10T19:23:21","date_gmt":"2014-10-10T22:23:21","guid":{"rendered":"http:\/\/obispadodezaratecampana.org\/?p=7323"},"modified":"2014-10-12T09:29:32","modified_gmt":"2014-10-12T12:29:32","slug":"fiesta-de-la-virgen-en-el-partido-de-pilar","status":"publish","type":"post","link":"https:\/\/obispadodezaratecampana.org\/?p=7323","title":{"rendered":"Fiesta de la Virgen en el partido de Pilar"},"content":{"rendered":"<p>En nuestra p\u00e1gina web hemos publicado con anterioridad lo relativo a los preparativos para las fiestas patronales de la Virgen del Pilar.<\/p>\n<p>En la actualizaci\u00f3n de estado de la Pquia. Ntra. Sra. del Pilar,\u00a0del viernes 10\/10 replicaron esta nota del diario al respecto de estos festejos del partido de Pilar:<\/p>\n<p><strong><span style=\"color: #141823;\">Pilar comienza a vivir un fin de semana con clima de Fiestas Patronales<\/span><\/strong><\/p>\n<p><span style=\"color: #141823;\">Por Diario Resumen el 9 octubre, 2014<\/span><\/p>\n<p><em><span style=\"color: #141823;\">Ma\u00f1ana, estudiantes secundarios montar\u00e1n los puestos escolares. Desde las 15, en el escenario de Bol\u00edvar y Rivadavia, comenzar\u00e1n los espect\u00e1culos art\u00edsticos, con el cierre de Huella Argentina. Y en el Centro Cultural Federal, habr\u00e1 un encuentro coral.<\/span><\/em><br style=\"color: #141823;\" \/><em><span style=\"color: #141823;\">A partir de ma\u00f1ana, Pilar vivir\u00e1 tres d\u00edas inmerso en el clima de las Fiestas Patronales 2014, en honor a Nuestra Se\u00f1o<\/span><span class=\"text_exposed_show\" style=\"color: #141823;\">ra del Pilar. Si bien el comienzo formal de la celebraci\u00f3n fue el \u00faltimo viernes, ma\u00f1ana dar\u00e1 comienzo la actividad fuerte en la plaza 12 de Octubre.<br \/>\nDesde temprano, sobre la calle Hip\u00f3lito Yrigoyen, entre San Mart\u00edn y Rivadavia, los alumnos de escuelas secundarias p\u00fablicas y privadas del distrito armar\u00e1n los tradicionales puestos, con el fin de recaudar fondos para su viaje o su fiesta de egresados. Este a\u00f1o, la tem\u00e1tica son dibujos animados.<br \/>\nEn tanto, desde las 15, comenzar\u00e1n los espect\u00e1culos de artistas locales en el escenario montado sobre la calle Bol\u00edvar y Rivadavia, al costado del Palacio Municipal. A las 20, se presentar\u00e1n por primera vez las aspirantes a reina y el cierre estar\u00e1 a cargo de Huella Argentina.<br \/>\nPor otro lado, a las 20:30, en el Centro Cultural Federal (Chacabuco y Pedro Lagrave), se realizar\u00e1 el Encuentro Coral de la Virgen del Pilar y la celebraci\u00f3n del 46\u00b0 aniversario del Coro Mixto Municipal.<br \/>\nPrograma lit\u00fargico<br \/>\nEl programa lit\u00fargico previsto por la Parroquia Nuestra Se\u00f1ora del Pilar para este fin de semana de Fiestas Patronales comenzar\u00e1 el s\u00e1bado, a partir de las 20, con la Vigilia, que se prolongar\u00e1 hasta las 0 del domingo, en el gimnasio del Instituto Madre del Divino Pastor (entrada por calle Ana Mogas).<br \/>\nEl domingo 12 de octubre (d\u00eda de Nuestra Se\u00f1ora del Pilar), las actividades eclesi\u00e1sticas iniciar\u00e1n a partir de las 10:30, con la misa para ancianos y enfermos en la Parroquia central.<br \/>\nEn tanto, a las 15, dar\u00e1 inicio la Solemne Procesi\u00f3n, partiendo desde el Instituto Madre del Divino Pastor hacia la plaza 12 de Octubre. La imagen que encabezar\u00e1 la marcha, bendecida por el padre Jorge Ritacco, es una figura nueva de la Virgen, similar a la que est\u00e1 en el Altar Mayor, que ya visit\u00f3 distintos barrios del distrito durante la Novena, preparatoria para el festejo del 12 de octubre.<br \/>\nLa Santa Misa Concelebrada oficiada por el obispo de Z\u00e1rate-Campana, Oscar Sarlinga, se realizar\u00e1 a las 16, sobre el escenario montado frente al templo. Finalizada la misa, alrededor de las 18, ser\u00e1 el turno para la presentaci\u00f3n del Coro Mixto Municipal de Pilar, dirigido por Alfredo Quatr\u00edn, para cerrar los actos culturales en el atrio de la iglesia.<br \/>\nSin estacionamiento<br \/>\nDesde la Municipalidad de Pilar informaron que, con motivo de las Fiestas Patronales, tanto viernes como s\u00e1bado no se cobrar\u00e1 estacionamiento medido.<\/span><\/em><\/p>\n<p>Facebook de la Parroquia del Pilar:<\/p>\n<p><a title=\"pilar\" href=\"https:\/\/www.facebook.com\/parroquiadepilar?fref=ts\">https:\/\/www.facebook.com\/parroquiadepilar?fref=ts<\/a><\/p>\n<p><a href=\"http:\/\/obispadodezaratecampana.org\/wp-content\/uploads\/2014\/10\/398322_109222825881168_1559336939_n.jpg\"><img fetchpriority=\"high\" decoding=\"async\" class=\"size-medium wp-image-7324 aligncenter\" src=\"http:\/\/obispadodezaratecampana.org\/wp-content\/uploads\/2014\/10\/398322_109222825881168_1559336939_n-272x300.jpg\" alt=\"398322_109222825881168_1559336939_n\" width=\"272\" height=\"300\" srcset=\"https:\/\/obispadodezaratecampana.org\/wp-content\/uploads\/2014\/10\/398322_109222825881168_1559336939_n-272x300.jpg 272w, https:\/\/obispadodezaratecampana.org\/wp-content\/uploads\/2014\/10\/398322_109222825881168_1559336939_n.jpg 768w\" sizes=\"(max-width: 272px) 100vw, 272px\" \/><\/a><\/p>\n<p>&nbsp;<\/p>\n<p><a href=\"http:\/\/obispadodezaratecampana.org\/wp-content\/uploads\/2014\/10\/10411424_516414811828632_8024477800862935066_n.jpg\"><img decoding=\"async\" class=\"size-medium wp-image-7374 aligncenter\" src=\"http:\/\/obispadodezaratecampana.org\/wp-content\/uploads\/2014\/10\/10411424_516414811828632_8024477800862935066_n-300x201.jpg\" alt=\"10411424_516414811828632_8024477800862935066_n\" width=\"300\" height=\"201\" srcset=\"https:\/\/obispadodezaratecampana.org\/wp-content\/uploads\/2014\/10\/10411424_516414811828632_8024477800862935066_n-300x201.jpg 300w, https:\/\/obispadodezaratecampana.org\/wp-content\/uploads\/2014\/10\/10411424_516414811828632_8024477800862935066_n.jpg 893w\" sizes=\"(max-width: 300px) 100vw, 300px\" \/><\/a><\/p>\n<!-- AddThis Advanced Settings generic via filter on the_content --><!-- AddThis Share Buttons generic via filter on the_content -->","protected":false},"excerpt":{"rendered":"<p>En nuestra p\u00e1gina web hemos publicado con anterioridad lo relativo a los preparativos para las fiestas patronales de la Virgen del Pilar. En la actualizaci\u00f3n [&hellip;]<!-- AddThis Advanced Settings generic via filter on get_the_excerpt --><!-- AddThis Share Buttons generic via filter on get_the_excerpt --><\/p>\n","protected":false},"author":2,"featured_media":7324,"comment_status":"open","ping_status":"open","sticky":false,"template":"","format":"standard","meta":{"footnotes":""},"categories":[3],"tags":[],"class_list":["post-7323","post","type-post","status-publish","format-standard","has-post-thumbnail","hentry","category-noticiasparroquiales"],"_links":{"self":[{"href":"https:\/\/obispadodezaratecampana.org\/index.php?rest_route=\/wp\/v2\/posts\/7323","targetHints":{"allow":["GET"]}}],"collection":[{"href":"https:\/\/obispadodezaratecampana.org\/index.php?rest_route=\/wp\/v2\/posts"}],"about":[{"href":"https:\/\/obispadodezaratecampana.org\/index.php?rest_route=\/wp\/v2\/types\/post"}],"author":[{"embeddable":true,"href":"https:\/\/obispadodezaratecampana.org\/index.php?rest_route=\/wp\/v2\/users\/2"}],"replies":[{"embeddable":true,"href":"https:\/\/obispadodezaratecampana.org\/index.php?rest_route=%2Fwp%2Fv2%2Fcomments&post=7323"}],"version-history":[{"count":3,"href":"https:\/\/obispadodezaratecampana.org\/index.php?rest_route=\/wp\/v2\/posts\/7323\/revisions"}],"predecessor-version":[{"id":7375,"href":"https:\/\/obispadodezaratecampana.org\/index.php?rest_route=\/wp\/v2\/posts\/7323\/revisions\/7375"}],"wp:featuredmedia":[{"embeddable":true,"href":"https:\/\/obispadodezaratecampana.org\/index.php?rest_route=\/wp\/v2\/media\/7324"}],"wp:attachment":[{"href":"https:\/\/obispadodezaratecampana.org\/index.php?rest_route=%2Fwp%2Fv2%2Fmedia&parent=7323"}],"wp:term":[{"taxonomy":"category","embeddable":true,"href":"https:\/\/obispadodezaratecampana.org\/index.php?rest_route=%2Fwp%2Fv2%2Fcategories&post=7323"},{"taxonomy":"post_tag","embeddable":true,"href":"https:\/\/obispadodezaratecampana.org\/index.php?rest_route=%2Fwp%2Fv2%2Ftags&post=7323"}],"curies":[{"name":"wp","href":"https:\/\/api.w.org\/{rel}","templated":true}]}}