{"id":7300,"date":"2014-10-07T03:30:16","date_gmt":"2014-10-07T06:30:16","guid":{"rendered":"http:\/\/obispadodezaratecampana.org\/?p=7300"},"modified":"2014-10-07T03:30:16","modified_gmt":"2014-10-07T06:30:16","slug":"francisco-a-los-padres-sinodales-hablad-claro-escuchad-con-humildad-acoged-con-el-corazon-abierto","status":"publish","type":"post","link":"https:\/\/obispadodezaratecampana.org\/?p=7300","title":{"rendered":"Francisco a los Padres Sinodales: &#8221;Hablad claro, escuchad con humildad, acoged con el coraz\u00f3n abierto&#8221;"},"content":{"rendered":"<p lang=\"es-ES\" style=\"color: #343434;\" align=\"JUSTIFY\"><span style=\"font-weight: inherit; font-style: inherit;\">Ciudad del Vaticano, 6 octubre 2014(VIS).-En la ma\u00f1ana del lunes 6 de octubre, en presencia del Santo Padre, ha tenido lugar en el Aula del S\u00ednodo la Primera Congregaci\u00f3n General del S\u00ednodo de los Obispos sobre &#8221;Los desaf\u00edos pastorales de la familia en el contexto de la evangelizaci\u00f3n&#8221;.El Papa ha saludado a los Padres Sinodales y a todos los colaboradores del S\u00ednodo desde los relatores, a los consultores, pasando por los traductores y a todas las personas que &#8221;han trabajado con entrega, paciencia y competencia durante muchos meses, leyendo, evaluando y elaborando los temas, textos y tareas de esta Asamblea General Extraordinaria&#8221;.<\/span><\/p>\n<p lang=\"es-ES\" style=\"color: #343434;\" align=\"JUSTIFY\">\u00a0&#8221;Os doy la gracias tambi\u00e9n a vosotros, queridos cardenales, patriarcas, obispos, sacerdotes, religiosos y religiosas, laicos y laicas -ha dicho- por vuestra presencia y por vuestra participaci\u00f3n que enriquece los trabajos y el esp\u00edritu de colegialidad y sinodalidad por el bien de la Iglesia y de las familias &#8230;Tra\u00e9is la voz de las Iglesias particulares reunidas a nivel de Iglesias locales mediante las Conferencias Episcopales. La Iglesia universal y las Iglesias particulares son de instituci\u00f3n divina; las Iglesias locales as\u00ed entendidas son de instituci\u00f3n humana. Vosotros traer\u00e9is esta voz en sinodalidad. Es una gran responsabilidad: llevar las realidades y las problem\u00e1ticas de las Iglesias para ayudarlas a caminar por ese camino que es el Evangelio de la familia&#8221;.<\/p>\n<p lang=\"es-ES\" style=\"color: #343434;\" align=\"JUSTIFY\">\u00a0&#8221;Una condici\u00f3n general de base es \u00e9sta: Hablad claro. Que nadie diga: &#8221;Esto no se puede decir; pensar\u00e1n de m\u00ed esto o lo otro&#8230; Hay que decir todo lo que se siente con parres\u00eda&#8230;Despu\u00e9s del \u00faltimo consistorio (febrero de 2014) donde se habl\u00f3 de la familia, un cardenal me escribi\u00f3 diciendo: &#8221;Que pena que algunos cardenales no hayan tenido valor de decir algunas cosas por respeto al Papa, creyendo que, a lo mejor, el Papa pensase algo distinto&#8221;. Esto no est\u00e1 bien. No es sinodalidad, porque hay que decir todo lo que en el Se\u00f1or sentimos que tenemos que decir, sin respeto humano, sin miedo. Y, al mismo tiempo, se tiene que escuchar con humildad y acoger con el coraz\u00f3n abierto lo que dicen los hermanos. Con estas dos actitudes se ejerce la sinodalidad&#8221;<\/p>\n<p lang=\"es-ES\" style=\"color: #343434;\" align=\"JUSTIFY\">\u00a0&#8221;Por eso os pido, por favor -ha insistido Francisco- que teng\u00e1is estas dos actitudes de hermanos en el Se\u00f1or: hablad con parres\u00eda y escuchad con humildad. Y hacedlo con tanta tranquilidad y paz, porque el S\u00ednodo se desarrolla siempre &#8221;cum Petro et sub Petro&#8221; y la presencia del Papa es garant\u00eda para todos y custodia de la fe. Queridos hermanos, colaboremos todos para que se afirme con claridad la din\u00e1mica de la sinodalidad&#8221;.<\/p>\n<p lang=\"es-ES\" style=\"color: #343434;\" align=\"JUSTIFY\">\u00a0Finalizado el breve discurso del Santo Padre y el discurso del presidente de turno, el cardenal Andr\u00e9 Vingt-Trois, arzobispo de Par\u00eds (Francia), ha intervenido el cardenal Lorenzo Baldisseri, Secretario general del S\u00ednodo de los Obispos, para ilustrar en su relaci\u00f3n las diversas etapas de preparaci\u00f3n de esta Asamblea Extraordinaria, el n\u00famero de participantes, las novedades y el trabajo de la Secretar\u00eda del S\u00ednodo desde la \u00faltima Asamblea General Ordinaria celebrada en octubre de 2012 bajo el pontificado de Benedicto XVI y ha concluido con el deseo de que la actual sea &#8221;lugar privilegiado de colegialidad sinodal que anuncia el Evangelio caminando y que est\u00e9 insuflada de una nueva apertura al Esp\u00edritu, de un m\u00e9todo y un estilo de vida y de testimonio que garantice la unidad en la diversidad, la apostolicidad en la catolicidad&#8221;. A continuaci\u00f3n ha tomado la palabra el cardenal Peter Erdo, arzobispo de Esztergom-Budapest (Hungr\u00eda) y relator general del S\u00ednodo, para leer la \u201cRelatio ante disceptationem&#8221;, de la que ofrecemos un resumen en el siguiente art\u00edculo.<\/p>\n<p lang=\"es-ES\" style=\"color: #343434;\" align=\"JUSTIFY\">Fuente: www.news.va<\/p>\n<!-- AddThis Advanced Settings generic via filter on the_content --><!-- AddThis Share Buttons generic via filter on the_content -->","protected":false},"excerpt":{"rendered":"<p>Ciudad del Vaticano, 6 octubre 2014(VIS).-En la ma\u00f1ana del lunes 6 de octubre, en presencia del Santo Padre, ha tenido lugar en el Aula del [&hellip;]<!-- AddThis Advanced Settings generic via filter on get_the_excerpt --><!-- AddThis Share Buttons generic via filter on get_the_excerpt --><\/p>\n","protected":false},"author":2,"featured_media":7301,"comment_status":"open","ping_status":"open","sticky":false,"template":"","format":"standard","meta":{"footnotes":""},"categories":[161],"tags":[],"class_list":["post-7300","post","type-post","status-publish","format-standard","has-post-thumbnail","hentry","category-el-papa-leonxiv"],"_links":{"self":[{"href":"https:\/\/obispadodezaratecampana.org\/index.php?rest_route=\/wp\/v2\/posts\/7300","targetHints":{"allow":["GET"]}}],"collection":[{"href":"https:\/\/obispadodezaratecampana.org\/index.php?rest_route=\/wp\/v2\/posts"}],"about":[{"href":"https:\/\/obispadodezaratecampana.org\/index.php?rest_route=\/wp\/v2\/types\/post"}],"author":[{"embeddable":true,"href":"https:\/\/obispadodezaratecampana.org\/index.php?rest_route=\/wp\/v2\/users\/2"}],"replies":[{"embeddable":true,"href":"https:\/\/obispadodezaratecampana.org\/index.php?rest_route=%2Fwp%2Fv2%2Fcomments&post=7300"}],"version-history":[{"count":1,"href":"https:\/\/obispadodezaratecampana.org\/index.php?rest_route=\/wp\/v2\/posts\/7300\/revisions"}],"predecessor-version":[{"id":7302,"href":"https:\/\/obispadodezaratecampana.org\/index.php?rest_route=\/wp\/v2\/posts\/7300\/revisions\/7302"}],"wp:featuredmedia":[{"embeddable":true,"href":"https:\/\/obispadodezaratecampana.org\/index.php?rest_route=\/wp\/v2\/media\/7301"}],"wp:attachment":[{"href":"https:\/\/obispadodezaratecampana.org\/index.php?rest_route=%2Fwp%2Fv2%2Fmedia&parent=7300"}],"wp:term":[{"taxonomy":"category","embeddable":true,"href":"https:\/\/obispadodezaratecampana.org\/index.php?rest_route=%2Fwp%2Fv2%2Fcategories&post=7300"},{"taxonomy":"post_tag","embeddable":true,"href":"https:\/\/obispadodezaratecampana.org\/index.php?rest_route=%2Fwp%2Fv2%2Ftags&post=7300"}],"curies":[{"name":"wp","href":"https:\/\/api.w.org\/{rel}","templated":true}]}}