{"id":7294,"date":"2014-10-07T02:25:32","date_gmt":"2014-10-07T05:25:32","guid":{"rendered":"http:\/\/obispadodezaratecampana.org\/?p=7294"},"modified":"2014-10-07T02:25:32","modified_gmt":"2014-10-07T05:25:32","slug":"video-viii-mision-juvenil-diocesana-maquinista-savio","status":"publish","type":"post","link":"https:\/\/obispadodezaratecampana.org\/?p=7294","title":{"rendered":"VIDEO: VIII Misi\u00f3n Juvenil Diocesana &#8211; Maquinista Savio"},"content":{"rendered":"<p>El s\u00e1bado 4 de octubre por la noche, durante la VIII MJD &#8211; Maquinista Savio- , los misioneros vieron este video preparado por el equipo de Prensa y Difusi\u00f3n de la misi\u00f3n, coordinado por la Pastoral de Juventud y Vocacional \u00a0de nuestra di\u00f3cesis de Z\u00e1rate- Campana. Este contiene im\u00e1genes y testimonios de lo vivenciado durante el fin de semana.<\/p>\n<p>Este es el enlace del video en youtube:<\/p>\n<p><a title=\"viii mjd\" href=\"http:\/\/www.youtube.com\/watch?v=4_SZkAGtiak&amp;feature=share\">http:\/\/www.youtube.com\/watch?v=4_SZkAGtiak&amp;feature=share<\/a><\/p>\n<p>Facebook de la Pastoral Juvenil :<\/p>\n<p><a title=\"pastoral\" href=\"https:\/\/www.facebook.com\/pastoraljuvenil.zaratecampana?fref=ts\">https:\/\/www.facebook.com\/pastoraljuvenil.zaratecampana?fref=ts<\/a><\/p>\n<!-- AddThis Advanced Settings generic via filter on the_content --><!-- AddThis Share Buttons generic via filter on the_content -->","protected":false},"excerpt":{"rendered":"<p>El s\u00e1bado 4 de octubre por la noche, durante la VIII MJD &#8211; Maquinista Savio- , los misioneros vieron este video preparado por el equipo [&hellip;]<!-- AddThis Advanced Settings generic via filter on get_the_excerpt --><!-- AddThis Share Buttons generic via filter on get_the_excerpt --><\/p>\n","protected":false},"author":2,"featured_media":7295,"comment_status":"open","ping_status":"open","sticky":false,"template":"","format":"standard","meta":{"footnotes":""},"categories":[1],"tags":[],"class_list":["post-7294","post","type-post","status-publish","format-standard","has-post-thumbnail","hentry","category-noticiasdiocesanas"],"_links":{"self":[{"href":"https:\/\/obispadodezaratecampana.org\/index.php?rest_route=\/wp\/v2\/posts\/7294","targetHints":{"allow":["GET"]}}],"collection":[{"href":"https:\/\/obispadodezaratecampana.org\/index.php?rest_route=\/wp\/v2\/posts"}],"about":[{"href":"https:\/\/obispadodezaratecampana.org\/index.php?rest_route=\/wp\/v2\/types\/post"}],"author":[{"embeddable":true,"href":"https:\/\/obispadodezaratecampana.org\/index.php?rest_route=\/wp\/v2\/users\/2"}],"replies":[{"embeddable":true,"href":"https:\/\/obispadodezaratecampana.org\/index.php?rest_route=%2Fwp%2Fv2%2Fcomments&post=7294"}],"version-history":[{"count":1,"href":"https:\/\/obispadodezaratecampana.org\/index.php?rest_route=\/wp\/v2\/posts\/7294\/revisions"}],"predecessor-version":[{"id":7296,"href":"https:\/\/obispadodezaratecampana.org\/index.php?rest_route=\/wp\/v2\/posts\/7294\/revisions\/7296"}],"wp:featuredmedia":[{"embeddable":true,"href":"https:\/\/obispadodezaratecampana.org\/index.php?rest_route=\/wp\/v2\/media\/7295"}],"wp:attachment":[{"href":"https:\/\/obispadodezaratecampana.org\/index.php?rest_route=%2Fwp%2Fv2%2Fmedia&parent=7294"}],"wp:term":[{"taxonomy":"category","embeddable":true,"href":"https:\/\/obispadodezaratecampana.org\/index.php?rest_route=%2Fwp%2Fv2%2Fcategories&post=7294"},{"taxonomy":"post_tag","embeddable":true,"href":"https:\/\/obispadodezaratecampana.org\/index.php?rest_route=%2Fwp%2Fv2%2Ftags&post=7294"}],"curies":[{"name":"wp","href":"https:\/\/api.w.org\/{rel}","templated":true}]}}