{"id":7267,"date":"2014-09-27T20:52:59","date_gmt":"2014-09-27T23:52:59","guid":{"rendered":"http:\/\/obispadodezaratecampana.org\/?p=7267"},"modified":"2014-09-27T20:52:59","modified_gmt":"2014-09-27T23:52:59","slug":"sinodo-de-la-familia","status":"publish","type":"post","link":"https:\/\/obispadodezaratecampana.org\/?p=7267","title":{"rendered":"S\u00ednodo de la Familia"},"content":{"rendered":"<p><span style=\"color: #000000;\">Te invitamos a acceder\u00a0a las \u00faltimas actualizaciones acerca del S\u00ednodo de la Familia haciendo\u00a0<\/span><a href=\"https:\/\/www.aciprensa.com\/noticias\/etiquetas\/sinodo-de-la-familia-2014\/\" target=\"_blank\">click aqu\u00ed<\/a><\/p>\n<p>&nbsp;<\/p>\n<h4>\u00bfQu\u00e9 es el S\u00ednodo de la Familia?<\/h4>\n<p><iframe src=\"\/\/www.youtube.com\/embed\/tTgnga4Dbcs\" width=\"640\" height=\"360\" frameborder=\"0\" allowfullscreen=\"allowfullscreen\"><\/iframe><\/p>\n<p>El 5 de noviembre de 2013 se present\u00f3 en la Santa Sede\u00a0<span style=\"color: #000000;\">el documento preparatorio de la III Asamblea General Extraordinaria del S\u00ednodo de los Obispos cuyo tema es &#8220;Los desaf\u00edos pastorales sobre la\u00a0<\/span>familia<span style=\"color: #000000;\">\u00a0en el contexto de la evangelizaci\u00f3n&#8221; que tendr\u00e1 lugar en el Vaticano del 5 al 19 de octubre de 2014.<\/span><\/p>\n<p>En \u00e9se contexto\u00a0<span style=\"color: #000000;\">Mons. Baldisseri explic\u00f3 que &#8220;la tem\u00e1tica de este S\u00ednodo se inserta en una ruta de trabajo en dos etapas: la primera es, precisamente, la Asamblea General Extraordinaria de 2014 cuyo prop\u00f3sito es precisar el \u2018status quaestionis\u2019 y\u00a0<\/span>recoger testimonios y propuestas de los obispos para anunciar y vivir el Evangelio con credibilidad para la familia<span style=\"color: #000000;\">; la segunda es la Asamblea General Ordinaria, prevista para 2015, cuyo fin es dar las l\u00edneas operativas para la pastoral de la persona humana y de la familia&#8221;. Es decir que es necesario esperar al menos hasta 2015 para recibir las l\u00edneas pastorales definitivas.<\/span><\/p>\n<p>El Arzobispo Bruno Forte dijo que\u00a0<span style=\"color: #000000;\">&#8220;No se trata, en definitiva -dijo-, de debatir asuntos de doctrina, por otra parte explicadas ya por el Magisterio tambi\u00e9n reciente. La invitaci\u00f3n que deriva para toda la Iglesia es escuchar los problemas y expectativas que est\u00e1n viviendo hoy en d\u00eda tantas familias, mostrarse cerca de ellas y ofrecerles de forma cre\u00edble la misericordia de Dios y la belleza de la respuesta a su llamada&#8221;.<\/span><\/p>\n<p>El jueves 26 de junio de 2014 se present\u00f3 en la Santa Sede el &#8220;Instrumentum Laboris&#8221; (Instrumento de Trabajo)\u00a0<span style=\"color: #000000;\">que ser\u00e1 analizado por los obispos durante el S\u00ednodo sobre la\u00a0<\/span>Familia<span style=\"color: #000000;\">\u00a0que se realizar\u00e1 del 5 al 19 de octubre.<\/span><\/p>\n<p style=\"color: #000000;\">El Istrumentum laboris se divide en tres partes.<\/p>\n<p style=\"color: #000000;\">Seg\u00fan explic\u00f3 Radio Vaticana, la primera parte est\u00e1 dedicada a la comunicaci\u00f3n del Evangelio en la familia y se concentra en dos aspectos: las dificultades de comprender el valor de la \u201cley natural\u201d, la dimensi\u00f3n matrimonial entre hombre y mujer; y la tutela que deber\u00edan tener del Estado los n\u00facleos familiares.<\/p>\n<p style=\"color: #000000;\">La segunda parte se centra en la cr\u00edtica situaci\u00f3n que la familia enfrenta en la actualidad: la debilidad de la figura del padre, la fragmentaci\u00f3n debida al divorcio y la separaci\u00f3n, la trata de ni\u00f1os, las\u00a0drogas, el alcoholismo, la ludopat\u00eda. El documento sinodal tambi\u00e9n destaca el impacto laboral en la\u00a0vida\u00a0familiar: las largas jornadas de trabajo, la inseguridad laboral\u2026Otros factores cr\u00edticos son la migraci\u00f3n, la pobreza, el consumismo, las guerras, el\u00a0SIDA, la diversidad de culto entre los c\u00f3nyuges y de ah\u00ed la dificultad de educar a sus hijos.<\/p>\n<p style=\"color: #000000;\">Sobre las uniones\u00a0homosexuales, todas las Conferencias Episcopales se dicen contrarias a la introducci\u00f3n de una ley. Aunque, el &#8220;Instrumentum laboris&#8221;, en su esencia, se\u00f1ala que para las situaciones dif\u00edciles, la\u00a0Iglesia\u00a0no debe asumir una actitud del juez que condena, sino el de una madre que siempre acoge a sus hijos.<\/p>\n<p style=\"color: #000000;\">En la tercera parte est\u00e1 dedicada a la responsabilidad educativa y se\u00f1ala que la ense\u00f1anza de la Iglesia sobre la apertura a la vida por parte de los c\u00f3nyuges es poco conocida y a menudo considerada como una injerencia en la pareja.<\/p>\n<p style=\"color: #000000;\">Para acceder a las \u00faltimas actualizaciones acerca del S\u00ednodo de la Familia hacer <a href=\"https:\/\/www.aciprensa.com\/noticias\/etiquetas\/sinodo-de-la-familia-2014\/\" target=\"_blank\">click aqu\u00ed<\/a><\/p>\n<!-- AddThis Advanced Settings generic via filter on the_content --><!-- AddThis Share Buttons generic via filter on the_content -->","protected":false},"excerpt":{"rendered":"<p>Te invitamos a acceder\u00a0a las \u00faltimas actualizaciones acerca del S\u00ednodo de la Familia haciendo\u00a0click aqu\u00ed &nbsp; \u00bfQu\u00e9 es el S\u00ednodo de la Familia? El 5 [&hellip;]<!-- AddThis Advanced Settings generic via filter on get_the_excerpt --><!-- AddThis Share Buttons generic via filter on get_the_excerpt --><\/p>\n","protected":false},"author":1,"featured_media":7268,"comment_status":"open","ping_status":"open","sticky":false,"template":"","format":"standard","meta":{"footnotes":""},"categories":[5],"tags":[],"class_list":["post-7267","post","type-post","status-publish","format-standard","has-post-thumbnail","hentry","category-generales"],"_links":{"self":[{"href":"https:\/\/obispadodezaratecampana.org\/index.php?rest_route=\/wp\/v2\/posts\/7267","targetHints":{"allow":["GET"]}}],"collection":[{"href":"https:\/\/obispadodezaratecampana.org\/index.php?rest_route=\/wp\/v2\/posts"}],"about":[{"href":"https:\/\/obispadodezaratecampana.org\/index.php?rest_route=\/wp\/v2\/types\/post"}],"author":[{"embeddable":true,"href":"https:\/\/obispadodezaratecampana.org\/index.php?rest_route=\/wp\/v2\/users\/1"}],"replies":[{"embeddable":true,"href":"https:\/\/obispadodezaratecampana.org\/index.php?rest_route=%2Fwp%2Fv2%2Fcomments&post=7267"}],"version-history":[{"count":1,"href":"https:\/\/obispadodezaratecampana.org\/index.php?rest_route=\/wp\/v2\/posts\/7267\/revisions"}],"predecessor-version":[{"id":7269,"href":"https:\/\/obispadodezaratecampana.org\/index.php?rest_route=\/wp\/v2\/posts\/7267\/revisions\/7269"}],"wp:featuredmedia":[{"embeddable":true,"href":"https:\/\/obispadodezaratecampana.org\/index.php?rest_route=\/wp\/v2\/media\/7268"}],"wp:attachment":[{"href":"https:\/\/obispadodezaratecampana.org\/index.php?rest_route=%2Fwp%2Fv2%2Fmedia&parent=7267"}],"wp:term":[{"taxonomy":"category","embeddable":true,"href":"https:\/\/obispadodezaratecampana.org\/index.php?rest_route=%2Fwp%2Fv2%2Fcategories&post=7267"},{"taxonomy":"post_tag","embeddable":true,"href":"https:\/\/obispadodezaratecampana.org\/index.php?rest_route=%2Fwp%2Fv2%2Ftags&post=7267"}],"curies":[{"name":"wp","href":"https:\/\/api.w.org\/{rel}","templated":true}]}}