{"id":7237,"date":"2014-09-26T11:19:05","date_gmt":"2014-09-26T14:19:05","guid":{"rendered":"http:\/\/obispadodezaratecampana.org\/?p=7237"},"modified":"2014-09-26T11:19:05","modified_gmt":"2014-09-26T14:19:05","slug":"encuentro-de-delegados-diocesanos-de-ecumenismo-endedio","status":"publish","type":"post","link":"https:\/\/obispadodezaratecampana.org\/?p=7237","title":{"rendered":"Encuentro de Delegados Diocesanos de Ecumenismo (Endedio)"},"content":{"rendered":"<p>Con el lema \u201cNacer del agua y del Esp\u00edritu\u201d, se desarroll\u00f3 en el Centro Mariapolis &#8220;El Salvador&#8221;, de<\/p>\n<p>Paran\u00e1, el Encuentro de Delegados Diocesanos de Ecumenismo (Endedio). La actividad tuvo lugar<\/p>\n<p>desde la tarde del viernes 19 hasta el domingo 21. El Encuentro gir\u00f3 en torno al tema del bautismo<\/p>\n<p>y a las implicancias ecum\u00e9nicas de la comprensi\u00f3n cat\u00f3lica de dicho sacramento.<\/p>\n<p>La primera charla, el viernes a la tarde, estuvo a cargo del arzobispo de Resistencia, monse\u00f1or<\/p>\n<p>Alfredo Dus. El prelado es doctor en Sagrada Escritura, y en su intervenci\u00f3n habl\u00f3 sobre el<\/p>\n<p>bautismo desde la perspectiva b\u00edblica.<\/p>\n<p>El s\u00e1bado, monse\u00f1or Sergio Buenanueva, obispo de San Francisco y presidente de la Comisi\u00f3n<\/p>\n<p>Episcopal de Ministerios, ilumin\u00f3 la realidad bautismal desde el magisterio, tomando como<\/p>\n<p>referencia especialmente el Catecismo de la Iglesia Cat\u00f3lica.<\/p>\n<p>Durante el s\u00e1bado a la tarde y el domingo a la ma\u00f1ana se cont\u00f3, adem\u00e1s, con espacios de<\/p>\n<p>escucha e intercambio de experiencias ecum\u00e9nicas e interreligiosas, en los cuales los delegados<\/p>\n<p>expusieron luces, sombras y desaf\u00edos de la pastoral ecum\u00e9nica, especialmente en el di\u00e1logo con<\/p>\n<p>las comunidades pentecostales.<\/p>\n<p>La delegaci\u00f3n de Corrientes realiz\u00f3 el ministerio de la m\u00fasica durante el encuentro y sostuvo los<\/p>\n<p>diversos momentos de las celebraciones eucar\u00edsticas, la adoraci\u00f3n al Sant\u00edsimo y la Liturgia de las<\/p>\n<p>Horas.<\/p>\n<p>El clima del encuentro fue fraterno y enriquecedor. Participaron representantes de varias di\u00f3cesis<\/p>\n<p>del pa\u00eds: la actividad se nutri\u00f3 con la presencia de agentes pastorales de La Rioja, Santa Fe, Entre<\/p>\n<p>R\u00edos, C\u00f3rdoba, Corrientes, R\u00edo Negro, Tucum\u00e1n y Buenos AIres.<\/p>\n<p>Tambi\u00e9n participaron del encuentro el arzobispo de C\u00f3rdoba y presidente de la Comisi\u00f3n<\/p>\n<p>Episcopal para el Ecumenismo y el Di\u00e1logo Interreligioso, monse\u00f1or Carlos \u00d1\u00e1\u00f1ez, y su obispo<\/p>\n<p>a uxiliar, monse\u00f1or Pedro Torres. Los participante delegados diocesanos como de la Prelatura<\/p>\n<p>del Opus dei y de algunos movimiento- Focolares entre ellos-fluctuaron a lo largo de tres d\u00edas<\/p>\n<p>del encuentro.Como delegada docesana de Zarate-C ampana al mismo particip\u00f2 la srta. Beatriz<\/p>\n<p>Legaza, consocia de los Amigos de Santa Br\u00ecgida de Suecia, vicepresidente del Comitium Ntra. Sra.<\/p>\n<p>de los Dolores (Campana) y estrecha colaboradora de la Comisi\u00f2n Diocesana de Ecumenismo y<\/p>\n<p>Di\u00e0logo Interreligioso de Z\u00e0rate Campana, presidida por nuestro obispo Monse\u00f1or Oscar Sarlinga,<\/p>\n<p>y siendo su moderador primero el Pbro. N\u00e8stor Daniel Villa- impedido de asistir este a\u00f1o- quien<\/p>\n<p>elabor\u00f2 un minucioso informe seg\u00fan la plantilla de la Comisi\u00f2n Episcopal enviada previamente al<\/p>\n<p>efecto.<\/p>\n<p>En la foto se puede apreciar a nuestra delegada en un momento de recreaci\u00f3n , la s\u00e9ptima de pie<\/p>\n<p>contando la segunda hilera en fondo, de izquierda a derecha, con el logo identificatorio visible.<\/p>\n<!-- AddThis Advanced Settings generic via filter on the_content --><!-- AddThis Share Buttons generic via filter on the_content -->","protected":false},"excerpt":{"rendered":"<p>Con el lema \u201cNacer del agua y del Esp\u00edritu\u201d, se desarroll\u00f3 en el Centro Mariapolis &#8220;El Salvador&#8221;, de Paran\u00e1, el Encuentro de Delegados Diocesanos de [&hellip;]<!-- AddThis Advanced Settings generic via filter on get_the_excerpt --><!-- AddThis Share Buttons generic via filter on get_the_excerpt --><\/p>\n","protected":false},"author":1,"featured_media":7238,"comment_status":"open","ping_status":"open","sticky":false,"template":"","format":"standard","meta":{"footnotes":""},"categories":[4],"tags":[],"class_list":["post-7237","post","type-post","status-publish","format-standard","has-post-thumbnail","hentry","category-movimientosinstituciones"],"_links":{"self":[{"href":"https:\/\/obispadodezaratecampana.org\/index.php?rest_route=\/wp\/v2\/posts\/7237","targetHints":{"allow":["GET"]}}],"collection":[{"href":"https:\/\/obispadodezaratecampana.org\/index.php?rest_route=\/wp\/v2\/posts"}],"about":[{"href":"https:\/\/obispadodezaratecampana.org\/index.php?rest_route=\/wp\/v2\/types\/post"}],"author":[{"embeddable":true,"href":"https:\/\/obispadodezaratecampana.org\/index.php?rest_route=\/wp\/v2\/users\/1"}],"replies":[{"embeddable":true,"href":"https:\/\/obispadodezaratecampana.org\/index.php?rest_route=%2Fwp%2Fv2%2Fcomments&post=7237"}],"version-history":[{"count":1,"href":"https:\/\/obispadodezaratecampana.org\/index.php?rest_route=\/wp\/v2\/posts\/7237\/revisions"}],"predecessor-version":[{"id":7239,"href":"https:\/\/obispadodezaratecampana.org\/index.php?rest_route=\/wp\/v2\/posts\/7237\/revisions\/7239"}],"wp:featuredmedia":[{"embeddable":true,"href":"https:\/\/obispadodezaratecampana.org\/index.php?rest_route=\/wp\/v2\/media\/7238"}],"wp:attachment":[{"href":"https:\/\/obispadodezaratecampana.org\/index.php?rest_route=%2Fwp%2Fv2%2Fmedia&parent=7237"}],"wp:term":[{"taxonomy":"category","embeddable":true,"href":"https:\/\/obispadodezaratecampana.org\/index.php?rest_route=%2Fwp%2Fv2%2Fcategories&post=7237"},{"taxonomy":"post_tag","embeddable":true,"href":"https:\/\/obispadodezaratecampana.org\/index.php?rest_route=%2Fwp%2Fv2%2Ftags&post=7237"}],"curies":[{"name":"wp","href":"https:\/\/api.w.org\/{rel}","templated":true}]}}