{"id":7233,"date":"2014-09-25T19:21:40","date_gmt":"2014-09-25T22:21:40","guid":{"rendered":"http:\/\/obispadodezaratecampana.org\/?p=7233"},"modified":"2014-09-25T19:21:41","modified_gmt":"2014-09-25T22:21:41","slug":"francisco-hace-un-balance-de-su-viaje-a-albania","status":"publish","type":"post","link":"https:\/\/obispadodezaratecampana.org\/?p=7233","title":{"rendered":"Francisco hace un balance de su viaje a Albania"},"content":{"rendered":"<p>El Papa Francisco hace balance de su viaje a Albania, en la catequesis de la audiencia general del mi\u00e9rcoles 24 de septiembre de 2014<\/p>\n<p>Queridos hermanos y hermanas, \u00a1buenos d\u00edas!<span id=\"more-72271\"><\/span><\/p>\n<p>Hoy quisiera hablar del Viaje Apost\u00f3lico que he realizado a Albania el domingo pasado. Lo hago, sobre todo, como acto de agradecimiento a Dios, que me ha concedido el poder realizar esta visita para demostrar, incluso f\u00edsicamente y en modo tangible, mi cercan\u00eda y la de toda la Iglesia a este pueblo. Deseo por tanto renovar mi fraterno reconocimiento al Episcopado alban\u00e9s, a los sacerdotes y a los religiosos y religiosas que obran con tanto empe\u00f1o. Mi agradecido pensamiento se dirige tambi\u00e9n a las Autoridades que me han acogido con tanta cortes\u00eda, como tambi\u00e9n a cuantos han cooperado para la realizaci\u00f3n de la visita.<\/p>\n<p>Esta visita naci\u00f3 del deseo de ir a un pa\u00eds que luego de haber estado por largo tiempo oprimido por un r\u00e9gimen ateo e inhumano, est\u00e1 viviendo una experiencia de pac\u00edfica convivencia entre sus diversas componentes religiosas. Me parec\u00eda importante alentarlo en este camino, para que lo contin\u00fae con tenacidad y profundice todas las consecuencias a favor del bien com\u00fan. Por esto, al centro del viaje estuvo un encuentro interreligioso donde he podido constatar, con viva satisfacci\u00f3n, que la pac\u00edfica y fructuosa convivencia entre personas y comunidades pertenecientes a religiones diversas es no s\u00f3lo de esperar, sino concretamente posible y practicable. \u00a1Ellos la practican! Se trata de una di\u00e1logo aut\u00e9ntico y fruct\u00edfero que rechaza el relativismo y tiene en cuenta la identidad de cada uno. Lo que acomuna a las varias expresiones religiosas, en efecto, es el camino de la vida, la buena voluntad de hacer el bien al pr\u00f3jimo, no renegando o disminuyendo las respectivas identidades.<\/p>\n<p>El encuentro con los sacerdotes, las personas consagradas, los seminaristas y los movimientos laicales ha sido la ocasi\u00f3n para hacer grata memoria, con acentos de particular conmoci\u00f3n, de los numerosos m\u00e1rtires de la fe. Gracias a la presencia de algunos ancianos, que han vivido sobre su propia carne las terribles persecuciones, ha resonado la fe de tantos heroicos testigos del pasado, los cuales han seguido a Cristo hasta las extremas consecuencias. Es precisamente de la uni\u00f3n \u00edntima con Jes\u00fas, de la relaci\u00f3n de amor con \u00c9l que ha brotado para estos m\u00e1rtires \u2013 como para todo m\u00e1rtir \u2013 la fuerza de afrontar los acontecimientos dolorosos que los han conducido al martirio. Tambi\u00e9n hoy, como ayer, la fuerza de la Iglesia no es dada tanto por las capacidades organizativas o por las estructuras, que son tambi\u00e9n necesarias. \u00a1Pero su fuerza la Iglesia no la encuentra all\u00ed! \u00a1Nuestra fuerza es el amor de Cristo! Una fuerza que nos sostiene en los momentos de dificultad y que inspira la actual acci\u00f3n apost\u00f3lica, para ofrecer a todos bondad y perd\u00f3n, dando testimonio as\u00ed de la misericordia de Dios.<\/p>\n<p>Recorriendo la avenida principal de Tirana que desde el aeropuerto lleva a la gran plaza central, pude ver los retratos de los cuarenta sacerdotes asesinados durante la dictadura comunista y para quienes se ha iniciado la causa de beatificaci\u00f3n. Estos se suman a los cientos de cristianos y musulmanes asesinados, torturados, encarcelados y deportados s\u00f3lo porque cre\u00edan en Dios. Fueron a\u00f1os oscuros, durante los cuales fue arrasada la libertad religiosa y estaba prohibido creer en Dios, miles de iglesias y mezquitas fueron destruidas, convertidas en almacenes y salas de cine que propagaban la ideolog\u00eda marxista, los libros religiosos fueron quemados y a los padres se les prohibi\u00f3 poner a sus hijos los nombres religiosos de los antepasados.<\/p>\n<p>El recuerdo de estos eventos dram\u00e1ticos es esencial para el futuro de un pueblo. La memoria de los m\u00e1rtires que han resistido en la fe es garant\u00eda para el destino de Albania; porque su sangre no fue derramada en vano, sino que es una semilla que traer\u00e1 frutos de paz y de colaboraci\u00f3n fraterna. Hoy, de hecho, Albania es un ejemplo no s\u00f3lo de renacimiento de la Iglesia, sino tambi\u00e9n de la convivencia pac\u00edfica entre las religiones. Por lo tanto, los m\u00e1rtires no son los vencidos, sino los vencedores: en su heroico testimonio brilla la omnipotencia de Dios, que siempre consuela a su pueblo, abriendo nuevos caminos y horizontes de esperanza.<\/p>\n<p>Este mensaje de esperanza, fundado sobre la fe en Cristo y en la memoria del pasado, lo he confiado a toda la poblaci\u00f3n albanesa que he visto entusiasta y alegre en los lugares de los encuentros y celebraciones, as\u00ed como en las calles de Tirana. He animado a todos a sacar energ\u00edas siempre nuevas del Se\u00f1or resucitado, para poder ser levadura evang\u00e9lica en la sociedad y comprometerse, como ya sucede, en actividades caritativas y educativas.<\/p>\n<p>Una vez m\u00e1s doy las gracias al Se\u00f1or porque, con este viaje, me ha hecho encontrar a un pueblo valiente y fuerte, que no se dej\u00f3 doblar por el dolor. A los hermanos y hermanas de Albania renuevo la invitaci\u00f3n a la valent\u00eda del bien, para construir el presente y el futuro de su pa\u00eds y de Europa. Encomiendo los frutos de mi visita a la Virgen del Buen Consejo, que se venera en el Santuario de Scutari, para que Ella contin\u00fae a guiar el camino de este pueblo-m\u00e1rtir. La dura experiencia del pasado lo arraigue siempre m\u00e1s en la apertura hacia los hermanos, especialmente los m\u00e1s d\u00e9biles, y lo haga protagonista de aquel dinamismo de la caridad, tan necesario en el contexto socio-cultural de hoy. Quisiera que todos nosotros saludemos hoy a este pueblo valiente y trabajador que, en paz, busca la unidad.<\/p>\n<p>Fuente: www.revistaecclesia.com<\/p>\n<div class=\"ratingblock \">\n<div class=\"ratingheader \"><\/div>\n<div class=\"ratingstars \">\n<div id=\"article_rater_72271\" class=\"ratepost gdsr-oxygen gdsr-size-24\">\n<div class=\"starsbar gdsr-size-24\">\n<div class=\"gdouter gdheight\">\n<div id=\"gdr_vote_a72271\" class=\"gdinner gdheight\"><\/div>\n<\/div>\n<\/div>\n<\/div>\n<\/div>\n<\/div>\n<!-- AddThis Advanced Settings generic via filter on the_content --><!-- AddThis Share Buttons generic via filter on the_content -->","protected":false},"excerpt":{"rendered":"<p>El Papa Francisco hace balance de su viaje a Albania, en la catequesis de la audiencia general del mi\u00e9rcoles 24 de septiembre de 2014 Queridos [&hellip;]<!-- AddThis Advanced Settings generic via filter on get_the_excerpt --><!-- AddThis Share Buttons generic via filter on get_the_excerpt --><\/p>\n","protected":false},"author":2,"featured_media":7234,"comment_status":"open","ping_status":"open","sticky":false,"template":"","format":"standard","meta":{"footnotes":""},"categories":[161],"tags":[],"class_list":["post-7233","post","type-post","status-publish","format-standard","has-post-thumbnail","hentry","category-el-papa-leonxiv"],"_links":{"self":[{"href":"https:\/\/obispadodezaratecampana.org\/index.php?rest_route=\/wp\/v2\/posts\/7233","targetHints":{"allow":["GET"]}}],"collection":[{"href":"https:\/\/obispadodezaratecampana.org\/index.php?rest_route=\/wp\/v2\/posts"}],"about":[{"href":"https:\/\/obispadodezaratecampana.org\/index.php?rest_route=\/wp\/v2\/types\/post"}],"author":[{"embeddable":true,"href":"https:\/\/obispadodezaratecampana.org\/index.php?rest_route=\/wp\/v2\/users\/2"}],"replies":[{"embeddable":true,"href":"https:\/\/obispadodezaratecampana.org\/index.php?rest_route=%2Fwp%2Fv2%2Fcomments&post=7233"}],"version-history":[{"count":1,"href":"https:\/\/obispadodezaratecampana.org\/index.php?rest_route=\/wp\/v2\/posts\/7233\/revisions"}],"predecessor-version":[{"id":7235,"href":"https:\/\/obispadodezaratecampana.org\/index.php?rest_route=\/wp\/v2\/posts\/7233\/revisions\/7235"}],"wp:featuredmedia":[{"embeddable":true,"href":"https:\/\/obispadodezaratecampana.org\/index.php?rest_route=\/wp\/v2\/media\/7234"}],"wp:attachment":[{"href":"https:\/\/obispadodezaratecampana.org\/index.php?rest_route=%2Fwp%2Fv2%2Fmedia&parent=7233"}],"wp:term":[{"taxonomy":"category","embeddable":true,"href":"https:\/\/obispadodezaratecampana.org\/index.php?rest_route=%2Fwp%2Fv2%2Fcategories&post=7233"},{"taxonomy":"post_tag","embeddable":true,"href":"https:\/\/obispadodezaratecampana.org\/index.php?rest_route=%2Fwp%2Fv2%2Ftags&post=7233"}],"curies":[{"name":"wp","href":"https:\/\/api.w.org\/{rel}","templated":true}]}}