{"id":7214,"date":"2014-09-25T18:31:28","date_gmt":"2014-09-25T21:31:28","guid":{"rendered":"http:\/\/obispadodezaratecampana.org\/?p=7214"},"modified":"2014-09-25T19:02:20","modified_gmt":"2014-09-25T22:02:20","slug":"francisco-habla-con-los-periodistas-de-su-emocion-durante-la-visita-a-albania","status":"publish","type":"post","link":"https:\/\/obispadodezaratecampana.org\/?p=7214","title":{"rendered":"Francisco habla con los periodistas de su emoci\u00f3n durante la visita a Albania"},"content":{"rendered":"<p>Ciudad del Vaticano, 22 septiembre 2014 (VIS).-En el vuelo de regreso a Roma, el Santo Padre respondi\u00f3 a las preguntas de tres periodistas albaneses que hab\u00edan cubierto su viaje apost\u00f3lico a Albania. Reproducimos a continuaci\u00f3n las preguntas de los informadores y las respuestas del Papa Francisco.<\/p>\n<p><em>P. \u00bfSu Santidad comenz\u00f3 el viaje con una idea sobre los albaneses? Personas que han sufrido, pero que tambi\u00e9n son tolerantes. \u00bfHa encontrado alguna otra cualidad&#8230; justa para que el \u00e1guila vuelva al nido?<\/em><\/p>\n<p>(Papa Francisco) -&#8221;El alban\u00e9s no es solamente tolerante: es hermano .Tiene la capacidad de la fraternidad, y todav\u00eda m\u00e1s: esto se nota en la convivencia, en la colaboraci\u00f3n entre: isl\u00e1micos, ortodoxos y cat\u00f3licos. Colaboran juntos, pero como hermanos. Y luego,algo que me llam\u00f3 la atenci\u00f3n desde el principio, es la juventud del pa\u00eds..el m\u00e1s joven de Europa. Pero se ve que Albania tiene un desarrollo superior en la cultura y tambi\u00e9n en el gobierno, gracias a esta hermandad&#8221;.<\/p>\n<p><em>P &#8211; Desplaz\u00e1ndose por el bulevar principal de Tirana, bajo los retratos de los sacerdotes martirizados durante el r\u00e9gimen comunista, en un pa\u00eds donde el ate\u00edsmo de Estado estuvo impuesto hasta hace 25 a\u00f1os \u00bfQue ha sentido?<\/em><\/p>\n<p>(Papa Francisco) -&#8221;Estuve estudiando durante dos meses ese per\u00edodo tan dif\u00edcil de Albania, para entenderlo y estudi\u00e9 tambi\u00e9n los or\u00edgenes. Vuestras ra\u00edces culturales, son hermosa y fuertes, de gran cultura, desde el principio. Por lo que respecta a aquel per\u00edodo fue un per\u00edodo cruel: el nivel de crueldad era terrible. Cuando vi aquellas fotos&#8230; pero no s\u00f3lo fueron cat\u00f3licos, tambi\u00e9n los ortodoxos, tambi\u00e9n los musulmanes, &#8230; y cuando pens\u00e9 en lo que les dec\u00edan: &#8220;No tienes que creer en Dios&#8221; . &#8220;Yo creo&#8221; . Y \u00a1bum!, los mataban. Por eso digo que los tres componentes religiosos han dado testimonio de Dios y ahora dan testimonio de la fraternidad&#8221;.<\/p>\n<p><em>P. -Albania es un pa\u00eds de mayor\u00eda musulmana. Pero su visita ha tenido lugar en un momento en que la situaci\u00f3n mundial es muy inestable: Usted mismo ha dicho que la tercera guerra mundial ya ha comenzado. Su mensaje en esta visita \u00bfes s\u00f3lo para los albaneses, o va m\u00e1s all\u00e1?<\/em><\/p>\n<p>(Papa Francisco) &#8211; &#8221;No: va m\u00e1s all\u00e1. Albania ha construido un camino de paz, de convivencia y de cooperaci\u00f3n que va m\u00e1s all\u00e1, toca a otros pa\u00edses que tambi\u00e9n tienen ra\u00edces \u00e9tnicas diferentes..Es un pa\u00eds de mayor\u00eda musulmana en s\u00ed, pero no es un pa\u00eds musulm\u00e1n. Es un pa\u00eds europeo&#8230;. Albania es un pa\u00eds de Europa, por su cultura, la cultura de la convivencia, tambi\u00e9n por la cultura hist\u00f3rica que ha tenido&#8221;.<\/p>\n<p><em>P.- Despu\u00e9s de Albania \u00bfcu\u00e1les son los pr\u00f3ximos viajes?<\/em><\/p>\n<p>(Papa Francisco) &#8211; &#8221;El 25 de noviembre a Estrasburgo, para hablar ante el Consejo de Europa y el Parlamento Europeo, Y luego, el 28 &#8211; tal vez &#8211; Turqu\u00eda, para estar all\u00ed en la festividad de San Andr\u00e9s, con el patriarca Bartolom\u00e9&#8221;.<\/p>\n<p><em>P- Hemos visto que tiene una visi\u00f3n de Albania diferente de la de los europeos&#8230; Ha elegido visitar como primer pa\u00eds de Europa uno de la periferia, uno que no pertenece a la la Uni\u00f3n Europea. \u00bfQu\u00e9 puede decir a los que miran s\u00f3lo a Europa de los &#8221;poderosos&#8221;?<\/em><\/p>\n<p>(Papa Francisco) &#8211; &#8221;Mi viaje ha sido un mensaje, una se\u00f1al que he querido dar.&#8221;&#8217;<\/p>\n<p><em>P- Todos le hemos visto llorar, creo que por primera vez. \u00bfSe conmovi\u00f3 mucho en el encuentro con el clero que parece haber sido el momento m\u00e1s emotivo de su viaje?<\/em><\/p>\n<p>(Papa Francisco) &#8211; &#8221;Escuchar a un m\u00e1rtir hablar de su martirio, \u00a1es muy fuerte! Creo que todos los que est\u00e1bamos all\u00ed, est\u00e1bamos emocionados: todos. Y esos testigos hablaban como si estuvieran hablando de otro, con una sencillez y una humildad. Me hizo mucho bien&#8230;&#8221;<\/p>\n<p>Fuente: www.news.va<\/p>\n<!-- AddThis Advanced Settings generic via filter on the_content --><!-- AddThis Share Buttons generic via filter on the_content -->","protected":false},"excerpt":{"rendered":"<p>Ciudad del Vaticano, 22 septiembre 2014 (VIS).-En el vuelo de regreso a Roma, el Santo Padre respondi\u00f3 a las preguntas de tres periodistas albaneses que [&hellip;]<!-- AddThis Advanced Settings generic via filter on get_the_excerpt --><!-- AddThis Share Buttons generic via filter on get_the_excerpt --><\/p>\n","protected":false},"author":2,"featured_media":7231,"comment_status":"open","ping_status":"open","sticky":false,"template":"","format":"standard","meta":{"footnotes":""},"categories":[161],"tags":[],"class_list":["post-7214","post","type-post","status-publish","format-standard","has-post-thumbnail","hentry","category-el-papa-leonxiv"],"_links":{"self":[{"href":"https:\/\/obispadodezaratecampana.org\/index.php?rest_route=\/wp\/v2\/posts\/7214","targetHints":{"allow":["GET"]}}],"collection":[{"href":"https:\/\/obispadodezaratecampana.org\/index.php?rest_route=\/wp\/v2\/posts"}],"about":[{"href":"https:\/\/obispadodezaratecampana.org\/index.php?rest_route=\/wp\/v2\/types\/post"}],"author":[{"embeddable":true,"href":"https:\/\/obispadodezaratecampana.org\/index.php?rest_route=\/wp\/v2\/users\/2"}],"replies":[{"embeddable":true,"href":"https:\/\/obispadodezaratecampana.org\/index.php?rest_route=%2Fwp%2Fv2%2Fcomments&post=7214"}],"version-history":[{"count":1,"href":"https:\/\/obispadodezaratecampana.org\/index.php?rest_route=\/wp\/v2\/posts\/7214\/revisions"}],"predecessor-version":[{"id":7215,"href":"https:\/\/obispadodezaratecampana.org\/index.php?rest_route=\/wp\/v2\/posts\/7214\/revisions\/7215"}],"wp:featuredmedia":[{"embeddable":true,"href":"https:\/\/obispadodezaratecampana.org\/index.php?rest_route=\/wp\/v2\/media\/7231"}],"wp:attachment":[{"href":"https:\/\/obispadodezaratecampana.org\/index.php?rest_route=%2Fwp%2Fv2%2Fmedia&parent=7214"}],"wp:term":[{"taxonomy":"category","embeddable":true,"href":"https:\/\/obispadodezaratecampana.org\/index.php?rest_route=%2Fwp%2Fv2%2Fcategories&post=7214"},{"taxonomy":"post_tag","embeddable":true,"href":"https:\/\/obispadodezaratecampana.org\/index.php?rest_route=%2Fwp%2Fv2%2Ftags&post=7214"}],"curies":[{"name":"wp","href":"https:\/\/api.w.org\/{rel}","templated":true}]}}