{"id":7212,"date":"2014-09-25T18:20:24","date_gmt":"2014-09-25T21:20:24","guid":{"rendered":"http:\/\/obispadodezaratecampana.org\/?p=7212"},"modified":"2014-09-25T19:10:01","modified_gmt":"2014-09-25T22:10:01","slug":"comision-especial-de-estudio-para-la-reforma-del-proceso-matrimonial","status":"publish","type":"post","link":"https:\/\/obispadodezaratecampana.org\/?p=7212","title":{"rendered":"Comisi\u00f3n especial de estudio para la reforma del proceso matrimonial"},"content":{"rendered":"<p>Ciudad del Vaticano, 20 septiembre 2014 (VIS).- El Santo Padre, con fecha 27 de agosto ha decidido la instituci\u00f3n de una Comisi\u00f3n especial de estudio para la reforma del proceso matrimonial can\u00f3nico. La comisi\u00f3n estar\u00e1 presidida por el arzobispo .Pio Vito Pinto, decano del Tribunal de la Rota Romana y sus miembros ser\u00e1n: el cardenal Francesco Coccopalmerio, Presidente del Pontificio Consejo para los Textos Legislativos, los arzobispos Luis Francisco Ladaria Ferrer, SJ, Secretario de la Congregaci\u00f3n para la Doctrina de la Fe y .Dimitrios Salachas, exarca apost\u00f3lico para los cat\u00f3licos griegos de rito bizantino, los monse\u00f1ores Maurice Monier, .Leo Xavier Michael Arokiaraj y .Alejandro W. Bunge, prelados auditores del Tribunal de la Rota Romana; los padres .Konstanc Miroslav Adam, O.P. Rector Magn\u00edfico de la Universidad Pontificia Santo Tom\u00e1s de Aquino (Angelicum) y Jorge Horta Espinoza, OFM, Decano de la Facultad de Derecho Can\u00f3nico de la Universidad Pontificia Antonianum y el profesor Paolo Moneta, ex docente de Derecho Can\u00f3nico en la Universidad de Pisa (Italia).<br \/>\nLos trabajos de la Comisi\u00f3n Especial empezar\u00e1n lo antes posible y su objetivo es preparar una propuesta de reforma del proceso matrimonial para simplificar el procedimiento, agiliz\u00e1ndola y salvaguardando el principio de indisolubilidad del matrimonio.<\/p>\n<p>Fuente: www.news.va<\/p>\n<!-- AddThis Advanced Settings generic via filter on the_content --><!-- AddThis Share Buttons generic via filter on the_content -->","protected":false},"excerpt":{"rendered":"<p>Ciudad del Vaticano, 20 septiembre 2014 (VIS).- El Santo Padre, con fecha 27 de agosto ha decidido la instituci\u00f3n de una Comisi\u00f3n especial de estudio [&hellip;]<!-- AddThis Advanced Settings generic via filter on get_the_excerpt --><!-- AddThis Share Buttons generic via filter on get_the_excerpt --><\/p>\n","protected":false},"author":2,"featured_media":7232,"comment_status":"open","ping_status":"open","sticky":false,"template":"","format":"standard","meta":{"footnotes":""},"categories":[161],"tags":[],"class_list":["post-7212","post","type-post","status-publish","format-standard","has-post-thumbnail","hentry","category-el-papa-leonxiv"],"_links":{"self":[{"href":"https:\/\/obispadodezaratecampana.org\/index.php?rest_route=\/wp\/v2\/posts\/7212","targetHints":{"allow":["GET"]}}],"collection":[{"href":"https:\/\/obispadodezaratecampana.org\/index.php?rest_route=\/wp\/v2\/posts"}],"about":[{"href":"https:\/\/obispadodezaratecampana.org\/index.php?rest_route=\/wp\/v2\/types\/post"}],"author":[{"embeddable":true,"href":"https:\/\/obispadodezaratecampana.org\/index.php?rest_route=\/wp\/v2\/users\/2"}],"replies":[{"embeddable":true,"href":"https:\/\/obispadodezaratecampana.org\/index.php?rest_route=%2Fwp%2Fv2%2Fcomments&post=7212"}],"version-history":[{"count":1,"href":"https:\/\/obispadodezaratecampana.org\/index.php?rest_route=\/wp\/v2\/posts\/7212\/revisions"}],"predecessor-version":[{"id":7213,"href":"https:\/\/obispadodezaratecampana.org\/index.php?rest_route=\/wp\/v2\/posts\/7212\/revisions\/7213"}],"wp:featuredmedia":[{"embeddable":true,"href":"https:\/\/obispadodezaratecampana.org\/index.php?rest_route=\/wp\/v2\/media\/7232"}],"wp:attachment":[{"href":"https:\/\/obispadodezaratecampana.org\/index.php?rest_route=%2Fwp%2Fv2%2Fmedia&parent=7212"}],"wp:term":[{"taxonomy":"category","embeddable":true,"href":"https:\/\/obispadodezaratecampana.org\/index.php?rest_route=%2Fwp%2Fv2%2Fcategories&post=7212"},{"taxonomy":"post_tag","embeddable":true,"href":"https:\/\/obispadodezaratecampana.org\/index.php?rest_route=%2Fwp%2Fv2%2Ftags&post=7212"}],"curies":[{"name":"wp","href":"https:\/\/api.w.org\/{rel}","templated":true}]}}