{"id":7199,"date":"2014-09-23T08:54:36","date_gmt":"2014-09-23T11:54:36","guid":{"rendered":"http:\/\/obispadodezaratecampana.org\/?p=7199"},"modified":"2014-09-23T08:54:36","modified_gmt":"2014-09-23T11:54:36","slug":"vii-encuentro-diocesano-de-la-iam","status":"publish","type":"post","link":"https:\/\/obispadodezaratecampana.org\/?p=7199","title":{"rendered":"VII Encuentro Diocesano de la IAM"},"content":{"rendered":"<p>Compartimos la invitaci\u00f3n de la IAM Diocesana:<\/p>\n<p><em>Se viene! Se viene! Te lo vas a perder? NOOOOOOO!!!<\/em><br \/>\n<em>VII Encuentro Diocesano de Infancia y Adolescencia Misionera.<\/em><br \/>\n<em>Este a\u00f1o la cita es el Domingo 28 de Septiembre en el Instituto Mar\u00eda Madre Nuestra de Manuel Alberti, Pilar.<\/em><br \/>\n<em>\u00bfC\u00f3mo participar?<\/em><br \/>\n<em>-Si sos de la IAM, habl\u00e1 con tus animadores as\u00ed se organizan para venir con todo el grupo.<\/em><br \/>\n<em>-Si ya no form\u00e1s parte de un grupo pod\u00e9s venir por tu cuenta, acompa\u00f1ado por tus padres o un mayor responsable. <\/em><br \/>\n<em>-Si sos mayor de 14 a\u00f1os y quer\u00e9s venir a prestar servicio ese d\u00eda, comunicate con nosotros por mensaje privado. <\/em><br \/>\n<em>-Y si quer\u00e9s acompa\u00f1ar nuestra misi\u00f3n y la preparaci\u00f3n de este encuentro, por favor, rez\u00e1 por nosotros. Sin el soplo del Esp\u00edritu Santo, nada podemos&#8230;<\/em><\/p>\n<p><em>Los esperamos para compartir la alegr\u00eda de anunciar la paz de Jes\u00fas y la misi\u00f3n de ser <\/em><br \/>\n<em>\u00a1DE LOS NI\u00d1OS Y ADOLESCENTES DEL MUNDO&#8230;<\/em><br \/>\n<em>&#8230;SIEMPRE AMIGOS!!!\u00a0<\/em><\/p>\n<p>Mas informes:\u00a0<a title=\"iam\" href=\"https:\/\/www.facebook.com\/iamdiocesana.zaratecampana?fref=ts\">https:\/\/www.facebook.com\/iamdiocesana.zaratecampana?fref=ts<\/a><\/p>\n<p><a href=\"http:\/\/obispadodezaratecampana.org\/wp-content\/uploads\/2014\/09\/10670175_736416139726776_2371369186197821515_n.jpg\"><img fetchpriority=\"high\" decoding=\"async\" class=\"size-medium wp-image-7200 aligncenter\" src=\"http:\/\/obispadodezaratecampana.org\/wp-content\/uploads\/2014\/09\/10670175_736416139726776_2371369186197821515_n-300x300.jpg\" alt=\"10670175_736416139726776_2371369186197821515_n\" width=\"300\" height=\"300\" srcset=\"https:\/\/obispadodezaratecampana.org\/wp-content\/uploads\/2014\/09\/10670175_736416139726776_2371369186197821515_n-300x300.jpg 300w, https:\/\/obispadodezaratecampana.org\/wp-content\/uploads\/2014\/09\/10670175_736416139726776_2371369186197821515_n-150x150.jpg 150w, https:\/\/obispadodezaratecampana.org\/wp-content\/uploads\/2014\/09\/10670175_736416139726776_2371369186197821515_n.jpg 477w\" sizes=\"(max-width: 300px) 100vw, 300px\" \/><\/a><\/p>\n<p>&nbsp;<\/p>\n<!-- AddThis Advanced Settings generic via filter on the_content --><!-- AddThis Share Buttons generic via filter on the_content -->","protected":false},"excerpt":{"rendered":"<p>Compartimos la invitaci\u00f3n de la IAM Diocesana: Se viene! Se viene! Te lo vas a perder? NOOOOOOO!!! VII Encuentro Diocesano de Infancia y Adolescencia Misionera. [&hellip;]<!-- AddThis Advanced Settings generic via filter on get_the_excerpt --><!-- AddThis Share Buttons generic via filter on get_the_excerpt --><\/p>\n","protected":false},"author":2,"featured_media":7200,"comment_status":"open","ping_status":"open","sticky":false,"template":"","format":"standard","meta":{"footnotes":""},"categories":[1],"tags":[],"class_list":["post-7199","post","type-post","status-publish","format-standard","has-post-thumbnail","hentry","category-noticiasdiocesanas"],"_links":{"self":[{"href":"https:\/\/obispadodezaratecampana.org\/index.php?rest_route=\/wp\/v2\/posts\/7199","targetHints":{"allow":["GET"]}}],"collection":[{"href":"https:\/\/obispadodezaratecampana.org\/index.php?rest_route=\/wp\/v2\/posts"}],"about":[{"href":"https:\/\/obispadodezaratecampana.org\/index.php?rest_route=\/wp\/v2\/types\/post"}],"author":[{"embeddable":true,"href":"https:\/\/obispadodezaratecampana.org\/index.php?rest_route=\/wp\/v2\/users\/2"}],"replies":[{"embeddable":true,"href":"https:\/\/obispadodezaratecampana.org\/index.php?rest_route=%2Fwp%2Fv2%2Fcomments&post=7199"}],"version-history":[{"count":1,"href":"https:\/\/obispadodezaratecampana.org\/index.php?rest_route=\/wp\/v2\/posts\/7199\/revisions"}],"predecessor-version":[{"id":7202,"href":"https:\/\/obispadodezaratecampana.org\/index.php?rest_route=\/wp\/v2\/posts\/7199\/revisions\/7202"}],"wp:featuredmedia":[{"embeddable":true,"href":"https:\/\/obispadodezaratecampana.org\/index.php?rest_route=\/wp\/v2\/media\/7200"}],"wp:attachment":[{"href":"https:\/\/obispadodezaratecampana.org\/index.php?rest_route=%2Fwp%2Fv2%2Fmedia&parent=7199"}],"wp:term":[{"taxonomy":"category","embeddable":true,"href":"https:\/\/obispadodezaratecampana.org\/index.php?rest_route=%2Fwp%2Fv2%2Fcategories&post=7199"},{"taxonomy":"post_tag","embeddable":true,"href":"https:\/\/obispadodezaratecampana.org\/index.php?rest_route=%2Fwp%2Fv2%2Ftags&post=7199"}],"curies":[{"name":"wp","href":"https:\/\/api.w.org\/{rel}","templated":true}]}}