{"id":7192,"date":"2014-09-21T23:49:13","date_gmt":"2014-09-22T02:49:13","guid":{"rendered":"http:\/\/obispadodezaratecampana.org\/?p=7192"},"modified":"2014-09-21T23:49:13","modified_gmt":"2014-09-22T02:49:13","slug":"la-iglesia-necesita-obispos-que-sepan-arrodillarse-ante-los-demas-para-lavarles-los-pies","status":"publish","type":"post","link":"https:\/\/obispadodezaratecampana.org\/?p=7192","title":{"rendered":"La Iglesia necesita obispos que sepan arrodillarse ante los dem\u00e1s para lavarles los pies"},"content":{"rendered":"<p>\u201cSe advierte hoy la imperiosa necesidad de una conversi\u00f3n misionera\u201d. Una conversi\u00f3n que tiene que ver con cada bautizado y con cada parroquia, pero que los pastores \u201cest\u00e1n llamados a vivir y a testimoniar en primera persona\u201d. Es lo que subray\u00f3 el Papa Francisco al encontrar este s\u00e1bado a los obispos participantes en el Seminario promovido por la Congregaci\u00f3n para la Evangelizaci\u00f3n de los Pueblos. Los desaf\u00edos del mundo actual \u201chacen a\u00fan m\u00e1s ardua la misi\u00f3n de los obispos\u201d, record\u00f3 el Santo Padre, notando adem\u00e1s que el servicio a la humanidad es el fulcro de la \u201cconversi\u00f3n misionera de la Iglesia\u201d, llamada a imitar \u201cal Se\u00f1or que ha lavado los pies a sus disc\u00edpulos\u201d. \u201cLa Iglesia, en cuanto comunidad evangelizadora, est\u00e1 llamada a crecer en la proximidad, a acortar las distancias, a abajarse hasta la humillaci\u00f3n si es necesario\u201d. \u201cLos obispos \u2013 observ\u00f3 el Papa &#8211; deben comportarse \u2018como aquellos que sirven\u2019, teniendo siempre presente el ejemplo del Buen Pastor\u201d. La Iglesia -subray\u00f3 &#8211; tiene necesidad de pastores, de servidores, \u201cde obispos que sepan arrodillarse ante los dem\u00e1s para lavarles los pies\u201d. \u201cPastores cercanos a la gente, padres y hermanos mansos, pacientes y misericordiosos; que amen la pobreza, ya sea como libertad para el Se\u00f1or, que como sencillez y austeridad de vida\u201d. Un ejemplo luminoso de tal servicio pastoral \u2013record\u00f3 el Pont\u00edfice \u2013 \u201cson los santos M\u00e1rtires coreanos, Andrea Kim Taeg\u014fn, sacerdote, Pablo Ch\u014fng Hasang y compa\u00f1eros\u201d, cuya memoria lit\u00fargica se celebra hoy. \u201cAnclados en Cristo, Buen Pastor, no dudaron en derramar la propia sangre por el Evangelio, del cual fueron dispensadores fieles y testimonios heroicos&#8221;. El pensamiento del Papa se dirigi\u00f3 luego a los obispos chinos que, por varios motivos, no han podido participar de este encuentro. \u201c\u00a1Como hubiera querido \u2013 asegur\u00f3 el Obispo de Roma \u2013 que estuviesen presentes hoy! Pero en lo m\u00e1s profundo del coraz\u00f3n deseo que ese d\u00eda no est\u00e9 lejos\u201d. Si a veces pueden tener la sensaci\u00f3n de estar solos \u2013 agreg\u00f3 \u2013 \u201c es m\u00e1s fuerte la certidumbre que sus sufrimientos traer\u00e1n fruto\u201d por el bien de sus fieles y de toda la Iglesia. El Papa Francisco, recordando luego el camino sinodal sobre la familia, pidi\u00f3 a los obispos participantes al Seminario rezar por la pr\u00f3xima Asamblea del S\u00ednodo. \u201cLas familias \u2013 explic\u00f3 \u2013 est\u00e1n a la base de la obra evangelizadora\u201d. En este sentido el Papa alent\u00f3 a los prelados \u201ca promover la pastoral familiar, para que las familias, acompa\u00f1adas y formadas, puedan dar siempre de la mejor manera su aporte a la vida de la Iglesia y de la sociedad\u201d.<\/p>\n<p>Fuente: www.news.va<\/p>\n<!-- AddThis Advanced Settings generic via filter on the_content --><!-- AddThis Share Buttons generic via filter on the_content -->","protected":false},"excerpt":{"rendered":"<p>\u201cSe advierte hoy la imperiosa necesidad de una conversi\u00f3n misionera\u201d. Una conversi\u00f3n que tiene que ver con cada bautizado y con cada parroquia, pero que [&hellip;]<!-- AddThis Advanced Settings generic via filter on get_the_excerpt --><!-- AddThis Share Buttons generic via filter on get_the_excerpt --><\/p>\n","protected":false},"author":2,"featured_media":7193,"comment_status":"open","ping_status":"open","sticky":false,"template":"","format":"standard","meta":{"footnotes":""},"categories":[161],"tags":[],"class_list":["post-7192","post","type-post","status-publish","format-standard","has-post-thumbnail","hentry","category-el-papa-leonxiv"],"_links":{"self":[{"href":"https:\/\/obispadodezaratecampana.org\/index.php?rest_route=\/wp\/v2\/posts\/7192","targetHints":{"allow":["GET"]}}],"collection":[{"href":"https:\/\/obispadodezaratecampana.org\/index.php?rest_route=\/wp\/v2\/posts"}],"about":[{"href":"https:\/\/obispadodezaratecampana.org\/index.php?rest_route=\/wp\/v2\/types\/post"}],"author":[{"embeddable":true,"href":"https:\/\/obispadodezaratecampana.org\/index.php?rest_route=\/wp\/v2\/users\/2"}],"replies":[{"embeddable":true,"href":"https:\/\/obispadodezaratecampana.org\/index.php?rest_route=%2Fwp%2Fv2%2Fcomments&post=7192"}],"version-history":[{"count":1,"href":"https:\/\/obispadodezaratecampana.org\/index.php?rest_route=\/wp\/v2\/posts\/7192\/revisions"}],"predecessor-version":[{"id":7194,"href":"https:\/\/obispadodezaratecampana.org\/index.php?rest_route=\/wp\/v2\/posts\/7192\/revisions\/7194"}],"wp:featuredmedia":[{"embeddable":true,"href":"https:\/\/obispadodezaratecampana.org\/index.php?rest_route=\/wp\/v2\/media\/7193"}],"wp:attachment":[{"href":"https:\/\/obispadodezaratecampana.org\/index.php?rest_route=%2Fwp%2Fv2%2Fmedia&parent=7192"}],"wp:term":[{"taxonomy":"category","embeddable":true,"href":"https:\/\/obispadodezaratecampana.org\/index.php?rest_route=%2Fwp%2Fv2%2Fcategories&post=7192"},{"taxonomy":"post_tag","embeddable":true,"href":"https:\/\/obispadodezaratecampana.org\/index.php?rest_route=%2Fwp%2Fv2%2Ftags&post=7192"}],"curies":[{"name":"wp","href":"https:\/\/api.w.org\/{rel}","templated":true}]}}