{"id":7175,"date":"2014-09-21T22:39:30","date_gmt":"2014-09-22T01:39:30","guid":{"rendered":"http:\/\/obispadodezaratecampana.org\/?p=7175"},"modified":"2014-09-22T16:47:02","modified_gmt":"2014-09-22T19:47:02","slug":"cd-a-favor-del-seminario-san-pedro-y-san-pablo","status":"publish","type":"post","link":"https:\/\/obispadodezaratecampana.org\/?p=7175","title":{"rendered":"CD a beneficio del Seminario San Pedro y San Pablo"},"content":{"rendered":"<p>El Seminario San Pedro y San Pablo de la di\u00f3cesis de Z\u00e1rate &#8211; Campana ha grabado un CD de m\u00fasica popular religiosa destinado al sostenimiento del mismo Seminario. El CD &#8220;Lev\u00e1ntate&#8221; fue grabado durante gran parte del 2014 y ser\u00e1 presentado oficialmente en la VIII Misi\u00f3n Juvenil Diocesana, el 3, 4 y 5 de octubre en Maq. Savio (Escobar).<\/p>\n<p>El trabajo se compone de diversos covers de m\u00fasica religiosa popular reconocida y fue realizado de forma conjunta por los seminaristas y sacerdotes formadores.\u00a0Su venta ser\u00e1 a favor del sostenimiento diario del Seminario. Se podr\u00e1 adquirir llamando al 03489 421010 o por medio de los seminaristas. Asimismo se agradece el compartir la noticia para que mas personas conozcan la iniciativa.<\/p>\n<p><iframe src=\"\/\/www.youtube.com\/embed\/fwMp6jtNRr0\" width=\"640\" height=\"360\" frameborder=\"0\" allowfullscreen=\"allowfullscreen\"><\/iframe><\/p>\n<!-- AddThis Advanced Settings generic via filter on the_content --><!-- AddThis Share Buttons generic via filter on the_content -->","protected":false},"excerpt":{"rendered":"<p>El Seminario San Pedro y San Pablo de la di\u00f3cesis de Z\u00e1rate &#8211; Campana ha grabado un CD de m\u00fasica popular religiosa destinado al sostenimiento [&hellip;]<!-- AddThis Advanced Settings generic via filter on get_the_excerpt --><!-- AddThis Share Buttons generic via filter on get_the_excerpt --><\/p>\n","protected":false},"author":1,"featured_media":7176,"comment_status":"open","ping_status":"open","sticky":false,"template":"","format":"standard","meta":{"footnotes":""},"categories":[1],"tags":[],"class_list":["post-7175","post","type-post","status-publish","format-standard","has-post-thumbnail","hentry","category-noticiasdiocesanas"],"_links":{"self":[{"href":"https:\/\/obispadodezaratecampana.org\/index.php?rest_route=\/wp\/v2\/posts\/7175","targetHints":{"allow":["GET"]}}],"collection":[{"href":"https:\/\/obispadodezaratecampana.org\/index.php?rest_route=\/wp\/v2\/posts"}],"about":[{"href":"https:\/\/obispadodezaratecampana.org\/index.php?rest_route=\/wp\/v2\/types\/post"}],"author":[{"embeddable":true,"href":"https:\/\/obispadodezaratecampana.org\/index.php?rest_route=\/wp\/v2\/users\/1"}],"replies":[{"embeddable":true,"href":"https:\/\/obispadodezaratecampana.org\/index.php?rest_route=%2Fwp%2Fv2%2Fcomments&post=7175"}],"version-history":[{"count":5,"href":"https:\/\/obispadodezaratecampana.org\/index.php?rest_route=\/wp\/v2\/posts\/7175\/revisions"}],"predecessor-version":[{"id":7196,"href":"https:\/\/obispadodezaratecampana.org\/index.php?rest_route=\/wp\/v2\/posts\/7175\/revisions\/7196"}],"wp:featuredmedia":[{"embeddable":true,"href":"https:\/\/obispadodezaratecampana.org\/index.php?rest_route=\/wp\/v2\/media\/7176"}],"wp:attachment":[{"href":"https:\/\/obispadodezaratecampana.org\/index.php?rest_route=%2Fwp%2Fv2%2Fmedia&parent=7175"}],"wp:term":[{"taxonomy":"category","embeddable":true,"href":"https:\/\/obispadodezaratecampana.org\/index.php?rest_route=%2Fwp%2Fv2%2Fcategories&post=7175"},{"taxonomy":"post_tag","embeddable":true,"href":"https:\/\/obispadodezaratecampana.org\/index.php?rest_route=%2Fwp%2Fv2%2Ftags&post=7175"}],"curies":[{"name":"wp","href":"https:\/\/api.w.org\/{rel}","templated":true}]}}