{"id":7161,"date":"2014-09-21T18:54:36","date_gmt":"2014-09-21T21:54:36","guid":{"rendered":"http:\/\/obispadodezaratecampana.org\/?p=7161"},"modified":"2014-09-21T19:35:11","modified_gmt":"2014-09-21T22:35:11","slug":"la-iglesia-universal-y-misionera-no-puede-encerrarse-en-si-misma","status":"publish","type":"post","link":"https:\/\/obispadodezaratecampana.org\/?p=7161","title":{"rendered":"La Iglesia, universal y misionera, no puede encerrarse en s\u00ed misma"},"content":{"rendered":"<p id=\"ecxd1cf7982-3bef-a734-3bc9-541981fee15a\" style=\"color: #444444;\">Ciudad del Vaticano, 17 septiembre 2014 (VIS).-El significado de los t\u00e9rminos cat\u00f3lica y apost\u00f3lica, cuando se habla de la Iglesia ha sido el tema de la catequesis del Papa Francisco en la catequesis de la audiencia general de los mi\u00e9rcoles en la Plaza de San Pedro a la que han asistido 50.000 personas.<\/p>\n<p style=\"color: #444444;\">En la profesi\u00f3n de fe afirmamos que creemos en una iglesia cat\u00f3lica y apost\u00f3lica. &#8221;Cat\u00f3lica -ha dicho el Santo Padre- significa universal&#8230; y un signo evidente de esa catolicidad es que habla todas las lenguas; este hecho no es m\u00e1s que el efecto de Pentecost\u00e9s: Fue efectivamente el Esp\u00edritu Santo, el que dio a los ap\u00f3stoles y a toda la Iglesia la capacidad de llevar a todos, hasta los confines de la tierra, la hermosa noticia, de la salvaci\u00f3n y del amor de Dios. La Iglesia nace cat\u00f3lica, es decir &#8221;sinf\u00f3nica&#8217; desde el principio y no puede por menos que ser cat\u00f3lica, es decir proyectada a la evangelizaci\u00f3n y al encuentro con todos&#8221;. El Papa, recordando que todos pueden leer la palabra de Dios en su propio idioma, ha renovado la invitaci\u00f3n a llevar siempre un evangelio consigo para leer uno o dos pasajes a lo largo de la jornada.<\/p>\n<p style=\"color: #444444;\">Si la Iglesia nace cat\u00f3lica quiere decir que &#8216;nace en salida, misionera.&#8221;Si los ap\u00f3stoles se hubieran quedado en el Cen\u00e1culo sin salir a llevar el Evangelio- ha destacado- la Iglesia habr\u00eda sido solamente la Iglesia de aquel pueblo, de aquella ciudad, de aquel cen\u00e1culo. Pero todos salieron por el mundo, desde el momento del nacimiento de la Iglesia, desde el momento en que descendi\u00f3 el Esp\u00edritu Santo Es lo que expresamos llam\u00e1ndola apost\u00f3lica&#8221; porque El ap\u00f3stol es el que lleva la buena noticia de la resurrecci\u00f3n de Jes\u00fas. Un t\u00e9rmino que recuerda que la Iglesia, sobre el fundamento de los ap\u00f3stoles y en continuidad con ellos- fueron los ap\u00f3stoles quienes salieron, y fundaron nuevas iglesias, consagraron nuevos obispos y as\u00ed por todo el mundo, en continuidad. Hoy todos nosotros estamos en continuidad con aquel grupo de ap\u00f3stoles que recibi\u00f3 el Esp\u00edritu Santo y despu\u00e9s, &#8221;sali\u00f3&#8217; a predicar-est\u00e1 enviada a llevar a todos los seres humanos este anuncio del evangelio, acompa\u00f1\u00e1ndolo con los signos de la ternura y la potencia de Dios&#8221;..<\/p>\n<p style=\"color: #444444;\">&#8221;Y esto -ha continuado Francisco- tambi\u00e9n se deriva del evento de Pentecost\u00e9s: El Esp\u00edritu Santo, en efecto, supera cualquier resistencia, vence la tentaci\u00f3n de encerrarse en s\u00ed mismos, entre pocos elegidos, y de considerarse los \u00fanicos destinatarios de la bendici\u00f3n de Dios. Si un grupo de cristianos hace esto y dice: &#8221;Nosotros somos los elegidos, nosotros solamente&#8221;, al final mueren. Mueren primero en el alma y despu\u00e9s morir\u00e1n en el cuerpo porque no tiene vida, no son capaces de generar vida, otra gente, otros pueblos. No son apost\u00f3licos. El Esp\u00edritu Santo es precisamente el que nos lleva al encuentro de los hermanos, incluso a los m\u00e1s distantes, en todos los sentidos, para que puedan compartir con nosotros el amor, la paz, la alegr\u00eda que el Resucitado nos ha dejado en don&#8221;.<\/p>\n<p style=\"color: #444444;\">&#8221;\u00bfQue comporta para nuestras comunidades y para cada uno de nosotros formar parte de una Iglesia que es cat\u00f3lica y apost\u00f3lica? &#8221;En primer lugar -ha explicado- significa preocuparse por la salvaci\u00f3n de toda la humanidad, no sentirse indiferentes o ajenos frente a la suerte de tantos hermanos nuestros, sino abiertos y solidarios con ellos. Significa, adem\u00e1s, tener sentido de la plenitud, de lo completo, de la armon\u00eda de la vida cristiana, rechazando siempre las posturas parciales, unilaterales, que nos encierran en nosotros mismos&#8221;.<\/p>\n<p style=\"color: #444444;\">Formar parte de la Iglesia apost\u00f3lica quiere decir &#8221;ser conscientes de que nuestra fe est\u00e1 anclada en el anuncio y el testimonio de los mismos ap\u00f3stoles de Jes\u00fas: est\u00e1 anclada all\u00ed, una larga cadena que viene desde all\u00ed y por lo tanto sentirnos siempre enviados, mandados, en comuni\u00f3n con los sucesores de los ap\u00f3stoles, para anunciar , con el coraz\u00f3n lleno de alegr\u00eda, a Cristo y su amor a toda la humanidad&#8221;.<\/p>\n<p style=\"color: #444444;\">Francisco ha querido recordar aqu\u00ed &#8221;la vida heroica&#8221; de todos los misioneros y misioneras que dejaron sus pa\u00edses de origen para llevar el evangelio a todos e invit\u00f3 a dar gracias a Dios porque la Iglesia ha tenido y tiene misioneros y misioneras y seguir\u00e1 teniendo necesidad de ellos y ellas .<\/p>\n<p style=\"color: #444444;\">&#8221;Pidamos ahora al Se\u00f1or -ha concluido-que renueve en nosotros el don de su Esp\u00edritu, para que cada comunidad cristiana y cada bautizado sea expresi\u00f3n de la santa madre Iglesia, cat\u00f3lica y apost\u00f3lica&#8221;.<\/p>\n<p style=\"color: #444444;\">Fuente: www.news.va<\/p>\n<!-- AddThis Advanced Settings generic via filter on the_content --><!-- AddThis Share Buttons generic via filter on the_content -->","protected":false},"excerpt":{"rendered":"<p>Ciudad del Vaticano, 17 septiembre 2014 (VIS).-El significado de los t\u00e9rminos cat\u00f3lica y apost\u00f3lica, cuando se habla de la Iglesia ha sido el tema de [&hellip;]<!-- AddThis Advanced Settings generic via filter on get_the_excerpt --><!-- AddThis Share Buttons generic via filter on get_the_excerpt --><\/p>\n","protected":false},"author":2,"featured_media":7168,"comment_status":"open","ping_status":"open","sticky":false,"template":"","format":"standard","meta":{"footnotes":""},"categories":[161],"tags":[],"class_list":["post-7161","post","type-post","status-publish","format-standard","has-post-thumbnail","hentry","category-el-papa-leonxiv"],"_links":{"self":[{"href":"https:\/\/obispadodezaratecampana.org\/index.php?rest_route=\/wp\/v2\/posts\/7161","targetHints":{"allow":["GET"]}}],"collection":[{"href":"https:\/\/obispadodezaratecampana.org\/index.php?rest_route=\/wp\/v2\/posts"}],"about":[{"href":"https:\/\/obispadodezaratecampana.org\/index.php?rest_route=\/wp\/v2\/types\/post"}],"author":[{"embeddable":true,"href":"https:\/\/obispadodezaratecampana.org\/index.php?rest_route=\/wp\/v2\/users\/2"}],"replies":[{"embeddable":true,"href":"https:\/\/obispadodezaratecampana.org\/index.php?rest_route=%2Fwp%2Fv2%2Fcomments&post=7161"}],"version-history":[{"count":1,"href":"https:\/\/obispadodezaratecampana.org\/index.php?rest_route=\/wp\/v2\/posts\/7161\/revisions"}],"predecessor-version":[{"id":7162,"href":"https:\/\/obispadodezaratecampana.org\/index.php?rest_route=\/wp\/v2\/posts\/7161\/revisions\/7162"}],"wp:featuredmedia":[{"embeddable":true,"href":"https:\/\/obispadodezaratecampana.org\/index.php?rest_route=\/wp\/v2\/media\/7168"}],"wp:attachment":[{"href":"https:\/\/obispadodezaratecampana.org\/index.php?rest_route=%2Fwp%2Fv2%2Fmedia&parent=7161"}],"wp:term":[{"taxonomy":"category","embeddable":true,"href":"https:\/\/obispadodezaratecampana.org\/index.php?rest_route=%2Fwp%2Fv2%2Fcategories&post=7161"},{"taxonomy":"post_tag","embeddable":true,"href":"https:\/\/obispadodezaratecampana.org\/index.php?rest_route=%2Fwp%2Fv2%2Ftags&post=7161"}],"curies":[{"name":"wp","href":"https:\/\/api.w.org\/{rel}","templated":true}]}}