{"id":7134,"date":"2014-09-16T17:39:11","date_gmt":"2014-09-16T20:39:11","guid":{"rendered":"http:\/\/obispadodezaratecampana.org\/?p=7134"},"modified":"2014-09-16T19:10:09","modified_gmt":"2014-09-16T22:10:09","slug":"nuevo-encuentro-en-el-marco-de-la-catedra-de-ecumenismo-y-dialogo-interreligioso-en-campana","status":"publish","type":"post","link":"https:\/\/obispadodezaratecampana.org\/?p=7134","title":{"rendered":"Nuevo encuentro en el marco de la c\u00e1tedra de ecumenismo y di\u00e1logo interreligioso en Campana"},"content":{"rendered":"<p>El Instituto de Formaci\u00f2n Superior Docente San Pedro y San Pablo, Av. Peron 313 de Campana, en el marco del Departamento de Extensi\u00f3n, bajo la coordinaci\u00f3n del P. Dr. N\u00e9stor Villa el d\u00eda lunes 15 de septiembre a las 20.30 horas desde la c\u00e1tedra Ecumenismo y Di\u00e1logo Interreligioso recibi\u00f2 al miembro del Consejo Nacional de la Religi\u00f3n Baha\u00ed, Lic. Dar\u00edo Saeed y al Prof. Fabi\u00e0n Beramendi, secretario administrativo de dicho Consejo. Disertaron, dialogaron y compartieron una jornada con alumnos y profesores acerca del origen y contenido de ese credo de origen persa, en el siglo XIX, y la proyecci\u00f3n del mismo en Argentina y el mundo, habida cuenta que aunque con solo seis millones de adeptos, es la religi\u00f3n m\u00e1s extendida en etnias, pa\u00edses y naciones despu\u00e9s del cristianismo. Recibidos por el Secretario Acad\u00e8mico del Instituto Prof. Ricardo Javier Di Deo, contando con la presencia, adem\u00e1s del mencionado secretario, de los profesores Pbro. Lic. Fernando Crevatin y Lic. Francisco Fernandez Ruiz, seminaristas, y alumnos externos, como asimismo miembros de \u201cMatrimonios Rog\u201d de la Parroquia Ntra. Sra. del Carmen de Campana donde se realizara el a\u00f1o pasado un evento interreligioso entre cat\u00f3licos y baha\u00ecs, el P. N\u00e8stor Villa, titular de la c\u00e1tedra de Di\u00e0logo Interreligioso les present\u00f2, efectuando Dar\u00eco una semblanza de doctrina y pr\u00e0ctica del Bahaismo, completada por Fabi\u00e0n, y seguido de un ameno debate y preguntas espont\u00e0neas. La charla fu\u00e8 precedida por una oraci\u00f3n mariana, la alabanza de San Sim\u00f2n Stock a la Sant\u00ecsima Virgen de monte Carmelo, por el P. N\u00e8stor y una oraci\u00f3n del devocionario bahai a cargo de Dar\u00eco. Cabe destacar que el Monte Carmelo, santo para el catolicismo, el juda\u00edsmo y el islam, lo es para esta cuarta religi\u00f3n monote\u00edsta, debido a que la Casa Universal de Justicia, donde reposan los restos de sus fundadores est\u00e0 situado y es emblem\u00e1tico de dicho monte, visible desde Haifa (Israel). Otro tanto en la despedida los alumnos recitaron el \u201cOh Se\u00f1or ven pronto y alumbra la noche\u201d del Libro de las celestes Revelaciones de Santa Br\u00ecgida de Suecia, y Dar\u00eco con otra oraci\u00f3n del devocionario bahai. Creemos importante compartir las palabras de un texto bahai acerca del cristianismo, que pronunciara Dar\u00eco: &#8220;En cuanto a la posici\u00f3n del cristianismo,&#8221; dicen los escritos bah\u00e1&#8217;\u00eds, &#8220;sea dicho sin vacilaci\u00f3n o equ\u00edvoco que su origen divino es incondicionalmente admitido, que la posici\u00f3n de Hijo y la divinidad de Jesucristo son aseveradas sin temor, que la inspiraci\u00f3n divina del Evangelio es plenamente reconocida, que la realidad del misterio de la naturaleza Inmaculada de la Virgen Mar\u00eda es confesada, y la primac\u00eda de Pedro, el Pr\u00edncipe de los Ap\u00f3stoles, es sostenida y defendida. El Fundador de la Fe Cristiana es designado por Bah\u00e1&#8217;u&#8217;ll\u00e1h como el &#8220;Esp\u00edritu de Dios&#8221;, es proclamado como Aquel quien &#8220;apareci\u00f3 por el h\u00e1lito del Esp\u00edritu Santo&#8221;, y es incluso ensalzado como la &#8220;Esencia del Esp\u00edritu.&#8221; Su madre es descrita como &#8220;aquella velada e inmortal, aquella primoros\u00edsima faz,&#8221; y el rango de su Hijo es loado como un &#8220;rango exaltado por encima de las imaginaciones de todos quienes habitan en la tierra,&#8221; mientras que Pedro es reconocido como uno en quien Dios ha causado que &#8220;los misterios de sabidur\u00eda y prolaci\u00f3n fluyan de su boca.&#8221;<\/p>\n<!-- AddThis Advanced Settings generic via filter on the_content --><!-- AddThis Share Buttons generic via filter on the_content -->","protected":false},"excerpt":{"rendered":"<p>El Instituto de Formaci\u00f2n Superior Docente San Pedro y San Pablo, Av. Peron 313 de Campana, en el marco del Departamento de Extensi\u00f3n, bajo la [&hellip;]<!-- AddThis Advanced Settings generic via filter on get_the_excerpt --><!-- AddThis Share Buttons generic via filter on get_the_excerpt --><\/p>\n","protected":false},"author":1,"featured_media":7135,"comment_status":"open","ping_status":"open","sticky":false,"template":"","format":"standard","meta":{"footnotes":""},"categories":[4],"tags":[],"class_list":["post-7134","post","type-post","status-publish","format-standard","has-post-thumbnail","hentry","category-movimientosinstituciones"],"_links":{"self":[{"href":"https:\/\/obispadodezaratecampana.org\/index.php?rest_route=\/wp\/v2\/posts\/7134","targetHints":{"allow":["GET"]}}],"collection":[{"href":"https:\/\/obispadodezaratecampana.org\/index.php?rest_route=\/wp\/v2\/posts"}],"about":[{"href":"https:\/\/obispadodezaratecampana.org\/index.php?rest_route=\/wp\/v2\/types\/post"}],"author":[{"embeddable":true,"href":"https:\/\/obispadodezaratecampana.org\/index.php?rest_route=\/wp\/v2\/users\/1"}],"replies":[{"embeddable":true,"href":"https:\/\/obispadodezaratecampana.org\/index.php?rest_route=%2Fwp%2Fv2%2Fcomments&post=7134"}],"version-history":[{"count":2,"href":"https:\/\/obispadodezaratecampana.org\/index.php?rest_route=\/wp\/v2\/posts\/7134\/revisions"}],"predecessor-version":[{"id":7139,"href":"https:\/\/obispadodezaratecampana.org\/index.php?rest_route=\/wp\/v2\/posts\/7134\/revisions\/7139"}],"wp:featuredmedia":[{"embeddable":true,"href":"https:\/\/obispadodezaratecampana.org\/index.php?rest_route=\/wp\/v2\/media\/7135"}],"wp:attachment":[{"href":"https:\/\/obispadodezaratecampana.org\/index.php?rest_route=%2Fwp%2Fv2%2Fmedia&parent=7134"}],"wp:term":[{"taxonomy":"category","embeddable":true,"href":"https:\/\/obispadodezaratecampana.org\/index.php?rest_route=%2Fwp%2Fv2%2Fcategories&post=7134"},{"taxonomy":"post_tag","embeddable":true,"href":"https:\/\/obispadodezaratecampana.org\/index.php?rest_route=%2Fwp%2Fv2%2Ftags&post=7134"}],"curies":[{"name":"wp","href":"https:\/\/api.w.org\/{rel}","templated":true}]}}