{"id":7115,"date":"2014-09-11T22:56:59","date_gmt":"2014-09-12T01:56:59","guid":{"rendered":"http:\/\/obispadodezaratecampana.org\/?p=7115"},"modified":"2014-09-11T23:58:12","modified_gmt":"2014-09-12T02:58:12","slug":"fiesta-de-la-exaltacion-de-la-cruz","status":"publish","type":"post","link":"https:\/\/obispadodezaratecampana.org\/?p=7115","title":{"rendered":"FIESTA DE LA EXALTACION DE LA CRUZ"},"content":{"rendered":"<p style=\"text-align: left;\">Querida comunidad, les compartimos estas palabras de nuestro Obispo, publicadas en su cuenta perfil de facebook acerca de la pr\u00f3xima fiesta &#8211; 14 de septiembre- de la Exaltaci\u00f3n de la Cruz (Monse\u00f1or Oscar estar\u00e1 presidiendo la Santa Misa, a las 10:00 hs de la ma\u00f1ana en la Pquia. Exaltaci\u00f3n de la Cruz, de Capilla del Se\u00f1or como hemos anunciado en otras publicaciones):<\/p>\n<p style=\"text-align: left;\"><em>\u00bfReasumiremos esa misi\u00f3n, en esta privilegiada oportunidad de esta Fiesta de la Exaltaci\u00f3n de la Cruz?.<\/em><br \/>\n<em> &#8220;La Cruz gloriosa nos recuerda permanentemente el llamado que hemos recibido a iluminar y ordenar todas las realidades temporales a fin de que siempre se realicen y prosperen seg\u00fan Cristo, y sean para alabanza del Creador y Redentor. Es ese llamado el que nos hace profundizar en la conciencia del hecho que la Iglesia camina junto con toda la humanidad, y experimenta junto con el mundo la misma suerte terrena, y es como el fermento, y casi el alma, de la sociedad humana. \u00bfReasumiremos esa misi\u00f3n, en esta privilegiada oportunidad de esta Fiesta de la Exaltaci\u00f3n de la Cruz?. Porque el Se\u00f1or nos habla, se dirige al interior de nuestros corazones, nos impulsa a asumir su Amor y llevarlo a los dem\u00e1s. A todo don, le corresponde una responsabilidad. Y \u00e9sta se realiza en la v\u00eda de un camino, personal y comunitario, de fe, entroncado en el Gran Camino que es Jesucristo mismo, el cual no ha venido a ense\u00f1arnos una filosof\u00eda, sino a mostrarnos el camino que conduce a la vida&#8221;.<\/em><br \/>\n<em> +Oscar Sarlinga<\/em><\/p>\n<p style=\"text-align: left;\">Facebook de Monse\u00f1or Oscar Sarlinga:\u00a0<a title=\"oscar\" href=\"https:\/\/www.facebook.com\/monsoscardsarlinga\">https:\/\/www.facebook.com\/monsoscardsarlinga<\/a><\/p>\n<p style=\"text-align: center;\"><a title=\"oscar\" href=\"https:\/\/www.facebook.com\/monsoscardsarlinga\"><img fetchpriority=\"high\" decoding=\"async\" class=\"alignnone size-medium wp-image-7119\" src=\"http:\/\/obispadodezaratecampana.org\/wp-content\/uploads\/2014\/09\/10511310_808059012577785_4789082567623896594_n-300x234.png\" alt=\"10511310_808059012577785_4789082567623896594_n\" width=\"300\" height=\"234\" srcset=\"https:\/\/obispadodezaratecampana.org\/wp-content\/uploads\/2014\/09\/10511310_808059012577785_4789082567623896594_n-300x234.png 300w, https:\/\/obispadodezaratecampana.org\/wp-content\/uploads\/2014\/09\/10511310_808059012577785_4789082567623896594_n.png 563w\" sizes=\"(max-width: 300px) 100vw, 300px\" \/><\/a><\/p>\n<p style=\"text-align: center;\"><a href=\"http:\/\/obispadodezaratecampana.org\/wp-content\/uploads\/2014\/09\/10703740_808059145911105_3555858322435596513_n.jpg\"><img decoding=\"async\" class=\"alignnone size-medium wp-image-7120\" src=\"http:\/\/obispadodezaratecampana.org\/wp-content\/uploads\/2014\/09\/10703740_808059145911105_3555858322435596513_n-300x200.jpg\" alt=\"10703740_808059145911105_3555858322435596513_n\" width=\"300\" height=\"200\" srcset=\"https:\/\/obispadodezaratecampana.org\/wp-content\/uploads\/2014\/09\/10703740_808059145911105_3555858322435596513_n-300x200.jpg 300w, https:\/\/obispadodezaratecampana.org\/wp-content\/uploads\/2014\/09\/10703740_808059145911105_3555858322435596513_n.jpg 613w\" sizes=\"(max-width: 300px) 100vw, 300px\" \/><\/a><\/p>\n<p style=\"text-align: center;\"><img decoding=\"async\" class=\"alignnone size-medium wp-image-7121\" src=\"http:\/\/obispadodezaratecampana.org\/wp-content\/uploads\/2014\/09\/10690005_808058835911136_6821268768658640118_n-200x300.jpg\" alt=\"10690005_808058835911136_6821268768658640118_n\" width=\"200\" height=\"300\" srcset=\"https:\/\/obispadodezaratecampana.org\/wp-content\/uploads\/2014\/09\/10690005_808058835911136_6821268768658640118_n-200x300.jpg 200w, https:\/\/obispadodezaratecampana.org\/wp-content\/uploads\/2014\/09\/10690005_808058835911136_6821268768658640118_n.jpg 640w\" sizes=\"(max-width: 200px) 100vw, 200px\" \/><\/p>\n<p style=\"text-align: center;\">Cruz de San Damian, bendecida por SS Francisco, en su paso por nuestra di\u00f3cesis<\/p>\n<p style=\"text-align: left;\"><img loading=\"lazy\" decoding=\"async\" class=\"alignnone size-medium wp-image-7122 aligncenter\" src=\"http:\/\/obispadodezaratecampana.org\/wp-content\/uploads\/2014\/09\/10320282_808058715911148_1520223686414173753_n-300x199.jpg\" alt=\"10320282_808058715911148_1520223686414173753_n\" width=\"300\" height=\"199\" srcset=\"https:\/\/obispadodezaratecampana.org\/wp-content\/uploads\/2014\/09\/10320282_808058715911148_1520223686414173753_n-300x199.jpg 300w, https:\/\/obispadodezaratecampana.org\/wp-content\/uploads\/2014\/09\/10320282_808058715911148_1520223686414173753_n.jpg 960w\" sizes=\"(max-width: 300px) 100vw, 300px\" \/><\/p>\n<p style=\"text-align: center;\">Incensaci\u00f3n de la Santa Cruz, Parroquia Ntra. Sra. de las Gracias &#8211; Pilar<\/p>\n<p style=\"text-align: left;\"><img loading=\"lazy\" decoding=\"async\" class=\"size-medium wp-image-7123 aligncenter\" src=\"http:\/\/obispadodezaratecampana.org\/wp-content\/uploads\/2014\/09\/1653344_808044602579226_6846401355123118162_n-300x201.jpg\" alt=\"1653344_808044602579226_6846401355123118162_n\" width=\"300\" height=\"201\" srcset=\"https:\/\/obispadodezaratecampana.org\/wp-content\/uploads\/2014\/09\/1653344_808044602579226_6846401355123118162_n-300x201.jpg 300w, https:\/\/obispadodezaratecampana.org\/wp-content\/uploads\/2014\/09\/1653344_808044602579226_6846401355123118162_n.jpg 889w\" sizes=\"(max-width: 300px) 100vw, 300px\" \/><\/p>\n<p style=\"text-align: center;\">La Cruz de Luz. La Exaltaci\u00f3n de la Santa Cruz. &#8220;La Cruz est\u00e1 llena ya, ella misma, de la Luz Pascual, que qued\u00f3 como oculta en la Crucifixi\u00f3n y Muerte del Salvador, pero estall\u00f3 de esplendor en la Resurrecci\u00f3n. Por eso, para nosotros, siempre la Cruz es Cruz Pascual, aunque a veces no alcancemos a discernir su Luz, o \u00e9sta no se haga tan manifiesta en nuestras vidas&#8221;.<br \/>\n+Oscar Sarlinga<\/p>\n<p style=\"text-align: left;\"><strong>Origen de la Fiesta de la Exaltaci\u00f3n de la Cruz<\/strong><\/p>\n<p style=\"text-align: left;\">Les recomendamos este enlace para que conozcan el significado de esta celebraci\u00f3n<\/p>\n<p style=\"text-align: left;\"><a title=\"cruz\" href=\"https:\/\/www.ewtn.com\/spanish\/saints\/Exaltaci%C3%B3n_de_la_Santa_Cruz.htm\">https:\/\/www.ewtn.com\/spanish\/saints\/Exaltaci%C3%B3n_de_la_Santa_Cruz.htm<\/a><\/p>\n<!-- AddThis Advanced Settings generic via filter on the_content --><!-- AddThis Share Buttons generic via filter on the_content -->","protected":false},"excerpt":{"rendered":"<p>Querida comunidad, les compartimos estas palabras de nuestro Obispo, publicadas en su cuenta perfil de facebook acerca de la pr\u00f3xima fiesta &#8211; 14 de septiembre- [&hellip;]<!-- AddThis Advanced Settings generic via filter on get_the_excerpt --><!-- AddThis Share Buttons generic via filter on get_the_excerpt --><\/p>\n","protected":false},"author":2,"featured_media":7123,"comment_status":"open","ping_status":"open","sticky":false,"template":"","format":"standard","meta":{"footnotes":""},"categories":[1],"tags":[],"class_list":["post-7115","post","type-post","status-publish","format-standard","has-post-thumbnail","hentry","category-noticiasdiocesanas"],"_links":{"self":[{"href":"https:\/\/obispadodezaratecampana.org\/index.php?rest_route=\/wp\/v2\/posts\/7115","targetHints":{"allow":["GET"]}}],"collection":[{"href":"https:\/\/obispadodezaratecampana.org\/index.php?rest_route=\/wp\/v2\/posts"}],"about":[{"href":"https:\/\/obispadodezaratecampana.org\/index.php?rest_route=\/wp\/v2\/types\/post"}],"author":[{"embeddable":true,"href":"https:\/\/obispadodezaratecampana.org\/index.php?rest_route=\/wp\/v2\/users\/2"}],"replies":[{"embeddable":true,"href":"https:\/\/obispadodezaratecampana.org\/index.php?rest_route=%2Fwp%2Fv2%2Fcomments&post=7115"}],"version-history":[{"count":6,"href":"https:\/\/obispadodezaratecampana.org\/index.php?rest_route=\/wp\/v2\/posts\/7115\/revisions"}],"predecessor-version":[{"id":7126,"href":"https:\/\/obispadodezaratecampana.org\/index.php?rest_route=\/wp\/v2\/posts\/7115\/revisions\/7126"}],"wp:featuredmedia":[{"embeddable":true,"href":"https:\/\/obispadodezaratecampana.org\/index.php?rest_route=\/wp\/v2\/media\/7123"}],"wp:attachment":[{"href":"https:\/\/obispadodezaratecampana.org\/index.php?rest_route=%2Fwp%2Fv2%2Fmedia&parent=7115"}],"wp:term":[{"taxonomy":"category","embeddable":true,"href":"https:\/\/obispadodezaratecampana.org\/index.php?rest_route=%2Fwp%2Fv2%2Fcategories&post=7115"},{"taxonomy":"post_tag","embeddable":true,"href":"https:\/\/obispadodezaratecampana.org\/index.php?rest_route=%2Fwp%2Fv2%2Ftags&post=7115"}],"curies":[{"name":"wp","href":"https:\/\/api.w.org\/{rel}","templated":true}]}}