{"id":7108,"date":"2014-09-11T20:57:50","date_gmt":"2014-09-11T23:57:50","guid":{"rendered":"http:\/\/obispadodezaratecampana.org\/?p=7108"},"modified":"2014-09-11T20:57:50","modified_gmt":"2014-09-11T23:57:50","slug":"los-desafios-pastorales-de-la-familia-en-el-contexto-de-la-evangelizacion","status":"publish","type":"post","link":"https:\/\/obispadodezaratecampana.org\/?p=7108","title":{"rendered":"Los desaf\u00edos pastorales de la familia en el contexto de la evangelizaci\u00f3n"},"content":{"rendered":"<p>El cardenal Lorenzo Baldisseri, Secretario General del S\u00ednodo de los Obispos, present\u00f3 la lista de los 253 participantes a la pr\u00f3xima Asamblea General del S\u00ednodo de los Obispos que se celebrar\u00e1 en el Vaticano del 5 al 19 de octubre y cuyo tema es \u201cLos desaf\u00edos pastorales de la familia en el contexto de la evangelizaci\u00f3n\u201d.<\/p>\n<p>\u201cLos nombres, dice el purpurado, corresponden a los rostros de personas procedentes de todo el mundo que participar\u00e1n de la Asamblea y cuyo objetivo ser\u00e1: proponer al mundo de hoy la belleza y los valores de la familia, que emergen del anuncio de Jesucristo que disipa el miedo y sostiene la esperanza\u201d.<\/p>\n<p>La lista est\u00e1 compuesta por representantes de los cinco continentes, as\u00ed divididos: 114 presidentes de Conferencias Episcopales, 13 jefes de Iglesias Cat\u00f3licas Orientales \u201csui iuris\u201d, 25 Jefes de Dicasterios de la Curia Romana, 9 miembros del Consejo Ordinario de Secretar\u00eda, el secretario general, el subsecretario, 3 religiosos elegidos por la Uni\u00f3n de Superiores Generales, 26 miembros de nombramiento pontificio. Otros participantes: 8 delegados fraternos, 38 auditores, de los cuales 13 parejas de esposos, 16 expertos. El total de las personas participantes a la Asamblea Sinodal es de 253.<\/p>\n<p>Nueva metodolog\u00eda en el S\u00ednodo<\/p>\n<p>El cardenal Baldisseri explic\u00f3 que en la din\u00e1mica de renovaci\u00f3n de la Iglesia que el papa Francisco quiere, la actualizaci\u00f3n de la instituci\u00f3n sinodal se manifiesta especialmente en el proceso preparatorio y en la din\u00e1mica de las asambleas. Este proyecto, iniciado con la convocaci\u00f3n de la Asamblea Sinodal, se est\u00e1 llevando a cabo de manera nueva o renovada con acciones concretas. El criterio de renovaci\u00f3n es el de pintar primero el cuadro y poner despu\u00e9s el marco.<\/p>\n<p>La normativa en vigor es la v\u00eda por la que corre el tren del desarrollo. Prosiguiendo se dar\u00e1n los pasos necesarios para enmendar normas o eventualmente poner en marcha una reestructura verdadera y propia del organismo sinodal.<\/p>\n<p>El itinerario del pr\u00f3ximo S\u00ednodo tendr\u00e1 dos etapas: la Asamblea General Extraordinaria de 2014 y la Asamblea General Ordinaria de 2015.<\/p>\n<p>Se aplicar\u00e1 una nueva metodolog\u00eda interna de trabajo, que har\u00e1 m\u00e1s din\u00e1mico y participativo su desarrollo con intervenciones y testimonios, y cuyo camino tendr\u00e1 presente la continuidad hacia la segunda etapa, tras la cual se publicar\u00e1 el documento sinodal.<\/p>\n<p>Para ver la lista completa de los convocados:\u00a0<a title=\"sinodo\" href=\"http:\/\/www.aica.org\/documentos-s-U2FudGEgU2VkZSAtIFPtbm9kbyBkZSBsb3MgT2Jpc3Bvcw==-3926\">http:\/\/www.aica.org\/documentos-s-U2FudGEgU2VkZSAtIFPtbm9kbyBkZSBsb3MgT2Jpc3Bvcw==-3926<\/a><\/p>\n<p>Fuente: www.aica.org<\/p>\n<!-- AddThis Advanced Settings generic via filter on the_content --><!-- AddThis Share Buttons generic via filter on the_content -->","protected":false},"excerpt":{"rendered":"<p>El cardenal Lorenzo Baldisseri, Secretario General del S\u00ednodo de los Obispos, present\u00f3 la lista de los 253 participantes a la pr\u00f3xima Asamblea General del S\u00ednodo [&hellip;]<!-- AddThis Advanced Settings generic via filter on get_the_excerpt --><!-- AddThis Share Buttons generic via filter on get_the_excerpt --><\/p>\n","protected":false},"author":2,"featured_media":7110,"comment_status":"open","ping_status":"open","sticky":false,"template":"","format":"standard","meta":{"footnotes":""},"categories":[161],"tags":[],"class_list":["post-7108","post","type-post","status-publish","format-standard","has-post-thumbnail","hentry","category-el-papa-leonxiv"],"_links":{"self":[{"href":"https:\/\/obispadodezaratecampana.org\/index.php?rest_route=\/wp\/v2\/posts\/7108","targetHints":{"allow":["GET"]}}],"collection":[{"href":"https:\/\/obispadodezaratecampana.org\/index.php?rest_route=\/wp\/v2\/posts"}],"about":[{"href":"https:\/\/obispadodezaratecampana.org\/index.php?rest_route=\/wp\/v2\/types\/post"}],"author":[{"embeddable":true,"href":"https:\/\/obispadodezaratecampana.org\/index.php?rest_route=\/wp\/v2\/users\/2"}],"replies":[{"embeddable":true,"href":"https:\/\/obispadodezaratecampana.org\/index.php?rest_route=%2Fwp%2Fv2%2Fcomments&post=7108"}],"version-history":[{"count":2,"href":"https:\/\/obispadodezaratecampana.org\/index.php?rest_route=\/wp\/v2\/posts\/7108\/revisions"}],"predecessor-version":[{"id":7111,"href":"https:\/\/obispadodezaratecampana.org\/index.php?rest_route=\/wp\/v2\/posts\/7108\/revisions\/7111"}],"wp:featuredmedia":[{"embeddable":true,"href":"https:\/\/obispadodezaratecampana.org\/index.php?rest_route=\/wp\/v2\/media\/7110"}],"wp:attachment":[{"href":"https:\/\/obispadodezaratecampana.org\/index.php?rest_route=%2Fwp%2Fv2%2Fmedia&parent=7108"}],"wp:term":[{"taxonomy":"category","embeddable":true,"href":"https:\/\/obispadodezaratecampana.org\/index.php?rest_route=%2Fwp%2Fv2%2Fcategories&post=7108"},{"taxonomy":"post_tag","embeddable":true,"href":"https:\/\/obispadodezaratecampana.org\/index.php?rest_route=%2Fwp%2Fv2%2Ftags&post=7108"}],"curies":[{"name":"wp","href":"https:\/\/api.w.org\/{rel}","templated":true}]}}